{"id":6827,"date":"2023-01-01T12:38:00","date_gmt":"2023-01-01T12:38:00","guid":{"rendered":"https:\/\/www.ametllerorigenwp.com\/?p=6827"},"modified":"2022-12-28T09:10:44","modified_gmt":"2022-12-28T09:10:44","slug":"ja-esta-aqui-el-tortell-de-reis","status":"publish","type":"post","link":"https:\/\/www.ametllerorigenwp.com\/ca\/ja-esta-aqui-el-tortell-de-reis\/","title":{"rendered":"Ja est\u00e0 aqu\u00ed el tortell de Reis!"},"content":{"rendered":"\n<p><strong>Aquest any, tant si et toca el rei com si et toca la fava, el Dia de Reis tindr\u00e0 un final rod\u00f3! Tant rod\u00f3 com el nostre tortell de Reis<\/strong>. Reserva\u2019l a la <a href=\"https:\/\/www.ametllerorigen.com\/ca\/tortell-de-reis-de-massap-ametller-origen-600g\/p?sc=14?utm_source=app&amp;utm_medium=appcat&amp;utm_campaign=&amp;utm_content=1442x498\">botiga online<\/a> i rep-lo a casa o recull-lo a la teva botiga habitual del 3 al 5 de gener.<\/p>\n\n\n\n<p>No et quedis sense el teu tortell i corona\u2019t!<\/p>\n","protected":false},"excerpt":{"rendered":"<p>Aquest any, tant si et toca el rei com si et toca la fava, el Dia de Reis tindr\u00e0 un final rod\u00f3! Tant rod\u00f3 com el nostre tortell de Reis. Reserva\u2019l a la botiga online i rep-lo a casa o recull-lo a la teva botiga habitual del 3 al 5 de gener. No et quedis &hellip; <a href=\"https:\/\/www.ametllerorigenwp.com\/ca\/ja-esta-aqui-el-tortell-de-reis\/\" class=\"more-link\">Continua llegint <span class=\"screen-reader-text\">\u00abJa est\u00e0 aqu\u00ed el tortell de Reis!\u00bb<\/span><\/a><\/p>\n","protected":false},"author":3,"featured_media":6844,"comment_status":"closed","ping_status":"closed","sticky":false,"template":"","format":"standard","meta":{"_uag_custom_page_level_css":"","advgb_blocks_editor_width":"","advgb_blocks_columns_visual_guide":"","footnotes":""},"categories":[2],"tags":[],"class_list":["post-6827","post","type-post","status-publish","format-standard","has-post-thumbnail","hentry","category-noticies"],"author_meta":{"display_name":"Ametller Origen","author_link":"https:\/\/www.ametllerorigenwp.com\/ca\/author\/ao_editor\/"},"featured_img":"https:\/\/www.ametllerorigenwp.com\/wp-content\/uploads\/2023\/01\/IM_Tortell_1-300x102.jpg","uagb_featured_image_src":{"full":["https:\/\/www.ametllerorigenwp.com\/wp-content\/uploads\/2023\/01\/IM_Tortell_1.jpg",1000,340,false],"thumbnail":["https:\/\/www.ametllerorigenwp.com\/wp-content\/uploads\/2023\/01\/IM_Tortell_1-150x150.jpg",150,150,true],"medium":["https:\/\/www.ametllerorigenwp.com\/wp-content\/uploads\/2023\/01\/IM_Tortell_1-300x102.jpg",300,102,true],"medium_large":["https:\/\/www.ametllerorigenwp.com\/wp-content\/uploads\/2023\/01\/IM_Tortell_1-768x261.jpg",768,261,true],"large":["https:\/\/www.ametllerorigenwp.com\/wp-content\/uploads\/2023\/01\/IM_Tortell_1.jpg",840,286,false],"1536x1536":["https:\/\/www.ametllerorigenwp.com\/wp-content\/uploads\/2023\/01\/IM_Tortell_1.jpg",1000,340,false],"2048x2048":["https:\/\/www.ametllerorigenwp.com\/wp-content\/uploads\/2023\/01\/IM_Tortell_1.jpg",1000,340,false],"post-thumbnail":["https:\/\/www.ametllerorigenwp.com\/wp-content\/uploads\/2023\/01\/IM_Tortell_1.jpg",1000,340,false]},"uagb_author_info":{"display_name":"Ametller Origen","author_link":"https:\/\/www.ametllerorigenwp.com\/ca\/author\/ao_editor\/"},"uagb_comment_info":0,"uagb_excerpt":"Aquest any, tant si et toca el rei com si et toca la fava, el Dia de Reis tindr\u00e0 un final rod\u00f3! Tant rod\u00f3 com el nostre tortell de Reis. Reserva\u2019l a la botiga online i rep-lo a casa o recull-lo a la teva botiga habitual del 3 al 5 de gener. No et quedis&hellip;","coauthors":[],"tax_additional":{"categories":{"linked":["<a href=\"https:\/\/www.ametllerorigenwp.com\/ca\/category\/noticies\/\" class=\"advgb-post-tax-term\">Noticies<\/a>"],"unlinked":["<span class=\"advgb-post-tax-term\">Noticies<\/span>"]}},"comment_count":"0","relative_dates":{"created":"Posted 3 anys ago","modified":"Updated 3 anys ago"},"absolute_dates":{"created":"Posted on 1 de gener de 2023","modified":"Updated on 28 de desembre de 2022"},"absolute_dates_time":{"created":"Posted on 1 de gener de 2023 12:38","modified":"Updated on 28 de desembre de 2022 09:10"},"featured_img_caption":"","series_order":"","show_in_app":true,"fecha_inicio_destacado":null,"hora_inicio_visualizacion":null,"minutos_inicio_visualizacion":null,"fecha_final_destacado":null,"hora_final_visualizacion":null,"minutos_final_visualizacion":null,"posicion_visualizacion":null,"estado_destacado":null,"niveles_destacados":null,"url_del_enlace":null,"banner_destacado":null,"posicion_visualizacion_de_la_noticia":null,"estado_noticia":null,"fecha_de_inicio_de_visualizacion_del_tutorial":null,"hora_inicio_visualizacion_tutorial":null,"minutos_inicio_visualizacion_tutorial":null,"fecha_de_final_de_visualizacion_del_tutorial":null,"hora_final_visualizacion_tutorial":null,"minutos_final_visualizacion_tutorial":null,"numero_de_veces_visto":null,"numero_de_veces_total":null,"niveles_tutorial":null,"tutorial_recursos_castellano":null,"tutorial_recursos_catalan":null,"dias_disponibles":null,"dias_de_la_semana":null,"dias_del_mes":null,"other_lang_post_id":null,"lang":"ca","campanya_descripcion":null,"campanya_fecha_inicio":null,"campanya_fecha_fin":null,"campanya_legales":null,"campanya_imagen":null,"campanya_characteristics":null,"campanya_url":null,"campanya_posicion_visualizacion":null,"campanya_estado":null,"_links":{"self":[{"href":"https:\/\/www.ametllerorigenwp.com\/ca\/wp-json\/wp\/v2\/posts\/6827","targetHints":{"allow":["GET"]}}],"collection":[{"href":"https:\/\/www.ametllerorigenwp.com\/ca\/wp-json\/wp\/v2\/posts"}],"about":[{"href":"https:\/\/www.ametllerorigenwp.com\/ca\/wp-json\/wp\/v2\/types\/post"}],"author":[{"embeddable":true,"href":"https:\/\/www.ametllerorigenwp.com\/ca\/wp-json\/wp\/v2\/users\/3"}],"replies":[{"embeddable":true,"href":"https:\/\/www.ametllerorigenwp.com\/ca\/wp-json\/wp\/v2\/comments?post=6827"}],"version-history":[{"count":1,"href":"https:\/\/www.ametllerorigenwp.com\/ca\/wp-json\/wp\/v2\/posts\/6827\/revisions"}],"predecessor-version":[{"id":6828,"href":"https:\/\/www.ametllerorigenwp.com\/ca\/wp-json\/wp\/v2\/posts\/6827\/revisions\/6828"}],"wp:featuredmedia":[{"embeddable":true,"href":"https:\/\/www.ametllerorigenwp.com\/ca\/wp-json\/wp\/v2\/media\/6844"}],"wp:attachment":[{"href":"https:\/\/www.ametllerorigenwp.com\/ca\/wp-json\/wp\/v2\/media?parent=6827"}],"wp:term":[{"taxonomy":"category","embeddable":true,"href":"https:\/\/www.ametllerorigenwp.com\/ca\/wp-json\/wp\/v2\/categories?post=6827"},{"taxonomy":"post_tag","embeddable":true,"href":"https:\/\/www.ametllerorigenwp.com\/ca\/wp-json\/wp\/v2\/tags?post=6827"}],"curies":[{"name":"wp","href":"https:\/\/api.w.org\/{rel}","templated":true}]}}