{"id":7442,"date":"2023-01-22T11:38:14","date_gmt":"2023-01-22T11:38:14","guid":{"rendered":"https:\/\/www.ametllerorigenwp.com\/?p=7442"},"modified":"2023-01-20T11:58:23","modified_gmt":"2023-01-20T11:58:23","slug":"cultivem-mes-de-60-hectarees-per-oferir-te-les-millors-cruciferes","status":"publish","type":"post","link":"https:\/\/www.ametllerorigenwp.com\/ca\/cultivem-mes-de-60-hectarees-per-oferir-te-les-millors-cruciferes\/","title":{"rendered":"Cultivem m\u00e9s de 60 hect\u00e0rees per oferir-te les millors cruc\u00edferes"},"content":{"rendered":"<p>Des dels nostres inicis, com a pagesos que som, <strong>cuidem i cultivem les terres per oferir productes frescos de qualitat genu\u00efna. I \u00e9s que el respecte, la passi\u00f3 i el comprom\u00eds per la terra s\u00f3n claus del nostre ADN<\/strong> des de fa m\u00e9s de 20 anys.<strong> Actualment, comptem amb m\u00e9s de 1.600 hect\u00e0rees de camps de cultiu i arbres fruiters al llarg de l\u2019Eix Mediterrani<\/strong> per oferir-te productes frescos de qualitat genu\u00efna i perllongar les temporades de les verdures, fruites i hortalisses.<\/p>\n<p>M\u00e9s concretament, <strong>pel que fa a les cruc\u00edferes<\/strong>, el producte estrella de la temporada, <strong>tenim m\u00e9s de 12 hect\u00e0rees de camps<\/strong> al <strong>Pened\u00e8s, a les Terres de l\u2019Ebre i al Maresme<\/strong>, on hi cultivem <strong>br\u00f2quil, br\u00f2coli i raves<\/strong>. A m\u00e9s a m\u00e9s, <strong>treballem amb fam\u00edlies pageses associades<\/strong> amb les quals compartim t\u00e8cniques de cultiu per garantir fruites i verdures amb el m\u00e0xim sabor i nutrients. Aquestes fam\u00edlies<strong> cultiven coliflor, br\u00f2quil, romanesco, col de Brussel\u00b7les i col d\u2019olla en 50 hect\u00e0rees situades a les Terres de l\u2019Ebre.<\/strong><\/p>\n<p>Tanmateix, en tots els nostres camps <strong>treballem d\u2019acord els principis de l\u2019agricultura sostenible<\/strong> reduint la petjada de CO<sub>2<\/sub>, la petjada h\u00eddrica i de consum energ\u00e8tic i maximitzant l\u2019absorci\u00f3 de carboni. A m\u00e9s, <strong>treballem amb un circuit de comercialitzaci\u00f3 curt<\/strong>, garantint que tan bon punt el pag\u00e8s ha collit les cruc\u00edferes, aquestes arriben a les nostres botigues en menys de 24 h per a tu.<\/p>\n","protected":false},"excerpt":{"rendered":"<p>Des dels nostres inicis, com a pagesos que som, cuidem i cultivem les terres per oferir productes frescos de qualitat genu\u00efna. I \u00e9s que el respecte, la passi\u00f3 i el comprom\u00eds per la terra s\u00f3n claus del nostre ADN des de fa m\u00e9s de 20 anys. Actualment, comptem amb m\u00e9s de 1.600 hect\u00e0rees de camps &hellip; <a href=\"https:\/\/www.ametllerorigenwp.com\/ca\/cultivem-mes-de-60-hectarees-per-oferir-te-les-millors-cruciferes\/\" class=\"more-link\">Continua llegint <span class=\"screen-reader-text\">\u00abCultivem m\u00e9s de 60 hect\u00e0rees per oferir-te les millors cruc\u00edferes\u00bb<\/span><\/a><\/p>\n","protected":false},"author":3,"featured_media":7443,"comment_status":"closed","ping_status":"closed","sticky":false,"template":"","format":"standard","meta":{"_uag_custom_page_level_css":"","advgb_blocks_editor_width":"","advgb_blocks_columns_visual_guide":"","footnotes":""},"categories":[2],"tags":[],"class_list":["post-7442","post","type-post","status-publish","format-standard","has-post-thumbnail","hentry","category-noticies"],"author_meta":{"display_name":"Ametller Origen","author_link":"https:\/\/www.ametllerorigenwp.com\/ca\/author\/ao_editor\/"},"featured_img":"https:\/\/www.ametllerorigenwp.com\/wp-content\/uploads\/2023\/01\/Proyecto-nuevo-300x102.png","uagb_featured_image_src":{"full":["https:\/\/www.ametllerorigenwp.com\/wp-content\/uploads\/2023\/01\/Proyecto-nuevo.png",1000,340,false],"thumbnail":["https:\/\/www.ametllerorigenwp.com\/wp-content\/uploads\/2023\/01\/Proyecto-nuevo-150x150.png",150,150,true],"medium":["https:\/\/www.ametllerorigenwp.com\/wp-content\/uploads\/2023\/01\/Proyecto-nuevo-300x102.png",300,102,true],"medium_large":["https:\/\/www.ametllerorigenwp.com\/wp-content\/uploads\/2023\/01\/Proyecto-nuevo-768x261.png",768,261,true],"large":["https:\/\/www.ametllerorigenwp.com\/wp-content\/uploads\/2023\/01\/Proyecto-nuevo.png",840,286,false],"1536x1536":["https:\/\/www.ametllerorigenwp.com\/wp-content\/uploads\/2023\/01\/Proyecto-nuevo.png",1000,340,false],"2048x2048":["https:\/\/www.ametllerorigenwp.com\/wp-content\/uploads\/2023\/01\/Proyecto-nuevo.png",1000,340,false],"post-thumbnail":["https:\/\/www.ametllerorigenwp.com\/wp-content\/uploads\/2023\/01\/Proyecto-nuevo.png",1000,340,false]},"uagb_author_info":{"display_name":"Ametller Origen","author_link":"https:\/\/www.ametllerorigenwp.com\/ca\/author\/ao_editor\/"},"uagb_comment_info":0,"uagb_excerpt":"Des dels nostres inicis, com a pagesos que som, cuidem i cultivem les terres per oferir productes frescos de qualitat genu\u00efna. I \u00e9s que el respecte, la passi\u00f3 i el comprom\u00eds per la terra s\u00f3n claus del nostre ADN des de fa m\u00e9s de 20 anys. Actualment, comptem amb m\u00e9s de 1.600 hect\u00e0rees de camps&hellip;","coauthors":[],"tax_additional":{"categories":{"linked":["<a href=\"https:\/\/www.ametllerorigenwp.com\/ca\/category\/noticies\/\" class=\"advgb-post-tax-term\">Noticies<\/a>"],"unlinked":["<span class=\"advgb-post-tax-term\">Noticies<\/span>"]}},"comment_count":"0","relative_dates":{"created":"Posted 3 anys ago","modified":"Updated 3 anys ago"},"absolute_dates":{"created":"Posted on 22 de gener de 2023","modified":"Updated on 20 de gener de 2023"},"absolute_dates_time":{"created":"Posted on 22 de gener de 2023 11:38","modified":"Updated on 20 de gener de 2023 11:58"},"featured_img_caption":"","series_order":"","show_in_app":true,"fecha_inicio_destacado":"20\/01\/2023","hora_inicio_visualizacion":"00","minutos_inicio_visualizacion":"01","fecha_final_destacado":"20\/01\/2023","hora_final_visualizacion":"01","minutos_final_visualizacion":"01","posicion_visualizacion":"01","estado_destacado":["Visible"],"niveles_destacados":["Registrado"],"url_del_enlace":"https:\/\/","banner_destacado":{"ID":6899,"id":6899,"title":"logo300","filename":"logo300.png","filesize":48200,"url":"https:\/\/www.ametllerorigenwp.com\/wp-content\/uploads\/2022\/12\/logo300.png","link":"https:\/\/www.ametllerorigenwp.com\/ca\/?attachment_id=6899","alt":"","author":"8","description":"","caption":"","name":"logo300","status":"inherit","uploaded_to":6887,"date":"2022-12-29 14:23:58","modified":"2022-12-29 14:23:58","menu_order":0,"mime_type":"image\/png","type":"image","subtype":"png","icon":"https:\/\/www.ametllerorigenwp.com\/wp-includes\/images\/media\/default.png","width":482,"height":300,"sizes":{"thumbnail":"https:\/\/www.ametllerorigenwp.com\/wp-content\/uploads\/2022\/12\/logo300-150x150.png","thumbnail-width":150,"thumbnail-height":150,"medium":"https:\/\/www.ametllerorigenwp.com\/wp-content\/uploads\/2022\/12\/logo300-300x187.png","medium-width":300,"medium-height":187,"medium_large":"https:\/\/www.ametllerorigenwp.com\/wp-content\/uploads\/2022\/12\/logo300.png","medium_large-width":482,"medium_large-height":300,"large":"https:\/\/www.ametllerorigenwp.com\/wp-content\/uploads\/2022\/12\/logo300.png","large-width":482,"large-height":300,"1536x1536":"https:\/\/www.ametllerorigenwp.com\/wp-content\/uploads\/2022\/12\/logo300.png","1536x1536-width":482,"1536x1536-height":300,"2048x2048":"https:\/\/www.ametllerorigenwp.com\/wp-content\/uploads\/2022\/12\/logo300.png","2048x2048-width":482,"2048x2048-height":300,"post-thumbnail":"https:\/\/www.ametllerorigenwp.com\/wp-content\/uploads\/2022\/12\/logo300.png","post-thumbnail-width":482,"post-thumbnail-height":300}},"posicion_visualizacion_de_la_noticia":"01","estado_noticia":["Visible"],"fecha_de_inicio_de_visualizacion_del_tutorial":"20\/01\/2023","hora_inicio_visualizacion_tutorial":"01","minutos_inicio_visualizacion_tutorial":"01","fecha_de_final_de_visualizacion_del_tutorial":"20\/01\/2023","hora_final_visualizacion_tutorial":"01","minutos_final_visualizacion_tutorial":"01","numero_de_veces_visto":"01","numero_de_veces_total":"1","niveles_tutorial":["Registrado"],"tutorial_recursos_castellano":false,"tutorial_recursos_catalan":false,"dias_disponibles":"Semana","dias_de_la_semana":["Lunes"],"dias_del_mes":null,"other_lang_post_id":null,"lang":"ca","campanya_descripcion":null,"campanya_fecha_inicio":null,"campanya_fecha_fin":null,"campanya_legales":null,"campanya_imagen":null,"campanya_characteristics":null,"campanya_url":null,"campanya_posicion_visualizacion":null,"campanya_estado":null,"_links":{"self":[{"href":"https:\/\/www.ametllerorigenwp.com\/ca\/wp-json\/wp\/v2\/posts\/7442","targetHints":{"allow":["GET"]}}],"collection":[{"href":"https:\/\/www.ametllerorigenwp.com\/ca\/wp-json\/wp\/v2\/posts"}],"about":[{"href":"https:\/\/www.ametllerorigenwp.com\/ca\/wp-json\/wp\/v2\/types\/post"}],"author":[{"embeddable":true,"href":"https:\/\/www.ametllerorigenwp.com\/ca\/wp-json\/wp\/v2\/users\/3"}],"replies":[{"embeddable":true,"href":"https:\/\/www.ametllerorigenwp.com\/ca\/wp-json\/wp\/v2\/comments?post=7442"}],"version-history":[{"count":2,"href":"https:\/\/www.ametllerorigenwp.com\/ca\/wp-json\/wp\/v2\/posts\/7442\/revisions"}],"predecessor-version":[{"id":7446,"href":"https:\/\/www.ametllerorigenwp.com\/ca\/wp-json\/wp\/v2\/posts\/7442\/revisions\/7446"}],"wp:featuredmedia":[{"embeddable":true,"href":"https:\/\/www.ametllerorigenwp.com\/ca\/wp-json\/wp\/v2\/media\/7443"}],"wp:attachment":[{"href":"https:\/\/www.ametllerorigenwp.com\/ca\/wp-json\/wp\/v2\/media?parent=7442"}],"wp:term":[{"taxonomy":"category","embeddable":true,"href":"https:\/\/www.ametllerorigenwp.com\/ca\/wp-json\/wp\/v2\/categories?post=7442"},{"taxonomy":"post_tag","embeddable":true,"href":"https:\/\/www.ametllerorigenwp.com\/ca\/wp-json\/wp\/v2\/tags?post=7442"}],"curies":[{"name":"wp","href":"https:\/\/api.w.org\/{rel}","templated":true}]}}