{"id":791,"date":"2021-02-15T07:41:44","date_gmt":"2021-02-15T07:41:44","guid":{"rendered":"https:\/\/www.ametllerorigenwp.com\/?p=791"},"modified":"2021-02-22T10:32:43","modified_gmt":"2021-02-22T10:32:43","slug":"neix-femcami","status":"publish","type":"post","link":"https:\/\/www.ametllerorigenwp.com\/ca\/neix-femcami\/","title":{"rendered":"Neix #FemCam\u00ed"},"content":{"rendered":"\n<p class=\"has-dark-gray-color has-text-color\">Des d\u2019Ametller Origen impulsem el moviment<span class=\"has-inline-color has-dark-gray-color\">&nbsp;<a href=\"https:\/\/www.femcami.org\/ca\/\">#FemCam\u00ed<\/a><\/span>&nbsp; per promoure&nbsp;uns h\u00e0bits de vida i consum m\u00e9s saludables i sostenibles. Creiem en els petits canvis, per aix\u00f2&nbsp;ja hem plantat m\u00e9s de 90 llavors que es corresponen a accions de millora en l\u2019\u00e0mbit de la&nbsp;sostenibilitat i la salut. I continuem treballant en noves iniciatives per reduir l\u2019impacte que&nbsp;deixem en el nostre pas pel planeta. Ens pots fer arribar les teves propostes a&nbsp;<a href=\"https:\/\/www.femcami.org\/ca\/uneix-te-al-moviment\/\">femcami.org<\/a>&nbsp;<br><br>Tanmateix, amb el nostre comprom\u00eds amb el medi ambient, ens hem marcat com a objectiu&nbsp;ser una empresa neutra en emissions de CO2 en abast 1, 2 i 3 abans de l\u2019any 2027, vint-i-tres&nbsp;anys abans dels objectius governamentals aprovats en l\u2019Acord de Par\u00eds. Si s\u2019acompleix aquest&nbsp;acord, l\u2019augment de la temperatura al 2100 ser\u00e0 del 2,1\u00baC.<br><br>No podem tirar enrere, per\u00f2 si podem triar com avan\u00e7ar cap a un m\u00f3n m\u00e9s saludable i&nbsp;sostenible. Ara \u00e9s el moment de sumar esfor\u00e7os!<br><br>Fes passos amb nosaltres i per cadascuna de les accions sostenibles i saludables que duguis a&nbsp;terme a les nostres botigues f\u00edsiques o a&nbsp;<a href=\"https:\/\/www.ametllerorigen.com\/ca\/\">la botiga online<\/a>&nbsp; et recompensarem amb passos que podr\u00e0s bescanviar per premis.<br><br><a href=\"https:\/\/www.femcami.org\/ca\/\">Uneix-te al moviment!<\/a>&nbsp;<\/p>\n","protected":false},"excerpt":{"rendered":"<p>Des d\u2019Ametller Origen impulsem el moviment&nbsp;#FemCam\u00ed&nbsp; per promoure&nbsp;uns h\u00e0bits de vida i consum m\u00e9s saludables i sostenibles. Creiem en els petits canvis, per aix\u00f2&nbsp;ja hem plantat m\u00e9s de 90 llavors que es corresponen a accions de millora en l\u2019\u00e0mbit de la&nbsp;sostenibilitat i la salut. I continuem treballant en noves iniciatives per reduir l\u2019impacte que&nbsp;deixem en &hellip; <a href=\"https:\/\/www.ametllerorigenwp.com\/ca\/neix-femcami\/\" class=\"more-link\">Continua llegint <span class=\"screen-reader-text\">\u00abNeix #FemCam\u00ed\u00bb<\/span><\/a><\/p>\n","protected":false},"author":4,"featured_media":827,"comment_status":"open","ping_status":"open","sticky":false,"template":"","format":"standard","meta":{"_uag_custom_page_level_css":"","advgb_blocks_editor_width":"","advgb_blocks_columns_visual_guide":"","footnotes":""},"categories":[2],"tags":[],"class_list":["post-791","post","type-post","status-publish","format-standard","has-post-thumbnail","hentry","category-noticies"],"author_meta":{"display_name":"Pol Alberdola","author_link":"https:\/\/www.ametllerorigenwp.com\/ca\/author\/palberola\/"},"featured_img":"https:\/\/www.ametllerorigenwp.com\/wp-content\/uploads\/2021\/02\/portades_Femcami_TW-op-300x100.jpg","uagb_featured_image_src":{"full":["https:\/\/www.ametllerorigenwp.com\/wp-content\/uploads\/2021\/02\/portades_Femcami_TW-op.jpg",1200,400,false],"thumbnail":["https:\/\/www.ametllerorigenwp.com\/wp-content\/uploads\/2021\/02\/portades_Femcami_TW-op-150x150.jpg",150,150,true],"medium":["https:\/\/www.ametllerorigenwp.com\/wp-content\/uploads\/2021\/02\/portades_Femcami_TW-op-300x100.jpg",300,100,true],"medium_large":["https:\/\/www.ametllerorigenwp.com\/wp-content\/uploads\/2021\/02\/portades_Femcami_TW-op-768x256.jpg",768,256,true],"large":["https:\/\/www.ametllerorigenwp.com\/wp-content\/uploads\/2021\/02\/portades_Femcami_TW-op-1024x341.jpg",840,280,true],"1536x1536":["https:\/\/www.ametllerorigenwp.com\/wp-content\/uploads\/2021\/02\/portades_Femcami_TW-op.jpg",1200,400,false],"2048x2048":["https:\/\/www.ametllerorigenwp.com\/wp-content\/uploads\/2021\/02\/portades_Femcami_TW-op.jpg",1200,400,false],"post-thumbnail":["https:\/\/www.ametllerorigenwp.com\/wp-content\/uploads\/2021\/02\/portades_Femcami_TW-op.jpg",1200,400,false]},"uagb_author_info":{"display_name":"Pol Alberdola","author_link":"https:\/\/www.ametllerorigenwp.com\/ca\/author\/palberola\/"},"uagb_comment_info":0,"uagb_excerpt":"Des d\u2019Ametller Origen impulsem el moviment&nbsp;#FemCam\u00ed&nbsp; per promoure&nbsp;uns h\u00e0bits de vida i consum m\u00e9s saludables i sostenibles. Creiem en els petits canvis, per aix\u00f2&nbsp;ja hem plantat m\u00e9s de 90 llavors que es corresponen a accions de millora en l\u2019\u00e0mbit de la&nbsp;sostenibilitat i la salut. I continuem treballant en noves iniciatives per reduir l\u2019impacte que&nbsp;deixem en&hellip;","coauthors":[],"tax_additional":{"categories":{"linked":["<a href=\"https:\/\/www.ametllerorigenwp.com\/ca\/category\/noticies\/\" class=\"advgb-post-tax-term\">Noticies<\/a>"],"unlinked":["<span class=\"advgb-post-tax-term\">Noticies<\/span>"]}},"comment_count":"0","relative_dates":{"created":"Posted 5 anys ago","modified":"Updated 5 anys ago"},"absolute_dates":{"created":"Posted on 15 de febrer de 2021","modified":"Updated on 22 de febrer de 2021"},"absolute_dates_time":{"created":"Posted on 15 de febrer de 2021 07:41","modified":"Updated on 22 de febrer de 2021 10:32"},"featured_img_caption":"","series_order":"","show_in_app":true,"fecha_inicio_destacado":null,"hora_inicio_visualizacion":null,"minutos_inicio_visualizacion":null,"fecha_final_destacado":null,"hora_final_visualizacion":null,"minutos_final_visualizacion":null,"posicion_visualizacion":null,"estado_destacado":null,"niveles_destacados":null,"url_del_enlace":null,"banner_destacado":null,"posicion_visualizacion_de_la_noticia":null,"estado_noticia":null,"fecha_de_inicio_de_visualizacion_del_tutorial":null,"hora_inicio_visualizacion_tutorial":null,"minutos_inicio_visualizacion_tutorial":null,"fecha_de_final_de_visualizacion_del_tutorial":null,"hora_final_visualizacion_tutorial":null,"minutos_final_visualizacion_tutorial":null,"numero_de_veces_visto":null,"numero_de_veces_total":null,"niveles_tutorial":null,"tutorial_recursos_castellano":null,"tutorial_recursos_catalan":null,"dias_disponibles":null,"dias_de_la_semana":null,"dias_del_mes":null,"other_lang_post_id":794,"lang":"ca","campanya_descripcion":null,"campanya_fecha_inicio":null,"campanya_fecha_fin":null,"campanya_legales":null,"campanya_imagen":null,"campanya_characteristics":null,"campanya_url":null,"campanya_posicion_visualizacion":null,"campanya_estado":null,"_links":{"self":[{"href":"https:\/\/www.ametllerorigenwp.com\/ca\/wp-json\/wp\/v2\/posts\/791","targetHints":{"allow":["GET"]}}],"collection":[{"href":"https:\/\/www.ametllerorigenwp.com\/ca\/wp-json\/wp\/v2\/posts"}],"about":[{"href":"https:\/\/www.ametllerorigenwp.com\/ca\/wp-json\/wp\/v2\/types\/post"}],"author":[{"embeddable":true,"href":"https:\/\/www.ametllerorigenwp.com\/ca\/wp-json\/wp\/v2\/users\/4"}],"replies":[{"embeddable":true,"href":"https:\/\/www.ametllerorigenwp.com\/ca\/wp-json\/wp\/v2\/comments?post=791"}],"version-history":[{"count":8,"href":"https:\/\/www.ametllerorigenwp.com\/ca\/wp-json\/wp\/v2\/posts\/791\/revisions"}],"predecessor-version":[{"id":881,"href":"https:\/\/www.ametllerorigenwp.com\/ca\/wp-json\/wp\/v2\/posts\/791\/revisions\/881"}],"wp:featuredmedia":[{"embeddable":true,"href":"https:\/\/www.ametllerorigenwp.com\/ca\/wp-json\/wp\/v2\/media\/827"}],"wp:attachment":[{"href":"https:\/\/www.ametllerorigenwp.com\/ca\/wp-json\/wp\/v2\/media?parent=791"}],"wp:term":[{"taxonomy":"category","embeddable":true,"href":"https:\/\/www.ametllerorigenwp.com\/ca\/wp-json\/wp\/v2\/categories?post=791"},{"taxonomy":"post_tag","embeddable":true,"href":"https:\/\/www.ametllerorigenwp.com\/ca\/wp-json\/wp\/v2\/tags?post=791"}],"curies":[{"name":"wp","href":"https:\/\/api.w.org\/{rel}","templated":true}]}}