{"id":8123,"date":"2023-03-24T01:00:31","date_gmt":"2023-03-24T01:00:31","guid":{"rendered":"https:\/\/www.ametllerorigenwp.com\/?p=8123"},"modified":"2023-03-23T16:33:16","modified_gmt":"2023-03-23T16:33:16","slug":"visita-aquest-cap-de-setmana-els-nostres-camps-florits","status":"publish","type":"post","link":"https:\/\/www.ametllerorigenwp.com\/ca\/visita-aquest-cap-de-setmana-els-nostres-camps-florits\/","title":{"rendered":"Visita aquest cap de setmana els nostres camps florits"},"content":{"rendered":"<p>Aquest dissabte 25 de mar\u00e7, a les 9:30 h, <strong>coneix de la m\u00e0 del Cintet la floraci\u00f3 dels nostres arbres fruiters que estan en el moment de m\u00e0xima esplendor!<\/strong><\/p>\n<p><strong>T\u2019explicarem quin \u00e9s el seu cicle de vida, les peculiaritats i les t\u00e8cniques de cultiu que apliquem per aconseguir la millor fruita dol\u00e7a.<\/strong> Aquest any, tot i la falta de pluja, esperem que aquestes flors ben aviat ens donin els seus fruits!<\/p>\n<p>Acabarem l\u2019experi\u00e8ncia amb un bon esmorzar per agafar forces.<\/p>\n<p>Apunta\u2019t <a href=\"https:\/\/mercat-autors.ametllerorigen.com\/visitaelsnostrescampsflorits\">aqu\u00ed<\/a> abans que s\u2019esgotin les entrades!<\/p>\n","protected":false},"excerpt":{"rendered":"<p>Aquest dissabte 25 de mar\u00e7, a les 9:30 h, coneix de la m\u00e0 del Cintet la floraci\u00f3 dels nostres arbres fruiters que estan en el moment de m\u00e0xima esplendor! T\u2019explicarem quin \u00e9s el seu cicle de vida, les peculiaritats i les t\u00e8cniques de cultiu que apliquem per aconseguir la millor fruita dol\u00e7a. Aquest any, tot &hellip; <a href=\"https:\/\/www.ametllerorigenwp.com\/ca\/visita-aquest-cap-de-setmana-els-nostres-camps-florits\/\" class=\"more-link\">Continua llegint <span class=\"screen-reader-text\">\u00abVisita aquest cap de setmana els nostres camps florits\u00bb<\/span><\/a><\/p>\n","protected":false},"author":5,"featured_media":8124,"comment_status":"closed","ping_status":"closed","sticky":false,"template":"","format":"standard","meta":{"_uag_custom_page_level_css":"","advgb_blocks_editor_width":"","advgb_blocks_columns_visual_guide":"","footnotes":""},"categories":[2],"tags":[],"class_list":["post-8123","post","type-post","status-publish","format-standard","has-post-thumbnail","hentry","category-noticies"],"author_meta":{"display_name":"Mireia Zaragoza","author_link":"https:\/\/www.ametllerorigenwp.com\/ca\/author\/mzaragoza\/"},"featured_img":"https:\/\/www.ametllerorigenwp.com\/wp-content\/uploads\/2023\/03\/APP_CAMPS_FLORITS_1000x340px-300x102.jpg","uagb_featured_image_src":{"full":["https:\/\/www.ametllerorigenwp.com\/wp-content\/uploads\/2023\/03\/APP_CAMPS_FLORITS_1000x340px.jpg",1000,340,false],"thumbnail":["https:\/\/www.ametllerorigenwp.com\/wp-content\/uploads\/2023\/03\/APP_CAMPS_FLORITS_1000x340px-150x150.jpg",150,150,true],"medium":["https:\/\/www.ametllerorigenwp.com\/wp-content\/uploads\/2023\/03\/APP_CAMPS_FLORITS_1000x340px-300x102.jpg",300,102,true],"medium_large":["https:\/\/www.ametllerorigenwp.com\/wp-content\/uploads\/2023\/03\/APP_CAMPS_FLORITS_1000x340px-768x261.jpg",768,261,true],"large":["https:\/\/www.ametllerorigenwp.com\/wp-content\/uploads\/2023\/03\/APP_CAMPS_FLORITS_1000x340px.jpg",840,286,false],"1536x1536":["https:\/\/www.ametllerorigenwp.com\/wp-content\/uploads\/2023\/03\/APP_CAMPS_FLORITS_1000x340px.jpg",1000,340,false],"2048x2048":["https:\/\/www.ametllerorigenwp.com\/wp-content\/uploads\/2023\/03\/APP_CAMPS_FLORITS_1000x340px.jpg",1000,340,false],"post-thumbnail":["https:\/\/www.ametllerorigenwp.com\/wp-content\/uploads\/2023\/03\/APP_CAMPS_FLORITS_1000x340px.jpg",1000,340,false]},"uagb_author_info":{"display_name":"Mireia Zaragoza","author_link":"https:\/\/www.ametllerorigenwp.com\/ca\/author\/mzaragoza\/"},"uagb_comment_info":0,"uagb_excerpt":"Aquest dissabte 25 de mar\u00e7, a les 9:30 h, coneix de la m\u00e0 del Cintet la floraci\u00f3 dels nostres arbres fruiters que estan en el moment de m\u00e0xima esplendor! T\u2019explicarem quin \u00e9s el seu cicle de vida, les peculiaritats i les t\u00e8cniques de cultiu que apliquem per aconseguir la millor fruita dol\u00e7a. Aquest any, tot&hellip;","coauthors":[],"tax_additional":{"categories":{"linked":["<a href=\"https:\/\/www.ametllerorigenwp.com\/ca\/category\/noticies\/\" class=\"advgb-post-tax-term\">Noticies<\/a>"],"unlinked":["<span class=\"advgb-post-tax-term\">Noticies<\/span>"]}},"comment_count":"0","relative_dates":{"created":"Posted 3 anys ago","modified":"Updated 3 anys ago"},"absolute_dates":{"created":"Posted on 24 de mar\u00e7 de 2023","modified":"Updated on 23 de mar\u00e7 de 2023"},"absolute_dates_time":{"created":"Posted on 24 de mar\u00e7 de 2023 01:00","modified":"Updated on 23 de mar\u00e7 de 2023 16:33"},"featured_img_caption":"","series_order":"","show_in_app":true,"fecha_inicio_destacado":null,"hora_inicio_visualizacion":null,"minutos_inicio_visualizacion":null,"fecha_final_destacado":null,"hora_final_visualizacion":null,"minutos_final_visualizacion":null,"posicion_visualizacion":null,"estado_destacado":null,"niveles_destacados":null,"url_del_enlace":null,"banner_destacado":null,"posicion_visualizacion_de_la_noticia":"01","estado_noticia":["Visible"],"fecha_de_inicio_de_visualizacion_del_tutorial":null,"hora_inicio_visualizacion_tutorial":null,"minutos_inicio_visualizacion_tutorial":null,"fecha_de_final_de_visualizacion_del_tutorial":null,"hora_final_visualizacion_tutorial":null,"minutos_final_visualizacion_tutorial":null,"numero_de_veces_visto":null,"numero_de_veces_total":null,"niveles_tutorial":null,"tutorial_recursos_castellano":null,"tutorial_recursos_catalan":null,"dias_disponibles":null,"dias_de_la_semana":null,"dias_del_mes":null,"other_lang_post_id":null,"lang":"ca","campanya_descripcion":null,"campanya_fecha_inicio":null,"campanya_fecha_fin":null,"campanya_legales":null,"campanya_imagen":null,"campanya_characteristics":null,"campanya_url":null,"campanya_posicion_visualizacion":null,"campanya_estado":null,"_links":{"self":[{"href":"https:\/\/www.ametllerorigenwp.com\/ca\/wp-json\/wp\/v2\/posts\/8123","targetHints":{"allow":["GET"]}}],"collection":[{"href":"https:\/\/www.ametllerorigenwp.com\/ca\/wp-json\/wp\/v2\/posts"}],"about":[{"href":"https:\/\/www.ametllerorigenwp.com\/ca\/wp-json\/wp\/v2\/types\/post"}],"author":[{"embeddable":true,"href":"https:\/\/www.ametllerorigenwp.com\/ca\/wp-json\/wp\/v2\/users\/5"}],"replies":[{"embeddable":true,"href":"https:\/\/www.ametllerorigenwp.com\/ca\/wp-json\/wp\/v2\/comments?post=8123"}],"version-history":[{"count":1,"href":"https:\/\/www.ametllerorigenwp.com\/ca\/wp-json\/wp\/v2\/posts\/8123\/revisions"}],"predecessor-version":[{"id":8126,"href":"https:\/\/www.ametllerorigenwp.com\/ca\/wp-json\/wp\/v2\/posts\/8123\/revisions\/8126"}],"wp:featuredmedia":[{"embeddable":true,"href":"https:\/\/www.ametllerorigenwp.com\/ca\/wp-json\/wp\/v2\/media\/8124"}],"wp:attachment":[{"href":"https:\/\/www.ametllerorigenwp.com\/ca\/wp-json\/wp\/v2\/media?parent=8123"}],"wp:term":[{"taxonomy":"category","embeddable":true,"href":"https:\/\/www.ametllerorigenwp.com\/ca\/wp-json\/wp\/v2\/categories?post=8123"},{"taxonomy":"post_tag","embeddable":true,"href":"https:\/\/www.ametllerorigenwp.com\/ca\/wp-json\/wp\/v2\/tags?post=8123"}],"curies":[{"name":"wp","href":"https:\/\/api.w.org\/{rel}","templated":true}]}}