{"id":8134,"date":"2023-03-25T01:00:03","date_gmt":"2023-03-25T01:00:03","guid":{"rendered":"https:\/\/www.ametllerorigenwp.com\/?p=8134"},"modified":"2023-03-25T09:33:59","modified_gmt":"2023-03-25T09:33:59","slug":"lluitem-junts-contra-el-canvi-climatic","status":"publish","type":"post","link":"https:\/\/www.ametllerorigenwp.com\/ca\/lluitem-junts-contra-el-canvi-climatic\/","title":{"rendered":"Lluitem junts contra el canvi clim\u00e0tic"},"content":{"rendered":"<p>L\u2019\u00faltima d\u00e8cada ha estat la m\u00e9s calorosa de la hist\u00f2ria, una dada que reflecteix la urg\u00e8ncia de prendre mesures dr\u00e0stiques per lluitar contra el canvi clim\u00e0tic. <strong>Aquest diumenge se celebra el Dia Mundial del Clima, al qual ens hi sumem amb el prop\u00f2sit de generar consci\u00e8ncia sobre la import\u00e0ncia de fer cam\u00ed cap a un m\u00f3n m\u00e9s sostenible. <\/strong><\/p>\n<p><strong>A Ametller Origen estem compromesos amb la sostenibilitat, <\/strong>per aix\u00f2, <strong>duem a terme <a href=\"https:\/\/www.youtube.com\/watch?v=W8VOCKxCoGU\">diferents accions di\u00e0ries<\/a> amb l\u2019objectiu de minimitzar l\u2019impacte de la nostra activitat i petjada ambiental i ser una empresa neutra en emissions de CO2 l\u2019any 2027<\/strong>. Algunes d\u2019aquestes accions s\u00f3n:<\/p>\n<ul>\n<li><strong>Hem eliminat m\u00e9s de 50 tones de pl\u00e0stic d\u2019un sol \u00fas a l\u2019any<\/strong> gr\u00e0cies a la implantaci\u00f3 d\u2019envasos m\u00e9s sostenibles com el Halopack d\u2019Hinojosa.<\/li>\n<li><strong>Hem evitat en un any l\u2019emissi\u00f3 de 3,5 milions de kg de CO2 eq gr\u00e0cies a diferents accions per reduir el malbaratament alimentari <\/strong>de la m\u00e0 d\u2019entitats com Too Good To Go.<\/li>\n<\/ul>\n<p>Tanmateix, <strong>seguim avan\u00e7ant cap a un nou model de producci\u00f3 agroaliment\u00e0ria 100% sostenible i circular<\/strong> <strong>amb el qual volem transformar el sector agroalimentari per tal que sigui m\u00e9s sostenible amb l\u2019Agroparc Pened\u00e8s<\/strong>. Un cam\u00ed que nom\u00e9s \u00e9s possible amb la col\u00b7laboraci\u00f3 de tota la comunitat: col\u00b7laboradors, clients, partners, entitats, empreses, institucions\u2026<\/p>\n<p>Continuem avan\u00e7ant cap al m\u00f3n on volem viure!<\/p>\n","protected":false},"excerpt":{"rendered":"<p>L\u2019\u00faltima d\u00e8cada ha estat la m\u00e9s calorosa de la hist\u00f2ria, una dada que reflecteix la urg\u00e8ncia de prendre mesures dr\u00e0stiques per lluitar contra el canvi clim\u00e0tic. Aquest diumenge se celebra el Dia Mundial del Clima, al qual ens hi sumem amb el prop\u00f2sit de generar consci\u00e8ncia sobre la import\u00e0ncia de fer cam\u00ed cap a un &hellip; <a href=\"https:\/\/www.ametllerorigenwp.com\/ca\/lluitem-junts-contra-el-canvi-climatic\/\" class=\"more-link\">Continua llegint <span class=\"screen-reader-text\">\u00abLluitem junts contra el canvi clim\u00e0tic\u00bb<\/span><\/a><\/p>\n","protected":false},"author":5,"featured_media":8131,"comment_status":"closed","ping_status":"closed","sticky":false,"template":"","format":"standard","meta":{"_uag_custom_page_level_css":"","advgb_blocks_editor_width":"","advgb_blocks_columns_visual_guide":"","footnotes":""},"categories":[2],"tags":[],"class_list":["post-8134","post","type-post","status-publish","format-standard","has-post-thumbnail","hentry","category-noticies"],"author_meta":{"display_name":"Mireia Zaragoza","author_link":"https:\/\/www.ametllerorigenwp.com\/ca\/author\/mzaragoza\/"},"featured_img":"https:\/\/www.ametllerorigenwp.com\/wp-content\/uploads\/2023\/03\/APP_CLIMA_1000x340px-300x102.jpg","uagb_featured_image_src":{"full":["https:\/\/www.ametllerorigenwp.com\/wp-content\/uploads\/2023\/03\/APP_CLIMA_1000x340px.jpg",1000,340,false],"thumbnail":["https:\/\/www.ametllerorigenwp.com\/wp-content\/uploads\/2023\/03\/APP_CLIMA_1000x340px-150x150.jpg",150,150,true],"medium":["https:\/\/www.ametllerorigenwp.com\/wp-content\/uploads\/2023\/03\/APP_CLIMA_1000x340px-300x102.jpg",300,102,true],"medium_large":["https:\/\/www.ametllerorigenwp.com\/wp-content\/uploads\/2023\/03\/APP_CLIMA_1000x340px-768x261.jpg",768,261,true],"large":["https:\/\/www.ametllerorigenwp.com\/wp-content\/uploads\/2023\/03\/APP_CLIMA_1000x340px.jpg",840,286,false],"1536x1536":["https:\/\/www.ametllerorigenwp.com\/wp-content\/uploads\/2023\/03\/APP_CLIMA_1000x340px.jpg",1000,340,false],"2048x2048":["https:\/\/www.ametllerorigenwp.com\/wp-content\/uploads\/2023\/03\/APP_CLIMA_1000x340px.jpg",1000,340,false],"post-thumbnail":["https:\/\/www.ametllerorigenwp.com\/wp-content\/uploads\/2023\/03\/APP_CLIMA_1000x340px.jpg",1000,340,false]},"uagb_author_info":{"display_name":"Mireia Zaragoza","author_link":"https:\/\/www.ametllerorigenwp.com\/ca\/author\/mzaragoza\/"},"uagb_comment_info":0,"uagb_excerpt":"L\u2019\u00faltima d\u00e8cada ha estat la m\u00e9s calorosa de la hist\u00f2ria, una dada que reflecteix la urg\u00e8ncia de prendre mesures dr\u00e0stiques per lluitar contra el canvi clim\u00e0tic. Aquest diumenge se celebra el Dia Mundial del Clima, al qual ens hi sumem amb el prop\u00f2sit de generar consci\u00e8ncia sobre la import\u00e0ncia de fer cam\u00ed cap a un&hellip;","coauthors":[],"tax_additional":{"categories":{"linked":["<a href=\"https:\/\/www.ametllerorigenwp.com\/ca\/category\/noticies\/\" class=\"advgb-post-tax-term\">Noticies<\/a>"],"unlinked":["<span class=\"advgb-post-tax-term\">Noticies<\/span>"]}},"comment_count":"0","relative_dates":{"created":"Posted 3 anys ago","modified":"Updated 3 anys ago"},"absolute_dates":{"created":"Posted on 25 de mar\u00e7 de 2023","modified":"Updated on 25 de mar\u00e7 de 2023"},"absolute_dates_time":{"created":"Posted on 25 de mar\u00e7 de 2023 01:00","modified":"Updated on 25 de mar\u00e7 de 2023 09:33"},"featured_img_caption":"","series_order":"","show_in_app":true,"fecha_inicio_destacado":null,"hora_inicio_visualizacion":null,"minutos_inicio_visualizacion":null,"fecha_final_destacado":null,"hora_final_visualizacion":null,"minutos_final_visualizacion":null,"posicion_visualizacion":null,"estado_destacado":null,"niveles_destacados":null,"url_del_enlace":null,"banner_destacado":null,"posicion_visualizacion_de_la_noticia":"01","estado_noticia":["Visible"],"fecha_de_inicio_de_visualizacion_del_tutorial":null,"hora_inicio_visualizacion_tutorial":null,"minutos_inicio_visualizacion_tutorial":null,"fecha_de_final_de_visualizacion_del_tutorial":null,"hora_final_visualizacion_tutorial":null,"minutos_final_visualizacion_tutorial":null,"numero_de_veces_visto":null,"numero_de_veces_total":null,"niveles_tutorial":null,"tutorial_recursos_castellano":null,"tutorial_recursos_catalan":null,"dias_disponibles":null,"dias_de_la_semana":null,"dias_del_mes":null,"other_lang_post_id":null,"lang":"ca","campanya_descripcion":null,"campanya_fecha_inicio":null,"campanya_fecha_fin":null,"campanya_legales":null,"campanya_imagen":null,"campanya_characteristics":null,"campanya_url":null,"campanya_posicion_visualizacion":null,"campanya_estado":null,"_links":{"self":[{"href":"https:\/\/www.ametllerorigenwp.com\/ca\/wp-json\/wp\/v2\/posts\/8134","targetHints":{"allow":["GET"]}}],"collection":[{"href":"https:\/\/www.ametllerorigenwp.com\/ca\/wp-json\/wp\/v2\/posts"}],"about":[{"href":"https:\/\/www.ametllerorigenwp.com\/ca\/wp-json\/wp\/v2\/types\/post"}],"author":[{"embeddable":true,"href":"https:\/\/www.ametllerorigenwp.com\/ca\/wp-json\/wp\/v2\/users\/5"}],"replies":[{"embeddable":true,"href":"https:\/\/www.ametllerorigenwp.com\/ca\/wp-json\/wp\/v2\/comments?post=8134"}],"version-history":[{"count":3,"href":"https:\/\/www.ametllerorigenwp.com\/ca\/wp-json\/wp\/v2\/posts\/8134\/revisions"}],"predecessor-version":[{"id":8137,"href":"https:\/\/www.ametllerorigenwp.com\/ca\/wp-json\/wp\/v2\/posts\/8134\/revisions\/8137"}],"wp:featuredmedia":[{"embeddable":true,"href":"https:\/\/www.ametllerorigenwp.com\/ca\/wp-json\/wp\/v2\/media\/8131"}],"wp:attachment":[{"href":"https:\/\/www.ametllerorigenwp.com\/ca\/wp-json\/wp\/v2\/media?parent=8134"}],"wp:term":[{"taxonomy":"category","embeddable":true,"href":"https:\/\/www.ametllerorigenwp.com\/ca\/wp-json\/wp\/v2\/categories?post=8134"},{"taxonomy":"post_tag","embeddable":true,"href":"https:\/\/www.ametllerorigenwp.com\/ca\/wp-json\/wp\/v2\/tags?post=8134"}],"curies":[{"name":"wp","href":"https:\/\/api.w.org\/{rel}","templated":true}]}}