{"id":8163,"date":"2023-03-29T01:00:17","date_gmt":"2023-03-29T01:00:17","guid":{"rendered":"https:\/\/www.ametllerorigenwp.com\/?p=8163"},"modified":"2023-03-28T14:39:54","modified_gmt":"2023-03-28T14:39:54","slug":"presentem-el-pla-estrategic-de-lalimentacio-de-catalunya","status":"publish","type":"post","link":"https:\/\/www.ametllerorigenwp.com\/ca\/presentem-el-pla-estrategic-de-lalimentacio-de-catalunya\/","title":{"rendered":"Presentem el Pla Estrat\u00e8gic de l\u2019Alimentaci\u00f3 de Catalunya"},"content":{"rendered":"<p>Aquesta setmana hem acollit la presentaci\u00f3 del <strong>Pla Estrat\u00e8gic de l\u2019Alimentaci\u00f3 de Catalunya<\/strong>, en <strong>una iniciativa impulsada<\/strong> <strong>per l\u2019Associaci\u00f3 per a les Nacions Unides d\u2019Espanya<\/strong> <strong>en el qual ens sumem juntament amb la Generalitat de Catalunya<\/strong> <strong>per apostar per l\u2019articulaci\u00f3 d\u2019un sistema alimentari sostenible, segur, resilient, saludable i d\u2019acc\u00e9s universal i, m\u00e9s concretament, que es disposi d\u2019una pol\u00edtica aliment\u00e0ria de pa\u00eds \u00fanica i compartida<\/strong>.<\/p>\n<p>Des <strong>d\u2019Ametller Origen<\/strong>, i en el marc de la nostra estrat\u00e8gia de sostenibilitat i alimentaci\u00f3 saludable, <strong>duem a terme les seg\u00fcents accions amb l\u2019objectiu de promocionar uns h\u00e0bits de vida saludables entre la poblaci\u00f3<\/strong>:<\/p>\n<ul>\n<li>Oferta aliment\u00e0ria curosament seleccionada.<\/li>\n<li>Campanyes de difusi\u00f3 per millorar els h\u00e0bits alimentaris a trav\u00e9s de tallers i xerrades i publicacions en diferents canals (p\u00e0gina web, xarxes socials, revista corporativa).<\/li>\n<li>Des de la Fundaci\u00f3 Ametller i amb el suport del Departament de Salut i Ensenyament de la Generalitat de Catalunya, es promou un programa d\u2019educaci\u00f3 nutricional als centres educatius de Catalunya.<\/li>\n<\/ul>\n<p>Continuem avan\u00e7ant cap al m\u00f3n on volem viure!<\/p>\n","protected":false},"excerpt":{"rendered":"<p>Aquesta setmana hem acollit la presentaci\u00f3 del Pla Estrat\u00e8gic de l\u2019Alimentaci\u00f3 de Catalunya, en una iniciativa impulsada per l\u2019Associaci\u00f3 per a les Nacions Unides d\u2019Espanya en el qual ens sumem juntament amb la Generalitat de Catalunya per apostar per l\u2019articulaci\u00f3 d\u2019un sistema alimentari sostenible, segur, resilient, saludable i d\u2019acc\u00e9s universal i, m\u00e9s concretament, que es &hellip; <a href=\"https:\/\/www.ametllerorigenwp.com\/ca\/presentem-el-pla-estrategic-de-lalimentacio-de-catalunya\/\" class=\"more-link\">Continua llegint <span class=\"screen-reader-text\">\u00abPresentem el Pla Estrat\u00e8gic de l\u2019Alimentaci\u00f3 de Catalunya\u00bb<\/span><\/a><\/p>\n","protected":false},"author":5,"featured_media":8164,"comment_status":"closed","ping_status":"closed","sticky":false,"template":"","format":"standard","meta":{"_uag_custom_page_level_css":"","advgb_blocks_editor_width":"","advgb_blocks_columns_visual_guide":"","footnotes":""},"categories":[2],"tags":[],"class_list":["post-8163","post","type-post","status-publish","format-standard","has-post-thumbnail","hentry","category-noticies"],"author_meta":{"display_name":"Mireia Zaragoza","author_link":"https:\/\/www.ametllerorigenwp.com\/ca\/author\/mzaragoza\/"},"featured_img":"https:\/\/www.ametllerorigenwp.com\/wp-content\/uploads\/2023\/03\/Proyecto-nuevo-1-1-300x102.jpg","uagb_featured_image_src":{"full":["https:\/\/www.ametllerorigenwp.com\/wp-content\/uploads\/2023\/03\/Proyecto-nuevo-1-1.jpg",1000,340,false],"thumbnail":["https:\/\/www.ametllerorigenwp.com\/wp-content\/uploads\/2023\/03\/Proyecto-nuevo-1-1-150x150.jpg",150,150,true],"medium":["https:\/\/www.ametllerorigenwp.com\/wp-content\/uploads\/2023\/03\/Proyecto-nuevo-1-1-300x102.jpg",300,102,true],"medium_large":["https:\/\/www.ametllerorigenwp.com\/wp-content\/uploads\/2023\/03\/Proyecto-nuevo-1-1-768x261.jpg",768,261,true],"large":["https:\/\/www.ametllerorigenwp.com\/wp-content\/uploads\/2023\/03\/Proyecto-nuevo-1-1.jpg",840,286,false],"1536x1536":["https:\/\/www.ametllerorigenwp.com\/wp-content\/uploads\/2023\/03\/Proyecto-nuevo-1-1.jpg",1000,340,false],"2048x2048":["https:\/\/www.ametllerorigenwp.com\/wp-content\/uploads\/2023\/03\/Proyecto-nuevo-1-1.jpg",1000,340,false],"post-thumbnail":["https:\/\/www.ametllerorigenwp.com\/wp-content\/uploads\/2023\/03\/Proyecto-nuevo-1-1.jpg",1000,340,false]},"uagb_author_info":{"display_name":"Mireia Zaragoza","author_link":"https:\/\/www.ametllerorigenwp.com\/ca\/author\/mzaragoza\/"},"uagb_comment_info":0,"uagb_excerpt":"Aquesta setmana hem acollit la presentaci\u00f3 del Pla Estrat\u00e8gic de l\u2019Alimentaci\u00f3 de Catalunya, en una iniciativa impulsada per l\u2019Associaci\u00f3 per a les Nacions Unides d\u2019Espanya en el qual ens sumem juntament amb la Generalitat de Catalunya per apostar per l\u2019articulaci\u00f3 d\u2019un sistema alimentari sostenible, segur, resilient, saludable i d\u2019acc\u00e9s universal i, m\u00e9s concretament, que es&hellip;","coauthors":[],"tax_additional":{"categories":{"linked":["<a href=\"https:\/\/www.ametllerorigenwp.com\/ca\/category\/noticies\/\" class=\"advgb-post-tax-term\">Noticies<\/a>"],"unlinked":["<span class=\"advgb-post-tax-term\">Noticies<\/span>"]}},"comment_count":"0","relative_dates":{"created":"Posted 3 anys ago","modified":"Updated 3 anys ago"},"absolute_dates":{"created":"Posted on 29 de mar\u00e7 de 2023","modified":"Updated on 28 de mar\u00e7 de 2023"},"absolute_dates_time":{"created":"Posted on 29 de mar\u00e7 de 2023 01:00","modified":"Updated on 28 de mar\u00e7 de 2023 14:39"},"featured_img_caption":"","series_order":"","show_in_app":true,"fecha_inicio_destacado":null,"hora_inicio_visualizacion":null,"minutos_inicio_visualizacion":null,"fecha_final_destacado":null,"hora_final_visualizacion":null,"minutos_final_visualizacion":null,"posicion_visualizacion":null,"estado_destacado":null,"niveles_destacados":null,"url_del_enlace":null,"banner_destacado":null,"posicion_visualizacion_de_la_noticia":"01","estado_noticia":["Visible"],"fecha_de_inicio_de_visualizacion_del_tutorial":null,"hora_inicio_visualizacion_tutorial":null,"minutos_inicio_visualizacion_tutorial":null,"fecha_de_final_de_visualizacion_del_tutorial":null,"hora_final_visualizacion_tutorial":null,"minutos_final_visualizacion_tutorial":null,"numero_de_veces_visto":null,"numero_de_veces_total":null,"niveles_tutorial":null,"tutorial_recursos_castellano":null,"tutorial_recursos_catalan":null,"dias_disponibles":null,"dias_de_la_semana":null,"dias_del_mes":null,"other_lang_post_id":null,"lang":"ca","campanya_descripcion":null,"campanya_fecha_inicio":null,"campanya_fecha_fin":null,"campanya_legales":null,"campanya_imagen":null,"campanya_characteristics":null,"campanya_url":null,"campanya_posicion_visualizacion":null,"campanya_estado":null,"_links":{"self":[{"href":"https:\/\/www.ametllerorigenwp.com\/ca\/wp-json\/wp\/v2\/posts\/8163","targetHints":{"allow":["GET"]}}],"collection":[{"href":"https:\/\/www.ametllerorigenwp.com\/ca\/wp-json\/wp\/v2\/posts"}],"about":[{"href":"https:\/\/www.ametllerorigenwp.com\/ca\/wp-json\/wp\/v2\/types\/post"}],"author":[{"embeddable":true,"href":"https:\/\/www.ametllerorigenwp.com\/ca\/wp-json\/wp\/v2\/users\/5"}],"replies":[{"embeddable":true,"href":"https:\/\/www.ametllerorigenwp.com\/ca\/wp-json\/wp\/v2\/comments?post=8163"}],"version-history":[{"count":1,"href":"https:\/\/www.ametllerorigenwp.com\/ca\/wp-json\/wp\/v2\/posts\/8163\/revisions"}],"predecessor-version":[{"id":8166,"href":"https:\/\/www.ametllerorigenwp.com\/ca\/wp-json\/wp\/v2\/posts\/8163\/revisions\/8166"}],"wp:featuredmedia":[{"embeddable":true,"href":"https:\/\/www.ametllerorigenwp.com\/ca\/wp-json\/wp\/v2\/media\/8164"}],"wp:attachment":[{"href":"https:\/\/www.ametllerorigenwp.com\/ca\/wp-json\/wp\/v2\/media?parent=8163"}],"wp:term":[{"taxonomy":"category","embeddable":true,"href":"https:\/\/www.ametllerorigenwp.com\/ca\/wp-json\/wp\/v2\/categories?post=8163"},{"taxonomy":"post_tag","embeddable":true,"href":"https:\/\/www.ametllerorigenwp.com\/ca\/wp-json\/wp\/v2\/tags?post=8163"}],"curies":[{"name":"wp","href":"https:\/\/api.w.org\/{rel}","templated":true}]}}