{"id":8206,"date":"2023-04-08T01:00:53","date_gmt":"2023-04-08T01:00:53","guid":{"rendered":"https:\/\/www.ametllerorigenwp.com\/?p=8206"},"modified":"2023-04-05T17:49:10","modified_gmt":"2023-04-05T17:49:10","slug":"vols-passar-una-bona-estona-vine-als-nostres-tallers","status":"publish","type":"post","link":"https:\/\/www.ametllerorigenwp.com\/ca\/vols-passar-una-bona-estona-vine-als-nostres-tallers\/","title":{"rendered":"Vols passar una bona estona? Vine als nostres tallers"},"content":{"rendered":"<p>Consulta el nostre <a href=\"https:\/\/mercat-autors.ametllerorigen.com\">calendari d\u2019abril<\/a> i <strong>gaudeix del millor showcooking de cuina de temporada amb el xef amb estrella Michelin sostenible Vicent Guimer\u00e0<\/strong> i del <strong>showcooking de postres d\u2019autor amb el xef Miquel Antoja<\/strong>. <strong>Amb el Cintet<\/strong>, preparar\u00e0s <strong>receptes saludables per viure molt millor <\/strong>i, a m\u00e9s a m\u00e9s, <strong>tamb\u00e9 hem preparat un taller a Ol\u00e8rdola on t\u2019ensenyar\u00e0 a cuinar pancakes de p\u00e8sol, crispetes de coliflor i maduixes <em>cheesecake<\/em><\/strong>.<\/p>\n<p>Tanmateix, pels m\u00e9s carn\u00edvors hem organitzat un <strong>taller de pizza amb base de matambre amb el carn\u00f2leg Sebas<\/strong> i, per als m\u00e9s petits de la casa, hem preparat un <strong>taller per cuinar berlines saludables<\/strong>. A m\u00e9s a m\u00e9s, aquest mes et <strong>portarem als camps a collir maduixes<\/strong>!<\/p>\n<p>I aix\u00f2 no \u00e9s tot: el diumenge 7 de maig <strong>t\u2019esperem a la terrassa de la Casa de les Punxes on podr\u00e0s gaudir del Vermutet<\/strong>, el millor vemut musical i els millors productes.<\/p>\n<p>No t\u2019ho pensis m\u00e9s i apunta\u2019t abans que s\u2019esgotin les entrades!<\/p>\n","protected":false},"excerpt":{"rendered":"<p>Consulta el nostre calendari d\u2019abril i gaudeix del millor showcooking de cuina de temporada amb el xef amb estrella Michelin sostenible Vicent Guimer\u00e0 i del showcooking de postres d\u2019autor amb el xef Miquel Antoja. Amb el Cintet, preparar\u00e0s receptes saludables per viure molt millor i, a m\u00e9s a m\u00e9s, tamb\u00e9 hem preparat un taller a &hellip; <a href=\"https:\/\/www.ametllerorigenwp.com\/ca\/vols-passar-una-bona-estona-vine-als-nostres-tallers\/\" class=\"more-link\">Continua llegint <span class=\"screen-reader-text\">\u00abVols passar una bona estona? Vine als nostres tallers\u00bb<\/span><\/a><\/p>\n","protected":false},"author":3,"featured_media":8207,"comment_status":"closed","ping_status":"closed","sticky":false,"template":"","format":"standard","meta":{"_uag_custom_page_level_css":"","advgb_blocks_editor_width":"","advgb_blocks_columns_visual_guide":"","footnotes":""},"categories":[2],"tags":[],"class_list":["post-8206","post","type-post","status-publish","format-standard","has-post-thumbnail","hentry","category-noticies"],"author_meta":{"display_name":"Ametller Origen","author_link":"https:\/\/www.ametllerorigenwp.com\/ca\/author\/ao_editor\/"},"featured_img":"https:\/\/www.ametllerorigenwp.com\/wp-content\/uploads\/2023\/04\/COMMS_ABR_APP_ESDEVENIMENTS_NOV_1000x340_4-300x102.jpg","uagb_featured_image_src":{"full":["https:\/\/www.ametllerorigenwp.com\/wp-content\/uploads\/2023\/04\/COMMS_ABR_APP_ESDEVENIMENTS_NOV_1000x340_4.jpg",1000,340,false],"thumbnail":["https:\/\/www.ametllerorigenwp.com\/wp-content\/uploads\/2023\/04\/COMMS_ABR_APP_ESDEVENIMENTS_NOV_1000x340_4-150x150.jpg",150,150,true],"medium":["https:\/\/www.ametllerorigenwp.com\/wp-content\/uploads\/2023\/04\/COMMS_ABR_APP_ESDEVENIMENTS_NOV_1000x340_4-300x102.jpg",300,102,true],"medium_large":["https:\/\/www.ametllerorigenwp.com\/wp-content\/uploads\/2023\/04\/COMMS_ABR_APP_ESDEVENIMENTS_NOV_1000x340_4-768x261.jpg",768,261,true],"large":["https:\/\/www.ametllerorigenwp.com\/wp-content\/uploads\/2023\/04\/COMMS_ABR_APP_ESDEVENIMENTS_NOV_1000x340_4.jpg",840,286,false],"1536x1536":["https:\/\/www.ametllerorigenwp.com\/wp-content\/uploads\/2023\/04\/COMMS_ABR_APP_ESDEVENIMENTS_NOV_1000x340_4.jpg",1000,340,false],"2048x2048":["https:\/\/www.ametllerorigenwp.com\/wp-content\/uploads\/2023\/04\/COMMS_ABR_APP_ESDEVENIMENTS_NOV_1000x340_4.jpg",1000,340,false],"post-thumbnail":["https:\/\/www.ametllerorigenwp.com\/wp-content\/uploads\/2023\/04\/COMMS_ABR_APP_ESDEVENIMENTS_NOV_1000x340_4.jpg",1000,340,false]},"uagb_author_info":{"display_name":"Ametller Origen","author_link":"https:\/\/www.ametllerorigenwp.com\/ca\/author\/ao_editor\/"},"uagb_comment_info":0,"uagb_excerpt":"Consulta el nostre calendari d\u2019abril i gaudeix del millor showcooking de cuina de temporada amb el xef amb estrella Michelin sostenible Vicent Guimer\u00e0 i del showcooking de postres d\u2019autor amb el xef Miquel Antoja. Amb el Cintet, preparar\u00e0s receptes saludables per viure molt millor i, a m\u00e9s a m\u00e9s, tamb\u00e9 hem preparat un taller a&hellip;","coauthors":[],"tax_additional":{"categories":{"linked":["<a href=\"https:\/\/www.ametllerorigenwp.com\/ca\/category\/noticies\/\" class=\"advgb-post-tax-term\">Noticies<\/a>"],"unlinked":["<span class=\"advgb-post-tax-term\">Noticies<\/span>"]}},"comment_count":"0","relative_dates":{"created":"Posted 3 anys ago","modified":"Updated 3 anys ago"},"absolute_dates":{"created":"Posted on 8 d'abril de 2023","modified":"Updated on 5 d'abril de 2023"},"absolute_dates_time":{"created":"Posted on 8 d'abril de 2023 01:00","modified":"Updated on 5 d'abril de 2023 17:49"},"featured_img_caption":"","series_order":"","show_in_app":true,"fecha_inicio_destacado":null,"hora_inicio_visualizacion":null,"minutos_inicio_visualizacion":null,"fecha_final_destacado":null,"hora_final_visualizacion":null,"minutos_final_visualizacion":null,"posicion_visualizacion":"01","estado_destacado":["Visible"],"niveles_destacados":null,"url_del_enlace":null,"banner_destacado":null,"posicion_visualizacion_de_la_noticia":"01","estado_noticia":["Visible"],"fecha_de_inicio_de_visualizacion_del_tutorial":null,"hora_inicio_visualizacion_tutorial":null,"minutos_inicio_visualizacion_tutorial":null,"fecha_de_final_de_visualizacion_del_tutorial":null,"hora_final_visualizacion_tutorial":null,"minutos_final_visualizacion_tutorial":null,"numero_de_veces_visto":null,"numero_de_veces_total":null,"niveles_tutorial":null,"tutorial_recursos_castellano":null,"tutorial_recursos_catalan":null,"dias_disponibles":null,"dias_de_la_semana":null,"dias_del_mes":null,"other_lang_post_id":8210,"lang":"ca","campanya_descripcion":null,"campanya_fecha_inicio":null,"campanya_fecha_fin":null,"campanya_legales":null,"campanya_imagen":null,"campanya_characteristics":null,"campanya_url":null,"campanya_posicion_visualizacion":null,"campanya_estado":null,"_links":{"self":[{"href":"https:\/\/www.ametllerorigenwp.com\/ca\/wp-json\/wp\/v2\/posts\/8206","targetHints":{"allow":["GET"]}}],"collection":[{"href":"https:\/\/www.ametllerorigenwp.com\/ca\/wp-json\/wp\/v2\/posts"}],"about":[{"href":"https:\/\/www.ametllerorigenwp.com\/ca\/wp-json\/wp\/v2\/types\/post"}],"author":[{"embeddable":true,"href":"https:\/\/www.ametllerorigenwp.com\/ca\/wp-json\/wp\/v2\/users\/3"}],"replies":[{"embeddable":true,"href":"https:\/\/www.ametllerorigenwp.com\/ca\/wp-json\/wp\/v2\/comments?post=8206"}],"version-history":[{"count":1,"href":"https:\/\/www.ametllerorigenwp.com\/ca\/wp-json\/wp\/v2\/posts\/8206\/revisions"}],"predecessor-version":[{"id":8209,"href":"https:\/\/www.ametllerorigenwp.com\/ca\/wp-json\/wp\/v2\/posts\/8206\/revisions\/8209"}],"wp:featuredmedia":[{"embeddable":true,"href":"https:\/\/www.ametllerorigenwp.com\/ca\/wp-json\/wp\/v2\/media\/8207"}],"wp:attachment":[{"href":"https:\/\/www.ametllerorigenwp.com\/ca\/wp-json\/wp\/v2\/media?parent=8206"}],"wp:term":[{"taxonomy":"category","embeddable":true,"href":"https:\/\/www.ametllerorigenwp.com\/ca\/wp-json\/wp\/v2\/categories?post=8206"},{"taxonomy":"post_tag","embeddable":true,"href":"https:\/\/www.ametllerorigenwp.com\/ca\/wp-json\/wp\/v2\/tags?post=8206"}],"curies":[{"name":"wp","href":"https:\/\/api.w.org\/{rel}","templated":true}]}}