{"id":8235,"date":"2023-04-07T01:00:53","date_gmt":"2023-04-07T01:00:53","guid":{"rendered":"https:\/\/www.ametllerorigenwp.com\/?p=8235"},"modified":"2023-04-06T11:15:59","modified_gmt":"2023-04-06T11:15:59","slug":"mes-de-2-000-persones-aprenen-habits-saludables-als-nostres-tallers","status":"publish","type":"post","link":"https:\/\/www.ametllerorigenwp.com\/ca\/mes-de-2-000-persones-aprenen-habits-saludables-als-nostres-tallers\/","title":{"rendered":"M\u00e9s de 2.000 persones aprenen h\u00e0bits saludables als nostres tallers"},"content":{"rendered":"<p style=\"text-align: left;\">Avui se celebra el Dia Mundial de la Salut, una data per continuar recordant la import\u00e0ncia de seguir uns h\u00e0bits saludables per prevenir diferents malalties.<\/p>\n<p style=\"text-align: left;\"><strong>Des d\u2019Ametller Origen impulsem tallers de cuina, xerrades i jornades per promoure uns h\u00e0bits saludables i sostenibles a trav\u00e9s de l\u2019alimentaci\u00f3<\/strong>, d\u2019acord amb les directrius de l\u2019Organitzaci\u00f3 Mundial de la Salut (OMS).<\/p>\n<p style=\"text-align: left;\"><strong>L\u2019any passat, m\u00e9s de 2.000 persones van participar en els nostres tallers de cuina saludable i de temporada amb el xef Cintet i la Dra. Eul\u00e0lia Vidal. Tamb\u00e9 duem a terme tallers infantils on ensenyem als m\u00e9s petits la import\u00e0ncia d\u2019alimentar-se b\u00e9 i gaudir menjant. <\/strong><\/p>\n<p style=\"text-align: left;\">Continuem fent cam\u00ed junts cap al m\u00f3n on volem viure!<\/p>\n","protected":false},"excerpt":{"rendered":"<p>Avui se celebra el Dia Mundial de la Salut, una data per continuar recordant la import\u00e0ncia de seguir uns h\u00e0bits saludables per prevenir diferents malalties. Des d\u2019Ametller Origen impulsem tallers de cuina, xerrades i jornades per promoure uns h\u00e0bits saludables i sostenibles a trav\u00e9s de l\u2019alimentaci\u00f3, d\u2019acord amb les directrius de l\u2019Organitzaci\u00f3 Mundial de la &hellip; <a href=\"https:\/\/www.ametllerorigenwp.com\/ca\/mes-de-2-000-persones-aprenen-habits-saludables-als-nostres-tallers\/\" class=\"more-link\">Continua llegint <span class=\"screen-reader-text\">\u00abM\u00e9s de 2.000 persones aprenen h\u00e0bits saludables als nostres tallers\u00bb<\/span><\/a><\/p>\n","protected":false},"author":5,"featured_media":8236,"comment_status":"closed","ping_status":"closed","sticky":false,"template":"","format":"standard","meta":{"_uag_custom_page_level_css":"","advgb_blocks_editor_width":"","advgb_blocks_columns_visual_guide":"","footnotes":""},"categories":[2],"tags":[],"class_list":["post-8235","post","type-post","status-publish","format-standard","has-post-thumbnail","hentry","category-noticies"],"author_meta":{"display_name":"Mireia Zaragoza","author_link":"https:\/\/www.ametllerorigenwp.com\/ca\/author\/mzaragoza\/"},"featured_img":"https:\/\/www.ametllerorigenwp.com\/wp-content\/uploads\/2023\/04\/fotor_2023-4-6_13_5_46-300x102.png","uagb_featured_image_src":{"full":["https:\/\/www.ametllerorigenwp.com\/wp-content\/uploads\/2023\/04\/fotor_2023-4-6_13_5_46.png",1000,340,false],"thumbnail":["https:\/\/www.ametllerorigenwp.com\/wp-content\/uploads\/2023\/04\/fotor_2023-4-6_13_5_46-150x150.png",150,150,true],"medium":["https:\/\/www.ametllerorigenwp.com\/wp-content\/uploads\/2023\/04\/fotor_2023-4-6_13_5_46-300x102.png",300,102,true],"medium_large":["https:\/\/www.ametllerorigenwp.com\/wp-content\/uploads\/2023\/04\/fotor_2023-4-6_13_5_46-768x261.png",768,261,true],"large":["https:\/\/www.ametllerorigenwp.com\/wp-content\/uploads\/2023\/04\/fotor_2023-4-6_13_5_46.png",840,286,false],"1536x1536":["https:\/\/www.ametllerorigenwp.com\/wp-content\/uploads\/2023\/04\/fotor_2023-4-6_13_5_46.png",1000,340,false],"2048x2048":["https:\/\/www.ametllerorigenwp.com\/wp-content\/uploads\/2023\/04\/fotor_2023-4-6_13_5_46.png",1000,340,false],"post-thumbnail":["https:\/\/www.ametllerorigenwp.com\/wp-content\/uploads\/2023\/04\/fotor_2023-4-6_13_5_46.png",1000,340,false]},"uagb_author_info":{"display_name":"Mireia Zaragoza","author_link":"https:\/\/www.ametllerorigenwp.com\/ca\/author\/mzaragoza\/"},"uagb_comment_info":0,"uagb_excerpt":"Avui se celebra el Dia Mundial de la Salut, una data per continuar recordant la import\u00e0ncia de seguir uns h\u00e0bits saludables per prevenir diferents malalties. Des d\u2019Ametller Origen impulsem tallers de cuina, xerrades i jornades per promoure uns h\u00e0bits saludables i sostenibles a trav\u00e9s de l\u2019alimentaci\u00f3, d\u2019acord amb les directrius de l\u2019Organitzaci\u00f3 Mundial de la&hellip;","coauthors":[],"tax_additional":{"categories":{"linked":["<a href=\"https:\/\/www.ametllerorigenwp.com\/ca\/category\/noticies\/\" class=\"advgb-post-tax-term\">Noticies<\/a>"],"unlinked":["<span class=\"advgb-post-tax-term\">Noticies<\/span>"]}},"comment_count":"0","relative_dates":{"created":"Posted 3 anys ago","modified":"Updated 3 anys ago"},"absolute_dates":{"created":"Posted on 7 d'abril de 2023","modified":"Updated on 6 d'abril de 2023"},"absolute_dates_time":{"created":"Posted on 7 d'abril de 2023 01:00","modified":"Updated on 6 d'abril de 2023 11:15"},"featured_img_caption":"","series_order":"","show_in_app":true,"fecha_inicio_destacado":null,"hora_inicio_visualizacion":null,"minutos_inicio_visualizacion":null,"fecha_final_destacado":null,"hora_final_visualizacion":null,"minutos_final_visualizacion":null,"posicion_visualizacion":null,"estado_destacado":null,"niveles_destacados":null,"url_del_enlace":null,"banner_destacado":null,"posicion_visualizacion_de_la_noticia":"01","estado_noticia":["Visible"],"fecha_de_inicio_de_visualizacion_del_tutorial":null,"hora_inicio_visualizacion_tutorial":null,"minutos_inicio_visualizacion_tutorial":null,"fecha_de_final_de_visualizacion_del_tutorial":null,"hora_final_visualizacion_tutorial":null,"minutos_final_visualizacion_tutorial":null,"numero_de_veces_visto":null,"numero_de_veces_total":null,"niveles_tutorial":null,"tutorial_recursos_castellano":null,"tutorial_recursos_catalan":null,"dias_disponibles":null,"dias_de_la_semana":null,"dias_del_mes":null,"other_lang_post_id":null,"lang":"ca","campanya_descripcion":null,"campanya_fecha_inicio":null,"campanya_fecha_fin":null,"campanya_legales":null,"campanya_imagen":null,"campanya_characteristics":null,"campanya_url":null,"campanya_posicion_visualizacion":null,"campanya_estado":null,"_links":{"self":[{"href":"https:\/\/www.ametllerorigenwp.com\/ca\/wp-json\/wp\/v2\/posts\/8235","targetHints":{"allow":["GET"]}}],"collection":[{"href":"https:\/\/www.ametllerorigenwp.com\/ca\/wp-json\/wp\/v2\/posts"}],"about":[{"href":"https:\/\/www.ametllerorigenwp.com\/ca\/wp-json\/wp\/v2\/types\/post"}],"author":[{"embeddable":true,"href":"https:\/\/www.ametllerorigenwp.com\/ca\/wp-json\/wp\/v2\/users\/5"}],"replies":[{"embeddable":true,"href":"https:\/\/www.ametllerorigenwp.com\/ca\/wp-json\/wp\/v2\/comments?post=8235"}],"version-history":[{"count":1,"href":"https:\/\/www.ametllerorigenwp.com\/ca\/wp-json\/wp\/v2\/posts\/8235\/revisions"}],"predecessor-version":[{"id":8238,"href":"https:\/\/www.ametllerorigenwp.com\/ca\/wp-json\/wp\/v2\/posts\/8235\/revisions\/8238"}],"wp:featuredmedia":[{"embeddable":true,"href":"https:\/\/www.ametllerorigenwp.com\/ca\/wp-json\/wp\/v2\/media\/8236"}],"wp:attachment":[{"href":"https:\/\/www.ametllerorigenwp.com\/ca\/wp-json\/wp\/v2\/media?parent=8235"}],"wp:term":[{"taxonomy":"category","embeddable":true,"href":"https:\/\/www.ametllerorigenwp.com\/ca\/wp-json\/wp\/v2\/categories?post=8235"},{"taxonomy":"post_tag","embeddable":true,"href":"https:\/\/www.ametllerorigenwp.com\/ca\/wp-json\/wp\/v2\/tags?post=8235"}],"curies":[{"name":"wp","href":"https:\/\/api.w.org\/{rel}","templated":true}]}}