{"id":8267,"date":"2023-04-13T01:00:44","date_gmt":"2023-04-13T01:00:44","guid":{"rendered":"https:\/\/www.ametllerorigenwp.com\/?p=8267"},"modified":"2023-04-12T11:34:19","modified_gmt":"2023-04-12T11:34:19","slug":"han-de-consumir-sucre-els-nens","status":"publish","type":"post","link":"https:\/\/www.ametllerorigenwp.com\/ca\/han-de-consumir-sucre-els-nens\/","title":{"rendered":"Han de consumir sucre els nens?"},"content":{"rendered":"<p>L\u2019adopci\u00f3 d\u2019uns h\u00e0bits de vida saludables durant la inf\u00e0ncia \u00e9s clau per educar als nens en la import\u00e0ncia de seguir una correcta alimentaci\u00f3. D\u2019aquesta manera, en aquesta edat \u00e9s molt important <strong>reduir al m\u00e0xim el consum de sucres lliures, perqu\u00e8 el seu consum es relaciona amb una mala alimentaci\u00f3, a m\u00e9s d\u2019augmentar el risc de patir determinats problemes de salut cr\u00f2nics o c\u00e0ries<\/strong>.<\/p>\n<p>Segons les autoritats, <strong>es recomana que la ingesta de sucre afegit no sobrepassi el 10% de la ingesta total di\u00e0ria d\u2019un nen<\/strong>, encara que est\u00e0 demostrat que, fins i tot, seria millor si aquesta xifra es redu\u00eds al 5%. Perqu\u00e8 et facis una idea, <strong>aquests valors tradu\u00efts a grams i per a una dieta de 2000 kcal, serien 50 g (10%) i 25 g (5%)<\/strong>.<\/p>\n<p>Descobreix en aquest article del <a href=\"https:\/\/www.ametllerorigen.com\/ca\/blog\/han-de-consumir-sucre-els-nens\">blog<\/a> com disminuir el consum de sucre.<\/p>\n","protected":false},"excerpt":{"rendered":"<p>L\u2019adopci\u00f3 d\u2019uns h\u00e0bits de vida saludables durant la inf\u00e0ncia \u00e9s clau per educar als nens en la import\u00e0ncia de seguir una correcta alimentaci\u00f3. D\u2019aquesta manera, en aquesta edat \u00e9s molt important reduir al m\u00e0xim el consum de sucres lliures, perqu\u00e8 el seu consum es relaciona amb una mala alimentaci\u00f3, a m\u00e9s d\u2019augmentar el risc de &hellip; <a href=\"https:\/\/www.ametllerorigenwp.com\/ca\/han-de-consumir-sucre-els-nens\/\" class=\"more-link\">Continua llegint <span class=\"screen-reader-text\">\u00abHan de consumir sucre els nens?\u00bb<\/span><\/a><\/p>\n","protected":false},"author":5,"featured_media":8268,"comment_status":"closed","ping_status":"closed","sticky":false,"template":"","format":"standard","meta":{"_uag_custom_page_level_css":"","advgb_blocks_editor_width":"","advgb_blocks_columns_visual_guide":"","footnotes":""},"categories":[2],"tags":[],"class_list":["post-8267","post","type-post","status-publish","format-standard","has-post-thumbnail","hentry","category-noticies"],"author_meta":{"display_name":"Mireia Zaragoza","author_link":"https:\/\/www.ametllerorigenwp.com\/ca\/author\/mzaragoza\/"},"featured_img":"https:\/\/www.ametllerorigenwp.com\/wp-content\/uploads\/2023\/04\/APP_IM_SUCRES_NENS-300x102.jpg","uagb_featured_image_src":{"full":["https:\/\/www.ametllerorigenwp.com\/wp-content\/uploads\/2023\/04\/APP_IM_SUCRES_NENS.jpg",1000,340,false],"thumbnail":["https:\/\/www.ametllerorigenwp.com\/wp-content\/uploads\/2023\/04\/APP_IM_SUCRES_NENS-150x150.jpg",150,150,true],"medium":["https:\/\/www.ametllerorigenwp.com\/wp-content\/uploads\/2023\/04\/APP_IM_SUCRES_NENS-300x102.jpg",300,102,true],"medium_large":["https:\/\/www.ametllerorigenwp.com\/wp-content\/uploads\/2023\/04\/APP_IM_SUCRES_NENS-768x261.jpg",768,261,true],"large":["https:\/\/www.ametllerorigenwp.com\/wp-content\/uploads\/2023\/04\/APP_IM_SUCRES_NENS.jpg",840,286,false],"1536x1536":["https:\/\/www.ametllerorigenwp.com\/wp-content\/uploads\/2023\/04\/APP_IM_SUCRES_NENS.jpg",1000,340,false],"2048x2048":["https:\/\/www.ametllerorigenwp.com\/wp-content\/uploads\/2023\/04\/APP_IM_SUCRES_NENS.jpg",1000,340,false],"post-thumbnail":["https:\/\/www.ametllerorigenwp.com\/wp-content\/uploads\/2023\/04\/APP_IM_SUCRES_NENS.jpg",1000,340,false]},"uagb_author_info":{"display_name":"Mireia Zaragoza","author_link":"https:\/\/www.ametllerorigenwp.com\/ca\/author\/mzaragoza\/"},"uagb_comment_info":0,"uagb_excerpt":"L\u2019adopci\u00f3 d\u2019uns h\u00e0bits de vida saludables durant la inf\u00e0ncia \u00e9s clau per educar als nens en la import\u00e0ncia de seguir una correcta alimentaci\u00f3. D\u2019aquesta manera, en aquesta edat \u00e9s molt important reduir al m\u00e0xim el consum de sucres lliures, perqu\u00e8 el seu consum es relaciona amb una mala alimentaci\u00f3, a m\u00e9s d\u2019augmentar el risc de&hellip;","coauthors":[],"tax_additional":{"categories":{"linked":["<a href=\"https:\/\/www.ametllerorigenwp.com\/ca\/category\/noticies\/\" class=\"advgb-post-tax-term\">Noticies<\/a>"],"unlinked":["<span class=\"advgb-post-tax-term\">Noticies<\/span>"]}},"comment_count":"0","relative_dates":{"created":"Posted 3 anys ago","modified":"Updated 3 anys ago"},"absolute_dates":{"created":"Posted on 13 d'abril de 2023","modified":"Updated on 12 d'abril de 2023"},"absolute_dates_time":{"created":"Posted on 13 d'abril de 2023 01:00","modified":"Updated on 12 d'abril de 2023 11:34"},"featured_img_caption":"","series_order":"","show_in_app":true,"fecha_inicio_destacado":null,"hora_inicio_visualizacion":null,"minutos_inicio_visualizacion":null,"fecha_final_destacado":null,"hora_final_visualizacion":null,"minutos_final_visualizacion":null,"posicion_visualizacion":null,"estado_destacado":null,"niveles_destacados":null,"url_del_enlace":null,"banner_destacado":null,"posicion_visualizacion_de_la_noticia":"01","estado_noticia":["Visible"],"fecha_de_inicio_de_visualizacion_del_tutorial":null,"hora_inicio_visualizacion_tutorial":null,"minutos_inicio_visualizacion_tutorial":null,"fecha_de_final_de_visualizacion_del_tutorial":null,"hora_final_visualizacion_tutorial":null,"minutos_final_visualizacion_tutorial":null,"numero_de_veces_visto":null,"numero_de_veces_total":null,"niveles_tutorial":null,"tutorial_recursos_castellano":null,"tutorial_recursos_catalan":null,"dias_disponibles":null,"dias_de_la_semana":null,"dias_del_mes":null,"other_lang_post_id":null,"lang":"ca","campanya_descripcion":null,"campanya_fecha_inicio":null,"campanya_fecha_fin":null,"campanya_legales":null,"campanya_imagen":null,"campanya_characteristics":null,"campanya_url":null,"campanya_posicion_visualizacion":null,"campanya_estado":null,"_links":{"self":[{"href":"https:\/\/www.ametllerorigenwp.com\/ca\/wp-json\/wp\/v2\/posts\/8267","targetHints":{"allow":["GET"]}}],"collection":[{"href":"https:\/\/www.ametllerorigenwp.com\/ca\/wp-json\/wp\/v2\/posts"}],"about":[{"href":"https:\/\/www.ametllerorigenwp.com\/ca\/wp-json\/wp\/v2\/types\/post"}],"author":[{"embeddable":true,"href":"https:\/\/www.ametllerorigenwp.com\/ca\/wp-json\/wp\/v2\/users\/5"}],"replies":[{"embeddable":true,"href":"https:\/\/www.ametllerorigenwp.com\/ca\/wp-json\/wp\/v2\/comments?post=8267"}],"version-history":[{"count":1,"href":"https:\/\/www.ametllerorigenwp.com\/ca\/wp-json\/wp\/v2\/posts\/8267\/revisions"}],"predecessor-version":[{"id":8270,"href":"https:\/\/www.ametllerorigenwp.com\/ca\/wp-json\/wp\/v2\/posts\/8267\/revisions\/8270"}],"wp:featuredmedia":[{"embeddable":true,"href":"https:\/\/www.ametllerorigenwp.com\/ca\/wp-json\/wp\/v2\/media\/8268"}],"wp:attachment":[{"href":"https:\/\/www.ametllerorigenwp.com\/ca\/wp-json\/wp\/v2\/media?parent=8267"}],"wp:term":[{"taxonomy":"category","embeddable":true,"href":"https:\/\/www.ametllerorigenwp.com\/ca\/wp-json\/wp\/v2\/categories?post=8267"},{"taxonomy":"post_tag","embeddable":true,"href":"https:\/\/www.ametllerorigenwp.com\/ca\/wp-json\/wp\/v2\/tags?post=8267"}],"curies":[{"name":"wp","href":"https:\/\/api.w.org\/{rel}","templated":true}]}}