{"id":8274,"date":"2023-04-14T01:00:26","date_gmt":"2023-04-14T01:00:26","guid":{"rendered":"https:\/\/www.ametllerorigenwp.com\/?p=8274"},"modified":"2023-04-13T14:45:06","modified_gmt":"2023-04-13T14:45:06","slug":"un-viatge-a-lorigen-de-la-cuina-de-temporada","status":"publish","type":"post","link":"https:\/\/www.ametllerorigenwp.com\/ca\/un-viatge-a-lorigen-de-la-cuina-de-temporada\/","title":{"rendered":"Un viatge a l\u2019origen de la cuina de temporada"},"content":{"rendered":"<p>Amb l\u2019objectiu de fomentar el consum entre la poblaci\u00f3 de verdures, hortalisses i fruites de temporada, <strong>ens hem unit junt amb els xefs Rodrigo de la Calle<\/strong> (del restaurant Virens), <strong>Gabriele Milani <\/strong>(AlGrano), <strong>Alberto Vicente<\/strong> (Belbo Terrenal), <strong>Abel Jim\u00e9nez<\/strong> (Bistr\u00f3 Mat\u00f3) i <strong>Jordi Conesa<\/strong> (Hard Rock Caf\u00e9) <strong>per impulsar la Ruta Gastron\u00f2mica Primavera<\/strong>.<\/p>\n<p><strong>Des d\u2019avui 14 d\u2019abril, i fins al 14 de maig, tindr\u00e0s l\u2019oportunitat de gaudir d\u2019un men\u00fa tancat i exclusiu<\/strong> elaborat a base de la nostra verdura i fruita de temporada i fresca en els cinc restaurants adherits a la Ruta Gastron\u00f2mica. <strong>En aquesta edici\u00f3, els protagonistes dels plats s\u00f3n els p\u00e8sols, els tom\u00e0quets, els esp\u00e0rrecs blancs, les carxofes i les maduixes<\/strong>.<\/p>\n<p>Descobreix els men\u00fas que s\u2019ofereixen i el contacte dels restaurants per fer la teva reserva <a href=\"https:\/\/corp.ametllerorigen.com\/ca\/ruta-gastronomica\/\">aqu\u00ed<\/a>.<\/p>\n","protected":false},"excerpt":{"rendered":"<p>Amb l\u2019objectiu de fomentar el consum entre la poblaci\u00f3 de verdures, hortalisses i fruites de temporada, ens hem unit junt amb els xefs Rodrigo de la Calle (del restaurant Virens), Gabriele Milani (AlGrano), Alberto Vicente (Belbo Terrenal), Abel Jim\u00e9nez (Bistr\u00f3 Mat\u00f3) i Jordi Conesa (Hard Rock Caf\u00e9) per impulsar la Ruta Gastron\u00f2mica Primavera. Des d\u2019avui &hellip; <a href=\"https:\/\/www.ametllerorigenwp.com\/ca\/un-viatge-a-lorigen-de-la-cuina-de-temporada\/\" class=\"more-link\">Continua llegint <span class=\"screen-reader-text\">\u00abUn viatge a l\u2019origen de la cuina de temporada\u00bb<\/span><\/a><\/p>\n","protected":false},"author":5,"featured_media":8275,"comment_status":"closed","ping_status":"closed","sticky":false,"template":"","format":"standard","meta":{"_uag_custom_page_level_css":"","advgb_blocks_editor_width":"","advgb_blocks_columns_visual_guide":"","footnotes":""},"categories":[2],"tags":[],"class_list":["post-8274","post","type-post","status-publish","format-standard","has-post-thumbnail","hentry","category-noticies"],"author_meta":{"display_name":"Mireia Zaragoza","author_link":"https:\/\/www.ametllerorigenwp.com\/ca\/author\/mzaragoza\/"},"featured_img":"https:\/\/www.ametllerorigenwp.com\/wp-content\/uploads\/2023\/04\/IM_APP_RutaGastronomica_CA-300x102.jpg","uagb_featured_image_src":{"full":["https:\/\/www.ametllerorigenwp.com\/wp-content\/uploads\/2023\/04\/IM_APP_RutaGastronomica_CA.jpg",1000,340,false],"thumbnail":["https:\/\/www.ametllerorigenwp.com\/wp-content\/uploads\/2023\/04\/IM_APP_RutaGastronomica_CA-150x150.jpg",150,150,true],"medium":["https:\/\/www.ametllerorigenwp.com\/wp-content\/uploads\/2023\/04\/IM_APP_RutaGastronomica_CA-300x102.jpg",300,102,true],"medium_large":["https:\/\/www.ametllerorigenwp.com\/wp-content\/uploads\/2023\/04\/IM_APP_RutaGastronomica_CA-768x261.jpg",768,261,true],"large":["https:\/\/www.ametllerorigenwp.com\/wp-content\/uploads\/2023\/04\/IM_APP_RutaGastronomica_CA.jpg",840,286,false],"1536x1536":["https:\/\/www.ametllerorigenwp.com\/wp-content\/uploads\/2023\/04\/IM_APP_RutaGastronomica_CA.jpg",1000,340,false],"2048x2048":["https:\/\/www.ametllerorigenwp.com\/wp-content\/uploads\/2023\/04\/IM_APP_RutaGastronomica_CA.jpg",1000,340,false],"post-thumbnail":["https:\/\/www.ametllerorigenwp.com\/wp-content\/uploads\/2023\/04\/IM_APP_RutaGastronomica_CA.jpg",1000,340,false]},"uagb_author_info":{"display_name":"Mireia Zaragoza","author_link":"https:\/\/www.ametllerorigenwp.com\/ca\/author\/mzaragoza\/"},"uagb_comment_info":0,"uagb_excerpt":"Amb l\u2019objectiu de fomentar el consum entre la poblaci\u00f3 de verdures, hortalisses i fruites de temporada, ens hem unit junt amb els xefs Rodrigo de la Calle (del restaurant Virens), Gabriele Milani (AlGrano), Alberto Vicente (Belbo Terrenal), Abel Jim\u00e9nez (Bistr\u00f3 Mat\u00f3) i Jordi Conesa (Hard Rock Caf\u00e9) per impulsar la Ruta Gastron\u00f2mica Primavera. Des d\u2019avui&hellip;","coauthors":[],"tax_additional":{"categories":{"linked":["<a href=\"https:\/\/www.ametllerorigenwp.com\/ca\/category\/noticies\/\" class=\"advgb-post-tax-term\">Noticies<\/a>"],"unlinked":["<span class=\"advgb-post-tax-term\">Noticies<\/span>"]}},"comment_count":"0","relative_dates":{"created":"Posted 3 anys ago","modified":"Updated 3 anys ago"},"absolute_dates":{"created":"Posted on 14 d'abril de 2023","modified":"Updated on 13 d'abril de 2023"},"absolute_dates_time":{"created":"Posted on 14 d'abril de 2023 01:00","modified":"Updated on 13 d'abril de 2023 14:45"},"featured_img_caption":"","series_order":"","show_in_app":true,"fecha_inicio_destacado":null,"hora_inicio_visualizacion":null,"minutos_inicio_visualizacion":null,"fecha_final_destacado":null,"hora_final_visualizacion":null,"minutos_final_visualizacion":null,"posicion_visualizacion":null,"estado_destacado":null,"niveles_destacados":null,"url_del_enlace":null,"banner_destacado":null,"posicion_visualizacion_de_la_noticia":"01","estado_noticia":["Visible"],"fecha_de_inicio_de_visualizacion_del_tutorial":null,"hora_inicio_visualizacion_tutorial":null,"minutos_inicio_visualizacion_tutorial":null,"fecha_de_final_de_visualizacion_del_tutorial":null,"hora_final_visualizacion_tutorial":null,"minutos_final_visualizacion_tutorial":null,"numero_de_veces_visto":null,"numero_de_veces_total":null,"niveles_tutorial":null,"tutorial_recursos_castellano":null,"tutorial_recursos_catalan":null,"dias_disponibles":null,"dias_de_la_semana":null,"dias_del_mes":null,"other_lang_post_id":null,"lang":"ca","campanya_descripcion":null,"campanya_fecha_inicio":null,"campanya_fecha_fin":null,"campanya_legales":null,"campanya_imagen":null,"campanya_characteristics":null,"campanya_url":null,"campanya_posicion_visualizacion":null,"campanya_estado":null,"_links":{"self":[{"href":"https:\/\/www.ametllerorigenwp.com\/ca\/wp-json\/wp\/v2\/posts\/8274","targetHints":{"allow":["GET"]}}],"collection":[{"href":"https:\/\/www.ametllerorigenwp.com\/ca\/wp-json\/wp\/v2\/posts"}],"about":[{"href":"https:\/\/www.ametllerorigenwp.com\/ca\/wp-json\/wp\/v2\/types\/post"}],"author":[{"embeddable":true,"href":"https:\/\/www.ametllerorigenwp.com\/ca\/wp-json\/wp\/v2\/users\/5"}],"replies":[{"embeddable":true,"href":"https:\/\/www.ametllerorigenwp.com\/ca\/wp-json\/wp\/v2\/comments?post=8274"}],"version-history":[{"count":1,"href":"https:\/\/www.ametllerorigenwp.com\/ca\/wp-json\/wp\/v2\/posts\/8274\/revisions"}],"predecessor-version":[{"id":8277,"href":"https:\/\/www.ametllerorigenwp.com\/ca\/wp-json\/wp\/v2\/posts\/8274\/revisions\/8277"}],"wp:featuredmedia":[{"embeddable":true,"href":"https:\/\/www.ametllerorigenwp.com\/ca\/wp-json\/wp\/v2\/media\/8275"}],"wp:attachment":[{"href":"https:\/\/www.ametllerorigenwp.com\/ca\/wp-json\/wp\/v2\/media?parent=8274"}],"wp:term":[{"taxonomy":"category","embeddable":true,"href":"https:\/\/www.ametllerorigenwp.com\/ca\/wp-json\/wp\/v2\/categories?post=8274"},{"taxonomy":"post_tag","embeddable":true,"href":"https:\/\/www.ametllerorigenwp.com\/ca\/wp-json\/wp\/v2\/tags?post=8274"}],"curies":[{"name":"wp","href":"https:\/\/api.w.org\/{rel}","templated":true}]}}