{"id":8309,"date":"2023-04-18T01:00:10","date_gmt":"2023-04-18T01:00:10","guid":{"rendered":"https:\/\/www.ametllerorigenwp.com\/?p=8309"},"modified":"2023-04-17T15:11:03","modified_gmt":"2023-04-17T15:11:03","slug":"preparat-per-un-sant-jordi-delicios","status":"publish","type":"post","link":"https:\/\/www.ametllerorigenwp.com\/ca\/preparat-per-un-sant-jordi-delicios\/","title":{"rendered":"Preparat per un Sant Jordi delici\u00f3s!"},"content":{"rendered":"<p><strong>Triomfa aquest Sant Jordi amb \u201cLa cuina crom\u00e0tica del Cintet!\u201d, el nostre primer llibre on t\u2019ensenyarem a cuinar 25 receptes r\u00e0pides<\/strong> <strong>de preparar, molt saboroses i acolorides<\/strong>. Tanmateix, de la m\u00e0 de la Dra. Eul\u00e0lia Vidal, coordinadora del consell assessor de salut d\u2019Ametller Origen, <strong>descobrir\u00e0s quina relaci\u00f3 t\u00e9 el color de les fruites i les verdures amb les seves propietats<\/strong>.<\/p>\n<p>Troba ja el llibre a les nostres botigues f\u00edsiques i a la <a href=\"https:\/\/www.ametllerorigen.com\/ca\/el-nostres-especials?sc=14\">botiga online<\/a>!<\/p>\n","protected":false},"excerpt":{"rendered":"<p>Triomfa aquest Sant Jordi amb \u201cLa cuina crom\u00e0tica del Cintet!\u201d, el nostre primer llibre on t\u2019ensenyarem a cuinar 25 receptes r\u00e0pides de preparar, molt saboroses i acolorides. Tanmateix, de la m\u00e0 de la Dra. Eul\u00e0lia Vidal, coordinadora del consell assessor de salut d\u2019Ametller Origen, descobrir\u00e0s quina relaci\u00f3 t\u00e9 el color de les fruites i les &hellip; <a href=\"https:\/\/www.ametllerorigenwp.com\/ca\/preparat-per-un-sant-jordi-delicios\/\" class=\"more-link\">Continua llegint <span class=\"screen-reader-text\">\u00abPreparat per un Sant Jordi delici\u00f3s!\u00bb<\/span><\/a><\/p>\n","protected":false},"author":3,"featured_media":8310,"comment_status":"closed","ping_status":"closed","sticky":false,"template":"","format":"standard","meta":{"_uag_custom_page_level_css":"","advgb_blocks_editor_width":"","advgb_blocks_columns_visual_guide":"","footnotes":""},"categories":[2],"tags":[],"class_list":["post-8309","post","type-post","status-publish","format-standard","has-post-thumbnail","hentry","category-noticies"],"author_meta":{"display_name":"Ametller Origen","author_link":"https:\/\/www.ametllerorigenwp.com\/ca\/author\/ao_editor\/"},"featured_img":"https:\/\/www.ametllerorigenwp.com\/wp-content\/uploads\/2023\/04\/FOTO_LlibreCintet_1000x340_CA-1-300x105.jpg","uagb_featured_image_src":{"full":["https:\/\/www.ametllerorigenwp.com\/wp-content\/uploads\/2023\/04\/FOTO_LlibreCintet_1000x340_CA-1.jpg",1422,498,false],"thumbnail":["https:\/\/www.ametllerorigenwp.com\/wp-content\/uploads\/2023\/04\/FOTO_LlibreCintet_1000x340_CA-1-150x150.jpg",150,150,true],"medium":["https:\/\/www.ametllerorigenwp.com\/wp-content\/uploads\/2023\/04\/FOTO_LlibreCintet_1000x340_CA-1-300x105.jpg",300,105,true],"medium_large":["https:\/\/www.ametllerorigenwp.com\/wp-content\/uploads\/2023\/04\/FOTO_LlibreCintet_1000x340_CA-1-768x269.jpg",768,269,true],"large":["https:\/\/www.ametllerorigenwp.com\/wp-content\/uploads\/2023\/04\/FOTO_LlibreCintet_1000x340_CA-1-1024x359.jpg",840,294,true],"1536x1536":["https:\/\/www.ametllerorigenwp.com\/wp-content\/uploads\/2023\/04\/FOTO_LlibreCintet_1000x340_CA-1.jpg",1422,498,false],"2048x2048":["https:\/\/www.ametllerorigenwp.com\/wp-content\/uploads\/2023\/04\/FOTO_LlibreCintet_1000x340_CA-1.jpg",1422,498,false],"post-thumbnail":["https:\/\/www.ametllerorigenwp.com\/wp-content\/uploads\/2023\/04\/FOTO_LlibreCintet_1000x340_CA-1-1200x420.jpg",1200,420,true]},"uagb_author_info":{"display_name":"Ametller Origen","author_link":"https:\/\/www.ametllerorigenwp.com\/ca\/author\/ao_editor\/"},"uagb_comment_info":0,"uagb_excerpt":"Triomfa aquest Sant Jordi amb \u201cLa cuina crom\u00e0tica del Cintet!\u201d, el nostre primer llibre on t\u2019ensenyarem a cuinar 25 receptes r\u00e0pides de preparar, molt saboroses i acolorides. Tanmateix, de la m\u00e0 de la Dra. Eul\u00e0lia Vidal, coordinadora del consell assessor de salut d\u2019Ametller Origen, descobrir\u00e0s quina relaci\u00f3 t\u00e9 el color de les fruites i les&hellip;","coauthors":[],"tax_additional":{"categories":{"linked":["<a href=\"https:\/\/www.ametllerorigenwp.com\/ca\/category\/noticies\/\" class=\"advgb-post-tax-term\">Noticies<\/a>"],"unlinked":["<span class=\"advgb-post-tax-term\">Noticies<\/span>"]}},"comment_count":"0","relative_dates":{"created":"Posted 3 anys ago","modified":"Updated 3 anys ago"},"absolute_dates":{"created":"Posted on 18 d'abril de 2023","modified":"Updated on 17 d'abril de 2023"},"absolute_dates_time":{"created":"Posted on 18 d'abril de 2023 01:00","modified":"Updated on 17 d'abril de 2023 15:11"},"featured_img_caption":"","series_order":"","show_in_app":true,"fecha_inicio_destacado":null,"hora_inicio_visualizacion":null,"minutos_inicio_visualizacion":null,"fecha_final_destacado":null,"hora_final_visualizacion":null,"minutos_final_visualizacion":null,"posicion_visualizacion":"01","estado_destacado":["Visible"],"niveles_destacados":null,"url_del_enlace":null,"banner_destacado":null,"posicion_visualizacion_de_la_noticia":"01","estado_noticia":["Visible"],"fecha_de_inicio_de_visualizacion_del_tutorial":null,"hora_inicio_visualizacion_tutorial":null,"minutos_inicio_visualizacion_tutorial":null,"fecha_de_final_de_visualizacion_del_tutorial":null,"hora_final_visualizacion_tutorial":null,"minutos_final_visualizacion_tutorial":null,"numero_de_veces_visto":null,"numero_de_veces_total":null,"niveles_tutorial":null,"tutorial_recursos_castellano":null,"tutorial_recursos_catalan":null,"dias_disponibles":null,"dias_de_la_semana":null,"dias_del_mes":null,"other_lang_post_id":null,"lang":"ca","campanya_descripcion":null,"campanya_fecha_inicio":null,"campanya_fecha_fin":null,"campanya_legales":null,"campanya_imagen":null,"campanya_characteristics":null,"campanya_url":null,"campanya_posicion_visualizacion":null,"campanya_estado":null,"_links":{"self":[{"href":"https:\/\/www.ametllerorigenwp.com\/ca\/wp-json\/wp\/v2\/posts\/8309","targetHints":{"allow":["GET"]}}],"collection":[{"href":"https:\/\/www.ametllerorigenwp.com\/ca\/wp-json\/wp\/v2\/posts"}],"about":[{"href":"https:\/\/www.ametllerorigenwp.com\/ca\/wp-json\/wp\/v2\/types\/post"}],"author":[{"embeddable":true,"href":"https:\/\/www.ametllerorigenwp.com\/ca\/wp-json\/wp\/v2\/users\/3"}],"replies":[{"embeddable":true,"href":"https:\/\/www.ametllerorigenwp.com\/ca\/wp-json\/wp\/v2\/comments?post=8309"}],"version-history":[{"count":1,"href":"https:\/\/www.ametllerorigenwp.com\/ca\/wp-json\/wp\/v2\/posts\/8309\/revisions"}],"predecessor-version":[{"id":8312,"href":"https:\/\/www.ametllerorigenwp.com\/ca\/wp-json\/wp\/v2\/posts\/8309\/revisions\/8312"}],"wp:featuredmedia":[{"embeddable":true,"href":"https:\/\/www.ametllerorigenwp.com\/ca\/wp-json\/wp\/v2\/media\/8310"}],"wp:attachment":[{"href":"https:\/\/www.ametllerorigenwp.com\/ca\/wp-json\/wp\/v2\/media?parent=8309"}],"wp:term":[{"taxonomy":"category","embeddable":true,"href":"https:\/\/www.ametllerorigenwp.com\/ca\/wp-json\/wp\/v2\/categories?post=8309"},{"taxonomy":"post_tag","embeddable":true,"href":"https:\/\/www.ametllerorigenwp.com\/ca\/wp-json\/wp\/v2\/tags?post=8309"}],"curies":[{"name":"wp","href":"https:\/\/api.w.org\/{rel}","templated":true}]}}