{"id":8351,"date":"2023-04-20T01:00:50","date_gmt":"2023-04-20T01:00:50","guid":{"rendered":"https:\/\/www.ametllerorigenwp.com\/?p=8351"},"modified":"2023-04-19T14:18:21","modified_gmt":"2023-04-19T14:18:21","slug":"sumem-esforcos-amb-la-fundacio-tennis-barcelona-en-benefici-dels-infants","status":"publish","type":"post","link":"https:\/\/www.ametllerorigenwp.com\/ca\/sumem-esforcos-amb-la-fundacio-tennis-barcelona-en-benefici-dels-infants\/","title":{"rendered":"Sumem esfor\u00e7os amb la Fundaci\u00f3 Tennis Barcelona en benefici dels infants"},"content":{"rendered":"<p><strong>Ens hem sumat a la iniciativa \u201cLa Raqueta Solid\u00e0ria\u201d de la Fundaci\u00f3 Tennis Barcelona per tal de recaptar fons per als infants que es troben en una situaci\u00f3 de <\/strong><strong>vulnerabilitat<\/strong>. Durant aquests dies que se celebra\u00a0el torneig de tenis Conde God\u00f3 2023, les persones que s\u2019hi vulguin sumar poden fer la seva aportaci\u00f3 in situ o b\u00e9 a trav\u00e9s de la web <a href=\"http:\/\/www.raquetasolidaria.org\">www.raquetasolidaria.org<\/a> i entre tots els participants se sortejar\u00e0 la raqueta del campi\u00f3.<\/p>\n<p><strong>Amb tots els fons recaptats, l\u2019Escola de la Fundaci\u00f3 de Tennis Barcelona assegura que m\u00e9s de 300 nens amb dificultats puguin practicar esport i fomentar aix\u00ed uns h\u00e0bits de vida saludables<\/strong>.<\/p>\n<p>Continuem avan\u00e7ant junts cap al m\u00f3n on volem viure!<\/p>\n","protected":false},"excerpt":{"rendered":"<p>Ens hem sumat a la iniciativa \u201cLa Raqueta Solid\u00e0ria\u201d de la Fundaci\u00f3 Tennis Barcelona per tal de recaptar fons per als infants que es troben en una situaci\u00f3 de vulnerabilitat. Durant aquests dies que se celebra\u00a0el torneig de tenis Conde God\u00f3 2023, les persones que s\u2019hi vulguin sumar poden fer la seva aportaci\u00f3 in situ &hellip; <a href=\"https:\/\/www.ametllerorigenwp.com\/ca\/sumem-esforcos-amb-la-fundacio-tennis-barcelona-en-benefici-dels-infants\/\" class=\"more-link\">Continua llegint <span class=\"screen-reader-text\">\u00abSumem esfor\u00e7os amb la Fundaci\u00f3 Tennis Barcelona en benefici dels infants\u00bb<\/span><\/a><\/p>\n","protected":false},"author":5,"featured_media":8349,"comment_status":"closed","ping_status":"closed","sticky":false,"template":"","format":"standard","meta":{"_uag_custom_page_level_css":"","advgb_blocks_editor_width":"","advgb_blocks_columns_visual_guide":"","footnotes":""},"categories":[2],"tags":[],"class_list":["post-8351","post","type-post","status-publish","format-standard","has-post-thumbnail","hentry","category-noticies"],"author_meta":{"display_name":"Mireia Zaragoza","author_link":"https:\/\/www.ametllerorigenwp.com\/ca\/author\/mzaragoza\/"},"featured_img":"https:\/\/www.ametllerorigenwp.com\/wp-content\/uploads\/2023\/04\/nens_2.5.1-300x102.jpg","uagb_featured_image_src":{"full":["https:\/\/www.ametllerorigenwp.com\/wp-content\/uploads\/2023\/04\/nens_2.5.1.jpg",1000,340,false],"thumbnail":["https:\/\/www.ametllerorigenwp.com\/wp-content\/uploads\/2023\/04\/nens_2.5.1-150x150.jpg",150,150,true],"medium":["https:\/\/www.ametllerorigenwp.com\/wp-content\/uploads\/2023\/04\/nens_2.5.1-300x102.jpg",300,102,true],"medium_large":["https:\/\/www.ametllerorigenwp.com\/wp-content\/uploads\/2023\/04\/nens_2.5.1-768x261.jpg",768,261,true],"large":["https:\/\/www.ametllerorigenwp.com\/wp-content\/uploads\/2023\/04\/nens_2.5.1.jpg",840,286,false],"1536x1536":["https:\/\/www.ametllerorigenwp.com\/wp-content\/uploads\/2023\/04\/nens_2.5.1.jpg",1000,340,false],"2048x2048":["https:\/\/www.ametllerorigenwp.com\/wp-content\/uploads\/2023\/04\/nens_2.5.1.jpg",1000,340,false],"post-thumbnail":["https:\/\/www.ametllerorigenwp.com\/wp-content\/uploads\/2023\/04\/nens_2.5.1.jpg",1000,340,false]},"uagb_author_info":{"display_name":"Mireia Zaragoza","author_link":"https:\/\/www.ametllerorigenwp.com\/ca\/author\/mzaragoza\/"},"uagb_comment_info":0,"uagb_excerpt":"Ens hem sumat a la iniciativa \u201cLa Raqueta Solid\u00e0ria\u201d de la Fundaci\u00f3 Tennis Barcelona per tal de recaptar fons per als infants que es troben en una situaci\u00f3 de vulnerabilitat. Durant aquests dies que se celebra\u00a0el torneig de tenis Conde God\u00f3 2023, les persones que s\u2019hi vulguin sumar poden fer la seva aportaci\u00f3 in situ&hellip;","coauthors":[],"tax_additional":{"categories":{"linked":["<a href=\"https:\/\/www.ametllerorigenwp.com\/ca\/category\/noticies\/\" class=\"advgb-post-tax-term\">Noticies<\/a>"],"unlinked":["<span class=\"advgb-post-tax-term\">Noticies<\/span>"]}},"comment_count":"0","relative_dates":{"created":"Posted 3 anys ago","modified":"Updated 3 anys ago"},"absolute_dates":{"created":"Posted on 20 d'abril de 2023","modified":"Updated on 19 d'abril de 2023"},"absolute_dates_time":{"created":"Posted on 20 d'abril de 2023 01:00","modified":"Updated on 19 d'abril de 2023 14:18"},"featured_img_caption":"","series_order":"","show_in_app":true,"fecha_inicio_destacado":null,"hora_inicio_visualizacion":null,"minutos_inicio_visualizacion":null,"fecha_final_destacado":null,"hora_final_visualizacion":null,"minutos_final_visualizacion":null,"posicion_visualizacion":null,"estado_destacado":null,"niveles_destacados":null,"url_del_enlace":null,"banner_destacado":null,"posicion_visualizacion_de_la_noticia":"01","estado_noticia":["Visible"],"fecha_de_inicio_de_visualizacion_del_tutorial":null,"hora_inicio_visualizacion_tutorial":null,"minutos_inicio_visualizacion_tutorial":null,"fecha_de_final_de_visualizacion_del_tutorial":null,"hora_final_visualizacion_tutorial":null,"minutos_final_visualizacion_tutorial":null,"numero_de_veces_visto":null,"numero_de_veces_total":null,"niveles_tutorial":null,"tutorial_recursos_castellano":null,"tutorial_recursos_catalan":null,"dias_disponibles":null,"dias_de_la_semana":null,"dias_del_mes":null,"other_lang_post_id":null,"lang":"ca","campanya_descripcion":null,"campanya_fecha_inicio":null,"campanya_fecha_fin":null,"campanya_legales":null,"campanya_imagen":null,"campanya_characteristics":null,"campanya_url":null,"campanya_posicion_visualizacion":null,"campanya_estado":null,"_links":{"self":[{"href":"https:\/\/www.ametllerorigenwp.com\/ca\/wp-json\/wp\/v2\/posts\/8351","targetHints":{"allow":["GET"]}}],"collection":[{"href":"https:\/\/www.ametllerorigenwp.com\/ca\/wp-json\/wp\/v2\/posts"}],"about":[{"href":"https:\/\/www.ametllerorigenwp.com\/ca\/wp-json\/wp\/v2\/types\/post"}],"author":[{"embeddable":true,"href":"https:\/\/www.ametllerorigenwp.com\/ca\/wp-json\/wp\/v2\/users\/5"}],"replies":[{"embeddable":true,"href":"https:\/\/www.ametllerorigenwp.com\/ca\/wp-json\/wp\/v2\/comments?post=8351"}],"version-history":[{"count":1,"href":"https:\/\/www.ametllerorigenwp.com\/ca\/wp-json\/wp\/v2\/posts\/8351\/revisions"}],"predecessor-version":[{"id":8352,"href":"https:\/\/www.ametllerorigenwp.com\/ca\/wp-json\/wp\/v2\/posts\/8351\/revisions\/8352"}],"wp:featuredmedia":[{"embeddable":true,"href":"https:\/\/www.ametllerorigenwp.com\/ca\/wp-json\/wp\/v2\/media\/8349"}],"wp:attachment":[{"href":"https:\/\/www.ametllerorigenwp.com\/ca\/wp-json\/wp\/v2\/media?parent=8351"}],"wp:term":[{"taxonomy":"category","embeddable":true,"href":"https:\/\/www.ametllerorigenwp.com\/ca\/wp-json\/wp\/v2\/categories?post=8351"},{"taxonomy":"post_tag","embeddable":true,"href":"https:\/\/www.ametllerorigenwp.com\/ca\/wp-json\/wp\/v2\/tags?post=8351"}],"curies":[{"name":"wp","href":"https:\/\/api.w.org\/{rel}","templated":true}]}}