{"id":8387,"date":"2023-04-25T01:00:39","date_gmt":"2023-04-25T01:00:39","guid":{"rendered":"https:\/\/www.ametllerorigenwp.com\/?p=8387"},"modified":"2023-04-24T13:47:22","modified_gmt":"2023-04-24T13:47:22","slug":"quines-fruites-pertanyen-al-grup-de-les-fruites-vermelles","status":"publish","type":"post","link":"https:\/\/www.ametllerorigenwp.com\/ca\/quines-fruites-pertanyen-al-grup-de-les-fruites-vermelles\/","title":{"rendered":"Quines fruites pertanyen al grup de les fruites vermelles?"},"content":{"rendered":"<p><strong>Les fruites vermelles s\u00f3n un grup de fruites que, <\/strong>com b\u00e9 indica el seu nom,<strong> s\u00f3n vermelles o de tonalitats semblants<\/strong> i s\u00f3n molt saludables, ja que t\u2019ajuden a mantenir les c\u00e8l\u00b7lules joves. A continuaci\u00f3 t\u2019expliquem quines s\u00f3n les fruites vermelles m\u00e9s conegudes:<\/p>\n<ul>\n<li><strong>Nabius<\/strong>: de forma rodona, petits i de color morat fosc tirant a negre.<\/li>\n<li><strong>Gerds<\/strong>: de forma arrodonida i pell suau i vellutada, tenen un color vermell brillant.<\/li>\n<li><strong>Mores<\/strong>: de forma arrodonida i pell granulada de color negre fosc.<\/li>\n<li><strong>Groselles<\/strong>: de forma arrodonida, pell llisa i brillant i poden ser de color negre o vermell.<\/li>\n<\/ul>\n<p><strong>Les maduixes, les cireres i les prunes vermelles tamb\u00e9 pertanyen al grup de les fruites vermelles<\/strong>.<\/p>\n<p>Vols saber per qu\u00e8 s\u00f3n tan saludables i quina raci\u00f3 hauries de consumir? Descobreix-ho en aquest article del <a href=\"https:\/\/www.ametllerorigen.com\/ca\/blog\/quines-fruites-pertanyen-al-grup-de-les-fruites-vermelles\">blog<\/a>.<\/p>\n","protected":false},"excerpt":{"rendered":"<p>Les fruites vermelles s\u00f3n un grup de fruites que, com b\u00e9 indica el seu nom, s\u00f3n vermelles o de tonalitats semblants i s\u00f3n molt saludables, ja que t\u2019ajuden a mantenir les c\u00e8l\u00b7lules joves. A continuaci\u00f3 t\u2019expliquem quines s\u00f3n les fruites vermelles m\u00e9s conegudes: Nabius: de forma rodona, petits i de color morat fosc tirant a &hellip; <a href=\"https:\/\/www.ametllerorigenwp.com\/ca\/quines-fruites-pertanyen-al-grup-de-les-fruites-vermelles\/\" class=\"more-link\">Continua llegint <span class=\"screen-reader-text\">\u00abQuines fruites pertanyen al grup de les fruites vermelles?\u00bb<\/span><\/a><\/p>\n","protected":false},"author":5,"featured_media":8384,"comment_status":"closed","ping_status":"closed","sticky":false,"template":"","format":"standard","meta":{"_uag_custom_page_level_css":"","advgb_blocks_editor_width":"","advgb_blocks_columns_visual_guide":"","footnotes":""},"categories":[2],"tags":[],"class_list":["post-8387","post","type-post","status-publish","format-standard","has-post-thumbnail","hentry","category-noticies"],"author_meta":{"display_name":"Mireia Zaragoza","author_link":"https:\/\/www.ametllerorigenwp.com\/ca\/author\/mzaragoza\/"},"featured_img":"https:\/\/www.ametllerorigenwp.com\/wp-content\/uploads\/2023\/04\/foto_app_fruita_vermella_1000x340-300x102.jpg","uagb_featured_image_src":{"full":["https:\/\/www.ametllerorigenwp.com\/wp-content\/uploads\/2023\/04\/foto_app_fruita_vermella_1000x340.jpg",1000,340,false],"thumbnail":["https:\/\/www.ametllerorigenwp.com\/wp-content\/uploads\/2023\/04\/foto_app_fruita_vermella_1000x340-150x150.jpg",150,150,true],"medium":["https:\/\/www.ametllerorigenwp.com\/wp-content\/uploads\/2023\/04\/foto_app_fruita_vermella_1000x340-300x102.jpg",300,102,true],"medium_large":["https:\/\/www.ametllerorigenwp.com\/wp-content\/uploads\/2023\/04\/foto_app_fruita_vermella_1000x340-768x261.jpg",768,261,true],"large":["https:\/\/www.ametllerorigenwp.com\/wp-content\/uploads\/2023\/04\/foto_app_fruita_vermella_1000x340.jpg",840,286,false],"1536x1536":["https:\/\/www.ametllerorigenwp.com\/wp-content\/uploads\/2023\/04\/foto_app_fruita_vermella_1000x340.jpg",1000,340,false],"2048x2048":["https:\/\/www.ametllerorigenwp.com\/wp-content\/uploads\/2023\/04\/foto_app_fruita_vermella_1000x340.jpg",1000,340,false],"post-thumbnail":["https:\/\/www.ametllerorigenwp.com\/wp-content\/uploads\/2023\/04\/foto_app_fruita_vermella_1000x340.jpg",1000,340,false]},"uagb_author_info":{"display_name":"Mireia Zaragoza","author_link":"https:\/\/www.ametllerorigenwp.com\/ca\/author\/mzaragoza\/"},"uagb_comment_info":0,"uagb_excerpt":"Les fruites vermelles s\u00f3n un grup de fruites que, com b\u00e9 indica el seu nom, s\u00f3n vermelles o de tonalitats semblants i s\u00f3n molt saludables, ja que t\u2019ajuden a mantenir les c\u00e8l\u00b7lules joves. A continuaci\u00f3 t\u2019expliquem quines s\u00f3n les fruites vermelles m\u00e9s conegudes: Nabius: de forma rodona, petits i de color morat fosc tirant a&hellip;","coauthors":[],"tax_additional":{"categories":{"linked":["<a href=\"https:\/\/www.ametllerorigenwp.com\/ca\/category\/noticies\/\" class=\"advgb-post-tax-term\">Noticies<\/a>"],"unlinked":["<span class=\"advgb-post-tax-term\">Noticies<\/span>"]}},"comment_count":"0","relative_dates":{"created":"Posted 3 anys ago","modified":"Updated 3 anys ago"},"absolute_dates":{"created":"Posted on 25 d'abril de 2023","modified":"Updated on 24 d'abril de 2023"},"absolute_dates_time":{"created":"Posted on 25 d'abril de 2023 01:00","modified":"Updated on 24 d'abril de 2023 13:47"},"featured_img_caption":"","series_order":"","show_in_app":true,"fecha_inicio_destacado":null,"hora_inicio_visualizacion":null,"minutos_inicio_visualizacion":null,"fecha_final_destacado":null,"hora_final_visualizacion":null,"minutos_final_visualizacion":null,"posicion_visualizacion":null,"estado_destacado":null,"niveles_destacados":null,"url_del_enlace":null,"banner_destacado":null,"posicion_visualizacion_de_la_noticia":"01","estado_noticia":["Visible"],"fecha_de_inicio_de_visualizacion_del_tutorial":null,"hora_inicio_visualizacion_tutorial":null,"minutos_inicio_visualizacion_tutorial":null,"fecha_de_final_de_visualizacion_del_tutorial":null,"hora_final_visualizacion_tutorial":null,"minutos_final_visualizacion_tutorial":null,"numero_de_veces_visto":null,"numero_de_veces_total":null,"niveles_tutorial":null,"tutorial_recursos_castellano":null,"tutorial_recursos_catalan":null,"dias_disponibles":null,"dias_de_la_semana":null,"dias_del_mes":null,"other_lang_post_id":null,"lang":"ca","campanya_descripcion":null,"campanya_fecha_inicio":null,"campanya_fecha_fin":null,"campanya_legales":null,"campanya_imagen":null,"campanya_characteristics":null,"campanya_url":null,"campanya_posicion_visualizacion":null,"campanya_estado":null,"_links":{"self":[{"href":"https:\/\/www.ametllerorigenwp.com\/ca\/wp-json\/wp\/v2\/posts\/8387","targetHints":{"allow":["GET"]}}],"collection":[{"href":"https:\/\/www.ametllerorigenwp.com\/ca\/wp-json\/wp\/v2\/posts"}],"about":[{"href":"https:\/\/www.ametllerorigenwp.com\/ca\/wp-json\/wp\/v2\/types\/post"}],"author":[{"embeddable":true,"href":"https:\/\/www.ametllerorigenwp.com\/ca\/wp-json\/wp\/v2\/users\/5"}],"replies":[{"embeddable":true,"href":"https:\/\/www.ametllerorigenwp.com\/ca\/wp-json\/wp\/v2\/comments?post=8387"}],"version-history":[{"count":3,"href":"https:\/\/www.ametllerorigenwp.com\/ca\/wp-json\/wp\/v2\/posts\/8387\/revisions"}],"predecessor-version":[{"id":8400,"href":"https:\/\/www.ametllerorigenwp.com\/ca\/wp-json\/wp\/v2\/posts\/8387\/revisions\/8400"}],"wp:featuredmedia":[{"embeddable":true,"href":"https:\/\/www.ametllerorigenwp.com\/ca\/wp-json\/wp\/v2\/media\/8384"}],"wp:attachment":[{"href":"https:\/\/www.ametllerorigenwp.com\/ca\/wp-json\/wp\/v2\/media?parent=8387"}],"wp:term":[{"taxonomy":"category","embeddable":true,"href":"https:\/\/www.ametllerorigenwp.com\/ca\/wp-json\/wp\/v2\/categories?post=8387"},{"taxonomy":"post_tag","embeddable":true,"href":"https:\/\/www.ametllerorigenwp.com\/ca\/wp-json\/wp\/v2\/tags?post=8387"}],"curies":[{"name":"wp","href":"https:\/\/api.w.org\/{rel}","templated":true}]}}