{"id":8405,"date":"2023-04-26T01:00:35","date_gmt":"2023-04-26T01:00:35","guid":{"rendered":"https:\/\/www.ametllerorigenwp.com\/?p=8405"},"modified":"2023-04-25T14:33:09","modified_gmt":"2023-04-25T14:33:09","slug":"els-vins-de-familia-ametller-a-la-fira-del-vi-de-falset","status":"publish","type":"post","link":"https:\/\/www.ametllerorigenwp.com\/ca\/els-vins-de-familia-ametller-a-la-fira-del-vi-de-falset\/","title":{"rendered":"Els vins de Fam\u00edlia Ametller, a la Fira del Vi de Falset"},"content":{"rendered":"<p>Des <strong>d\u2019aquest divendres i fins a l\u20191 de maig<\/strong>, els amants del vi tenen una cita: <a href=\"https:\/\/www.firadelvi.org\/\"><strong>la Fira del Vi de Falset<\/strong><\/a>, un esdeveniment que s\u2019ha convertit en obligatori per als aficionats i professionals del sector, i a on, un any m\u00e9s, <strong>podran trobar-hi les noves anyades dels vins de Fam\u00edlia Ametller<\/strong> (<em>stand <\/em>n\u00famero 8).<\/p>\n<p>Uns vins elaborats al Priorat a les finques propietat de la Fam\u00edlia Ametller, que formen una <strong>\u00e0mplia gamma de vins blancs, rosats i negres joves i d\u2019altres de llarga crian\u00e7a<\/strong>.<\/p>\n<p>Els visitants que s\u2019acostin a l\u2019<em>stand<\/em> i mostrin la targeta client d\u2019Ametller Origen tindran un descompte en la seva compra.<\/p>\n","protected":false},"excerpt":{"rendered":"<p>Des d\u2019aquest divendres i fins a l\u20191 de maig, els amants del vi tenen una cita: la Fira del Vi de Falset, un esdeveniment que s\u2019ha convertit en obligatori per als aficionats i professionals del sector, i a on, un any m\u00e9s, podran trobar-hi les noves anyades dels vins de Fam\u00edlia Ametller (stand n\u00famero 8). &hellip; <a href=\"https:\/\/www.ametllerorigenwp.com\/ca\/els-vins-de-familia-ametller-a-la-fira-del-vi-de-falset\/\" class=\"more-link\">Continua llegint <span class=\"screen-reader-text\">\u00abEls vins de Fam\u00edlia Ametller, a la Fira del Vi de Falset\u00bb<\/span><\/a><\/p>\n","protected":false},"author":5,"featured_media":3440,"comment_status":"closed","ping_status":"closed","sticky":false,"template":"","format":"standard","meta":{"_uag_custom_page_level_css":"","advgb_blocks_editor_width":"","advgb_blocks_columns_visual_guide":"","footnotes":""},"categories":[2],"tags":[],"class_list":["post-8405","post","type-post","status-publish","format-standard","has-post-thumbnail","hentry","category-noticies"],"author_meta":{"display_name":"Mireia Zaragoza","author_link":"https:\/\/www.ametllerorigenwp.com\/ca\/author\/mzaragoza\/"},"featured_img":"https:\/\/www.ametllerorigenwp.com\/wp-content\/uploads\/2021\/09\/APP_Raim_1000x340-300x102.jpg","uagb_featured_image_src":{"full":["https:\/\/www.ametllerorigenwp.com\/wp-content\/uploads\/2021\/09\/APP_Raim_1000x340.jpg",1000,340,false],"thumbnail":["https:\/\/www.ametllerorigenwp.com\/wp-content\/uploads\/2021\/09\/APP_Raim_1000x340-150x150.jpg",150,150,true],"medium":["https:\/\/www.ametllerorigenwp.com\/wp-content\/uploads\/2021\/09\/APP_Raim_1000x340-300x102.jpg",300,102,true],"medium_large":["https:\/\/www.ametllerorigenwp.com\/wp-content\/uploads\/2021\/09\/APP_Raim_1000x340-768x261.jpg",768,261,true],"large":["https:\/\/www.ametllerorigenwp.com\/wp-content\/uploads\/2021\/09\/APP_Raim_1000x340.jpg",840,286,false],"1536x1536":["https:\/\/www.ametllerorigenwp.com\/wp-content\/uploads\/2021\/09\/APP_Raim_1000x340.jpg",1000,340,false],"2048x2048":["https:\/\/www.ametllerorigenwp.com\/wp-content\/uploads\/2021\/09\/APP_Raim_1000x340.jpg",1000,340,false],"post-thumbnail":["https:\/\/www.ametllerorigenwp.com\/wp-content\/uploads\/2021\/09\/APP_Raim_1000x340.jpg",1000,340,false]},"uagb_author_info":{"display_name":"Mireia Zaragoza","author_link":"https:\/\/www.ametllerorigenwp.com\/ca\/author\/mzaragoza\/"},"uagb_comment_info":0,"uagb_excerpt":"Des d\u2019aquest divendres i fins a l\u20191 de maig, els amants del vi tenen una cita: la Fira del Vi de Falset, un esdeveniment que s\u2019ha convertit en obligatori per als aficionats i professionals del sector, i a on, un any m\u00e9s, podran trobar-hi les noves anyades dels vins de Fam\u00edlia Ametller (stand n\u00famero 8).&hellip;","coauthors":[],"tax_additional":{"categories":{"linked":["<a href=\"https:\/\/www.ametllerorigenwp.com\/ca\/category\/noticies\/\" class=\"advgb-post-tax-term\">Noticies<\/a>"],"unlinked":["<span class=\"advgb-post-tax-term\">Noticies<\/span>"]}},"comment_count":"0","relative_dates":{"created":"Posted 3 anys ago","modified":"Updated 3 anys ago"},"absolute_dates":{"created":"Posted on 26 d'abril de 2023","modified":"Updated on 25 d'abril de 2023"},"absolute_dates_time":{"created":"Posted on 26 d'abril de 2023 01:00","modified":"Updated on 25 d'abril de 2023 14:33"},"featured_img_caption":"","series_order":"","show_in_app":true,"fecha_inicio_destacado":null,"hora_inicio_visualizacion":null,"minutos_inicio_visualizacion":null,"fecha_final_destacado":null,"hora_final_visualizacion":null,"minutos_final_visualizacion":null,"posicion_visualizacion":null,"estado_destacado":null,"niveles_destacados":null,"url_del_enlace":null,"banner_destacado":null,"posicion_visualizacion_de_la_noticia":"01","estado_noticia":["Visible"],"fecha_de_inicio_de_visualizacion_del_tutorial":null,"hora_inicio_visualizacion_tutorial":null,"minutos_inicio_visualizacion_tutorial":null,"fecha_de_final_de_visualizacion_del_tutorial":null,"hora_final_visualizacion_tutorial":null,"minutos_final_visualizacion_tutorial":null,"numero_de_veces_visto":null,"numero_de_veces_total":null,"niveles_tutorial":null,"tutorial_recursos_castellano":null,"tutorial_recursos_catalan":null,"dias_disponibles":null,"dias_de_la_semana":null,"dias_del_mes":null,"other_lang_post_id":null,"lang":"ca","campanya_descripcion":null,"campanya_fecha_inicio":null,"campanya_fecha_fin":null,"campanya_legales":null,"campanya_imagen":null,"campanya_characteristics":null,"campanya_url":null,"campanya_posicion_visualizacion":null,"campanya_estado":null,"_links":{"self":[{"href":"https:\/\/www.ametllerorigenwp.com\/ca\/wp-json\/wp\/v2\/posts\/8405","targetHints":{"allow":["GET"]}}],"collection":[{"href":"https:\/\/www.ametllerorigenwp.com\/ca\/wp-json\/wp\/v2\/posts"}],"about":[{"href":"https:\/\/www.ametllerorigenwp.com\/ca\/wp-json\/wp\/v2\/types\/post"}],"author":[{"embeddable":true,"href":"https:\/\/www.ametllerorigenwp.com\/ca\/wp-json\/wp\/v2\/users\/5"}],"replies":[{"embeddable":true,"href":"https:\/\/www.ametllerorigenwp.com\/ca\/wp-json\/wp\/v2\/comments?post=8405"}],"version-history":[{"count":2,"href":"https:\/\/www.ametllerorigenwp.com\/ca\/wp-json\/wp\/v2\/posts\/8405\/revisions"}],"predecessor-version":[{"id":8411,"href":"https:\/\/www.ametllerorigenwp.com\/ca\/wp-json\/wp\/v2\/posts\/8405\/revisions\/8411"}],"wp:featuredmedia":[{"embeddable":true,"href":"https:\/\/www.ametllerorigenwp.com\/ca\/wp-json\/wp\/v2\/media\/3440"}],"wp:attachment":[{"href":"https:\/\/www.ametllerorigenwp.com\/ca\/wp-json\/wp\/v2\/media?parent=8405"}],"wp:term":[{"taxonomy":"category","embeddable":true,"href":"https:\/\/www.ametllerorigenwp.com\/ca\/wp-json\/wp\/v2\/categories?post=8405"},{"taxonomy":"post_tag","embeddable":true,"href":"https:\/\/www.ametllerorigenwp.com\/ca\/wp-json\/wp\/v2\/tags?post=8405"}],"curies":[{"name":"wp","href":"https:\/\/api.w.org\/{rel}","templated":true}]}}