{"id":8649,"date":"2023-05-20T01:00:30","date_gmt":"2023-05-20T01:00:30","guid":{"rendered":"https:\/\/www.ametllerorigenwp.com\/?p=8649"},"modified":"2023-05-29T15:57:33","modified_gmt":"2023-05-29T15:57:33","slug":"gala-solidaria-en-benefici-de-lela-a-lantic-moli","status":"publish","type":"post","link":"https:\/\/www.ametllerorigenwp.com\/ca\/gala-solidaria-en-benefici-de-lela-a-lantic-moli\/","title":{"rendered":"Gala Solid\u00e0ria en benefici de l&#8217;ELA al restaurant l&#8217;Antic Mol\u00ed"},"content":{"rendered":"<p>Com a cloenda de la campanya Cuina Solid\u00e0ria i coincidint amb el Dia Mundial de l\u00b4ELA, <strong>Ametller Origen i el restaurant amb Estrella Michelin i Estrella Verda, l\u00b4Antic Mol\u00ed <\/strong>(Carretera Ulldecona, La S\u00e9nia, km 10),<strong> organitzem un sopar solidari per recaptar fons per a la Fundaci\u00f3 Catalana d\u00b4ELA Miquel Valls<\/strong>. El 100% dels diners de les entrades es destinaran a l\u00b4entitat per millorar la qualitat de vida de pacients i familiars.<\/p>\n<p><strong>El sopar, <\/strong>que se celebrar\u00e0 el proper divendres 16 de juny<strong>, comptar\u00e0 amb l\u00b4assist\u00e8ncia de l\u00b4exfutbolista Juan Carlos Unzu\u00e9 i els xefs Ada Parellada i Vicent Guimer\u00e0 i altres personalitats rellevants<\/strong>.<\/p>\n<p>La gala solid\u00e0ria compta amb la col\u00b7laboraci\u00f3 de Alex\u2019s, l\u2019Ajuntament d\u2019Ulldecona, Blaucar, Boix Verd Floristes, Caf\u00e8s Novell, Canal Terres de l\u2019Ebre, Canal 21, Dehesas de las Cumbres, Denominaci\u00f3 d\u2019Origen Terra Alta, Gr\u00e0fics, Iberconseil, Imagina R\u00e0dio, Pirinat Carn Ecol\u00f2gica, Mobenia, Tegar i Stock Plus.<\/p>\n<p>Compra la teva <a href=\"https:\/\/mercat-autors.ametllerorigen.com\/galasolidariaenbeneficidelelaalanticmoli1\">entrada<\/a> i aporta el teu granet de sorra!<\/p>\n","protected":false},"excerpt":{"rendered":"<p>Com a cloenda de la campanya Cuina Solid\u00e0ria i coincidint amb el Dia Mundial de l\u00b4ELA, Ametller Origen i el restaurant amb Estrella Michelin i Estrella Verda, l\u00b4Antic Mol\u00ed (Carretera Ulldecona, La S\u00e9nia, km 10), organitzem un sopar solidari per recaptar fons per a la Fundaci\u00f3 Catalana d\u00b4ELA Miquel Valls. El 100% dels diners de &hellip; <a href=\"https:\/\/www.ametllerorigenwp.com\/ca\/gala-solidaria-en-benefici-de-lela-a-lantic-moli\/\" class=\"more-link\">Continua llegint <span class=\"screen-reader-text\">\u00abGala Solid\u00e0ria en benefici de l&#8217;ELA al restaurant l&#8217;Antic Mol\u00ed\u00bb<\/span><\/a><\/p>\n","protected":false},"author":5,"featured_media":8647,"comment_status":"closed","ping_status":"closed","sticky":false,"template":"","format":"standard","meta":{"_uag_custom_page_level_css":"","advgb_blocks_editor_width":"","advgb_blocks_columns_visual_guide":"","footnotes":""},"categories":[2],"tags":[],"class_list":["post-8649","post","type-post","status-publish","format-standard","has-post-thumbnail","hentry","category-noticies"],"author_meta":{"display_name":"Mireia Zaragoza","author_link":"https:\/\/www.ametllerorigenwp.com\/ca\/author\/mzaragoza\/"},"featured_img":"https:\/\/www.ametllerorigenwp.com\/wp-content\/uploads\/2023\/05\/Proyecto-nuevo-3-300x174.png","uagb_featured_image_src":{"full":["https:\/\/www.ametllerorigenwp.com\/wp-content\/uploads\/2023\/05\/Proyecto-nuevo-3.png",1000,581,false],"thumbnail":["https:\/\/www.ametllerorigenwp.com\/wp-content\/uploads\/2023\/05\/Proyecto-nuevo-3-150x150.png",150,150,true],"medium":["https:\/\/www.ametllerorigenwp.com\/wp-content\/uploads\/2023\/05\/Proyecto-nuevo-3-300x174.png",300,174,true],"medium_large":["https:\/\/www.ametllerorigenwp.com\/wp-content\/uploads\/2023\/05\/Proyecto-nuevo-3-768x446.png",768,446,true],"large":["https:\/\/www.ametllerorigenwp.com\/wp-content\/uploads\/2023\/05\/Proyecto-nuevo-3.png",840,488,false],"1536x1536":["https:\/\/www.ametllerorigenwp.com\/wp-content\/uploads\/2023\/05\/Proyecto-nuevo-3.png",1000,581,false],"2048x2048":["https:\/\/www.ametllerorigenwp.com\/wp-content\/uploads\/2023\/05\/Proyecto-nuevo-3.png",1000,581,false],"post-thumbnail":["https:\/\/www.ametllerorigenwp.com\/wp-content\/uploads\/2023\/05\/Proyecto-nuevo-3.png",1000,581,false]},"uagb_author_info":{"display_name":"Mireia Zaragoza","author_link":"https:\/\/www.ametllerorigenwp.com\/ca\/author\/mzaragoza\/"},"uagb_comment_info":0,"uagb_excerpt":"Com a cloenda de la campanya Cuina Solid\u00e0ria i coincidint amb el Dia Mundial de l\u00b4ELA, Ametller Origen i el restaurant amb Estrella Michelin i Estrella Verda, l\u00b4Antic Mol\u00ed (Carretera Ulldecona, La S\u00e9nia, km 10), organitzem un sopar solidari per recaptar fons per a la Fundaci\u00f3 Catalana d\u00b4ELA Miquel Valls. El 100% dels diners de&hellip;","coauthors":[],"tax_additional":{"categories":{"linked":["<a href=\"https:\/\/www.ametllerorigenwp.com\/ca\/category\/noticies\/\" class=\"advgb-post-tax-term\">Noticies<\/a>"],"unlinked":["<span class=\"advgb-post-tax-term\">Noticies<\/span>"]}},"comment_count":"0","relative_dates":{"created":"Posted 3 anys ago","modified":"Updated 3 anys ago"},"absolute_dates":{"created":"Posted on 20 de maig de 2023","modified":"Updated on 29 de maig de 2023"},"absolute_dates_time":{"created":"Posted on 20 de maig de 2023 01:00","modified":"Updated on 29 de maig de 2023 15:57"},"featured_img_caption":"","series_order":"","show_in_app":true,"fecha_inicio_destacado":null,"hora_inicio_visualizacion":null,"minutos_inicio_visualizacion":null,"fecha_final_destacado":null,"hora_final_visualizacion":null,"minutos_final_visualizacion":null,"posicion_visualizacion":null,"estado_destacado":null,"niveles_destacados":null,"url_del_enlace":null,"banner_destacado":null,"posicion_visualizacion_de_la_noticia":"01","estado_noticia":["Visible"],"fecha_de_inicio_de_visualizacion_del_tutorial":null,"hora_inicio_visualizacion_tutorial":null,"minutos_inicio_visualizacion_tutorial":null,"fecha_de_final_de_visualizacion_del_tutorial":null,"hora_final_visualizacion_tutorial":null,"minutos_final_visualizacion_tutorial":null,"numero_de_veces_visto":null,"numero_de_veces_total":null,"niveles_tutorial":null,"tutorial_recursos_castellano":null,"tutorial_recursos_catalan":null,"dias_disponibles":null,"dias_de_la_semana":null,"dias_del_mes":null,"other_lang_post_id":null,"lang":"ca","campanya_descripcion":null,"campanya_fecha_inicio":null,"campanya_fecha_fin":null,"campanya_legales":null,"campanya_imagen":null,"campanya_characteristics":null,"campanya_url":null,"campanya_posicion_visualizacion":null,"campanya_estado":null,"_links":{"self":[{"href":"https:\/\/www.ametllerorigenwp.com\/ca\/wp-json\/wp\/v2\/posts\/8649","targetHints":{"allow":["GET"]}}],"collection":[{"href":"https:\/\/www.ametllerorigenwp.com\/ca\/wp-json\/wp\/v2\/posts"}],"about":[{"href":"https:\/\/www.ametllerorigenwp.com\/ca\/wp-json\/wp\/v2\/types\/post"}],"author":[{"embeddable":true,"href":"https:\/\/www.ametllerorigenwp.com\/ca\/wp-json\/wp\/v2\/users\/5"}],"replies":[{"embeddable":true,"href":"https:\/\/www.ametllerorigenwp.com\/ca\/wp-json\/wp\/v2\/comments?post=8649"}],"version-history":[{"count":6,"href":"https:\/\/www.ametllerorigenwp.com\/ca\/wp-json\/wp\/v2\/posts\/8649\/revisions"}],"predecessor-version":[{"id":8745,"href":"https:\/\/www.ametllerorigenwp.com\/ca\/wp-json\/wp\/v2\/posts\/8649\/revisions\/8745"}],"wp:featuredmedia":[{"embeddable":true,"href":"https:\/\/www.ametllerorigenwp.com\/ca\/wp-json\/wp\/v2\/media\/8647"}],"wp:attachment":[{"href":"https:\/\/www.ametllerorigenwp.com\/ca\/wp-json\/wp\/v2\/media?parent=8649"}],"wp:term":[{"taxonomy":"category","embeddable":true,"href":"https:\/\/www.ametllerorigenwp.com\/ca\/wp-json\/wp\/v2\/categories?post=8649"},{"taxonomy":"post_tag","embeddable":true,"href":"https:\/\/www.ametllerorigenwp.com\/ca\/wp-json\/wp\/v2\/tags?post=8649"}],"curies":[{"name":"wp","href":"https:\/\/api.w.org\/{rel}","templated":true}]}}