{"id":8689,"date":"2023-05-24T01:00:25","date_gmt":"2023-05-24T01:00:25","guid":{"rendered":"https:\/\/www.ametllerorigenwp.com\/?p=8689"},"modified":"2023-05-23T14:28:17","modified_gmt":"2023-05-23T14:28:17","slug":"alcada-i-hydrocooling-el-secret-de-les-nostres-cireres","status":"publish","type":"post","link":"https:\/\/www.ametllerorigenwp.com\/ca\/alcada-i-hydrocooling-el-secret-de-les-nostres-cireres\/","title":{"rendered":"Al\u00e7ada i hydrocooling, el secret de les nostres cireres"},"content":{"rendered":"<p><strong>Les cireres s\u00f3n una de les primeres fruites delicioses de pinyol de les quals podem gaudir i molt apreciades per tothom<\/strong>. Vols saber com les cultivem perqu\u00e8 siguin tan bones? Descobreix-ho a continuaci\u00f3!<\/p>\n<p><strong>A Ametller Origen comptem amb un total de 104 hect\u00e0rees de camps propis<\/strong>, distribu\u00efts entre el Pened\u00e8s, M\u00farcia i S\u00f2ria, <strong>en els quals la seva caracter\u00edstica al\u00e7ada<\/strong>, per sobre dels 300 metres, ens aporta una temperatura m\u00e9s baixa a la nit i, per tant, <strong>un contrast t\u00e8rmic que va molt b\u00e9 per la cirera quan madura<\/strong>.<\/p>\n<p>Tanmateix, la collita de les cireres \u00e9s una feina laboriosa, perqu\u00e8 les <strong>collim cap endarrere i sempre amb el m\u00e0nec perqu\u00e8 es conservin millor<\/strong>. De fet, com \u00e9s una fruita altament perible, <strong>se sotmet a un proc\u00e9s d\u2019hydrocooling<\/strong> (un sistema de refredament r\u00e0pid que consisteix en mullar-les per mantenir-les fresques i en bon estat abans que arribin a botiga) i,<strong> en menys de 24 hores, te la portem del camp a la teva botiga habitual<\/strong> perqu\u00e8 la puguis gaudir en el seu punt m\u00e0xim de sabor.<\/p>\n","protected":false},"excerpt":{"rendered":"<p>Les cireres s\u00f3n una de les primeres fruites delicioses de pinyol de les quals podem gaudir i molt apreciades per tothom. Vols saber com les cultivem perqu\u00e8 siguin tan bones? Descobreix-ho a continuaci\u00f3! A Ametller Origen comptem amb un total de 104 hect\u00e0rees de camps propis, distribu\u00efts entre el Pened\u00e8s, M\u00farcia i S\u00f2ria, en els &hellip; <a href=\"https:\/\/www.ametllerorigenwp.com\/ca\/alcada-i-hydrocooling-el-secret-de-les-nostres-cireres\/\" class=\"more-link\">Continua llegint <span class=\"screen-reader-text\">\u00abAl\u00e7ada i hydrocooling, el secret de les nostres cireres\u00bb<\/span><\/a><\/p>\n","protected":false},"author":5,"featured_media":8690,"comment_status":"closed","ping_status":"closed","sticky":false,"template":"","format":"standard","meta":{"_uag_custom_page_level_css":"","advgb_blocks_editor_width":"","advgb_blocks_columns_visual_guide":"","footnotes":""},"categories":[2],"tags":[],"class_list":["post-8689","post","type-post","status-publish","format-standard","has-post-thumbnail","hentry","category-noticies"],"author_meta":{"display_name":"Mireia Zaragoza","author_link":"https:\/\/www.ametllerorigenwp.com\/ca\/author\/mzaragoza\/"},"featured_img":"https:\/\/www.ametllerorigenwp.com\/wp-content\/uploads\/2023\/05\/Proyecto-nuevo-11-300x102.png","uagb_featured_image_src":{"full":["https:\/\/www.ametllerorigenwp.com\/wp-content\/uploads\/2023\/05\/Proyecto-nuevo-11.png",1000,340,false],"thumbnail":["https:\/\/www.ametllerorigenwp.com\/wp-content\/uploads\/2023\/05\/Proyecto-nuevo-11-150x150.png",150,150,true],"medium":["https:\/\/www.ametllerorigenwp.com\/wp-content\/uploads\/2023\/05\/Proyecto-nuevo-11-300x102.png",300,102,true],"medium_large":["https:\/\/www.ametllerorigenwp.com\/wp-content\/uploads\/2023\/05\/Proyecto-nuevo-11-768x261.png",768,261,true],"large":["https:\/\/www.ametllerorigenwp.com\/wp-content\/uploads\/2023\/05\/Proyecto-nuevo-11.png",840,286,false],"1536x1536":["https:\/\/www.ametllerorigenwp.com\/wp-content\/uploads\/2023\/05\/Proyecto-nuevo-11.png",1000,340,false],"2048x2048":["https:\/\/www.ametllerorigenwp.com\/wp-content\/uploads\/2023\/05\/Proyecto-nuevo-11.png",1000,340,false],"post-thumbnail":["https:\/\/www.ametllerorigenwp.com\/wp-content\/uploads\/2023\/05\/Proyecto-nuevo-11.png",1000,340,false]},"uagb_author_info":{"display_name":"Mireia Zaragoza","author_link":"https:\/\/www.ametllerorigenwp.com\/ca\/author\/mzaragoza\/"},"uagb_comment_info":0,"uagb_excerpt":"Les cireres s\u00f3n una de les primeres fruites delicioses de pinyol de les quals podem gaudir i molt apreciades per tothom. Vols saber com les cultivem perqu\u00e8 siguin tan bones? Descobreix-ho a continuaci\u00f3! A Ametller Origen comptem amb un total de 104 hect\u00e0rees de camps propis, distribu\u00efts entre el Pened\u00e8s, M\u00farcia i S\u00f2ria, en els&hellip;","coauthors":[],"tax_additional":{"categories":{"linked":["<a href=\"https:\/\/www.ametllerorigenwp.com\/ca\/category\/noticies\/\" class=\"advgb-post-tax-term\">Noticies<\/a>"],"unlinked":["<span class=\"advgb-post-tax-term\">Noticies<\/span>"]}},"comment_count":"0","relative_dates":{"created":"Posted 3 anys ago","modified":"Updated 3 anys ago"},"absolute_dates":{"created":"Posted on 24 de maig de 2023","modified":"Updated on 23 de maig de 2023"},"absolute_dates_time":{"created":"Posted on 24 de maig de 2023 01:00","modified":"Updated on 23 de maig de 2023 14:28"},"featured_img_caption":"","series_order":"","show_in_app":true,"fecha_inicio_destacado":null,"hora_inicio_visualizacion":null,"minutos_inicio_visualizacion":null,"fecha_final_destacado":null,"hora_final_visualizacion":null,"minutos_final_visualizacion":null,"posicion_visualizacion":null,"estado_destacado":null,"niveles_destacados":null,"url_del_enlace":null,"banner_destacado":null,"posicion_visualizacion_de_la_noticia":"01","estado_noticia":["Visible"],"fecha_de_inicio_de_visualizacion_del_tutorial":null,"hora_inicio_visualizacion_tutorial":null,"minutos_inicio_visualizacion_tutorial":null,"fecha_de_final_de_visualizacion_del_tutorial":null,"hora_final_visualizacion_tutorial":null,"minutos_final_visualizacion_tutorial":null,"numero_de_veces_visto":null,"numero_de_veces_total":null,"niveles_tutorial":null,"tutorial_recursos_castellano":null,"tutorial_recursos_catalan":null,"dias_disponibles":null,"dias_de_la_semana":null,"dias_del_mes":null,"other_lang_post_id":null,"lang":"ca","campanya_descripcion":null,"campanya_fecha_inicio":null,"campanya_fecha_fin":null,"campanya_legales":null,"campanya_imagen":null,"campanya_characteristics":null,"campanya_url":null,"campanya_posicion_visualizacion":null,"campanya_estado":null,"_links":{"self":[{"href":"https:\/\/www.ametllerorigenwp.com\/ca\/wp-json\/wp\/v2\/posts\/8689","targetHints":{"allow":["GET"]}}],"collection":[{"href":"https:\/\/www.ametllerorigenwp.com\/ca\/wp-json\/wp\/v2\/posts"}],"about":[{"href":"https:\/\/www.ametllerorigenwp.com\/ca\/wp-json\/wp\/v2\/types\/post"}],"author":[{"embeddable":true,"href":"https:\/\/www.ametllerorigenwp.com\/ca\/wp-json\/wp\/v2\/users\/5"}],"replies":[{"embeddable":true,"href":"https:\/\/www.ametllerorigenwp.com\/ca\/wp-json\/wp\/v2\/comments?post=8689"}],"version-history":[{"count":1,"href":"https:\/\/www.ametllerorigenwp.com\/ca\/wp-json\/wp\/v2\/posts\/8689\/revisions"}],"predecessor-version":[{"id":8692,"href":"https:\/\/www.ametllerorigenwp.com\/ca\/wp-json\/wp\/v2\/posts\/8689\/revisions\/8692"}],"wp:featuredmedia":[{"embeddable":true,"href":"https:\/\/www.ametllerorigenwp.com\/ca\/wp-json\/wp\/v2\/media\/8690"}],"wp:attachment":[{"href":"https:\/\/www.ametllerorigenwp.com\/ca\/wp-json\/wp\/v2\/media?parent=8689"}],"wp:term":[{"taxonomy":"category","embeddable":true,"href":"https:\/\/www.ametllerorigenwp.com\/ca\/wp-json\/wp\/v2\/categories?post=8689"},{"taxonomy":"post_tag","embeddable":true,"href":"https:\/\/www.ametllerorigenwp.com\/ca\/wp-json\/wp\/v2\/tags?post=8689"}],"curies":[{"name":"wp","href":"https:\/\/api.w.org\/{rel}","templated":true}]}}