{"id":8726,"date":"2023-05-29T01:00:09","date_gmt":"2023-05-29T01:00:09","guid":{"rendered":"https:\/\/www.ametllerorigenwp.com\/?p=8726"},"modified":"2023-05-26T10:56:40","modified_gmt":"2023-05-26T10:56:40","slug":"prepara-lagenda-arriben-els-nous-tallers-de-juny","status":"publish","type":"post","link":"https:\/\/www.ametllerorigenwp.com\/ca\/prepara-lagenda-arriben-els-nous-tallers-de-juny\/","title":{"rendered":"Prepara l\u2019agenda: arriben els nous tallers de juny!"},"content":{"rendered":"<p>Tens ganes de passar una tarda entretinguda i divertida? No et perdis els nous tallers de juny! Consulta el <a href=\"https:\/\/mercat-autors.ametllerorigen.com\/\">nostre calendari<\/a> i gaudeix del taller de <strong>taules salades amb la influencer gastron\u00f2mica @ferrussian<\/strong> i del taller de <strong>receptes saludables en benefici de l\u2019ELA amb la instagramer @albitrips<\/strong>. <strong>Amb el Cintet<\/strong>, aprendr\u00e0s a <strong>preparar gyozes casolanes<\/strong>, elaborar\u00e0s els <strong>millors farcits per als teus wraps<\/strong> i, a m\u00e9s a m\u00e9s, <strong>tamb\u00e9 hem preparat un taller a Sant Pere Molanta on t\u2019ensenyar\u00e0 a cuinar pancakes de p\u00e8sol, crispetes de coliflor i maduixes <em>cheesecake<\/em><\/strong>.<\/p>\n<p>Tanmateix, pels m\u00e9s carn\u00edvors hem organitzat un <strong>taller de t\u00e0rtar de carn amb el carn\u00f2leg Sebas<\/strong> i, per als m\u00e9s petits de la casa, hem preparat un <strong>taller de sushi<\/strong>. I aix\u00f2 no \u00e9s tot: si el que busques s\u00f3n tasts i maridatges, et proposem gaudir del <strong>maridatge de vins i caves amb formatges a Mercat d\u2019Autors i del maridatge de vins i caves amb ib\u00e8rics a Via Augusta amb el sommelier Xavier Bassa.<\/strong><\/p>\n<p>T\u2019hi esperem!<\/p>\n","protected":false},"excerpt":{"rendered":"<p>Tens ganes de passar una tarda entretinguda i divertida? No et perdis els nous tallers de juny! Consulta el nostre calendari i gaudeix del taller de taules salades amb la influencer gastron\u00f2mica @ferrussian i del taller de receptes saludables en benefici de l\u2019ELA amb la instagramer @albitrips. Amb el Cintet, aprendr\u00e0s a preparar gyozes casolanes, &hellip; <a href=\"https:\/\/www.ametllerorigenwp.com\/ca\/prepara-lagenda-arriben-els-nous-tallers-de-juny\/\" class=\"more-link\">Continua llegint <span class=\"screen-reader-text\">\u00abPrepara l\u2019agenda: arriben els nous tallers de juny!\u00bb<\/span><\/a><\/p>\n","protected":false},"author":5,"featured_media":8724,"comment_status":"closed","ping_status":"closed","sticky":false,"template":"","format":"standard","meta":{"_uag_custom_page_level_css":"","advgb_blocks_editor_width":"","advgb_blocks_columns_visual_guide":"","footnotes":""},"categories":[2],"tags":[],"class_list":["post-8726","post","type-post","status-publish","format-standard","has-post-thumbnail","hentry","category-noticies"],"author_meta":{"display_name":"Mireia Zaragoza","author_link":"https:\/\/www.ametllerorigenwp.com\/ca\/author\/mzaragoza\/"},"featured_img":"https:\/\/www.ametllerorigenwp.com\/wp-content\/uploads\/2023\/05\/foto-app-tallers_1-300x102.jpg","uagb_featured_image_src":{"full":["https:\/\/www.ametllerorigenwp.com\/wp-content\/uploads\/2023\/05\/foto-app-tallers_1.jpg",1000,340,false],"thumbnail":["https:\/\/www.ametllerorigenwp.com\/wp-content\/uploads\/2023\/05\/foto-app-tallers_1-150x150.jpg",150,150,true],"medium":["https:\/\/www.ametllerorigenwp.com\/wp-content\/uploads\/2023\/05\/foto-app-tallers_1-300x102.jpg",300,102,true],"medium_large":["https:\/\/www.ametllerorigenwp.com\/wp-content\/uploads\/2023\/05\/foto-app-tallers_1-768x261.jpg",768,261,true],"large":["https:\/\/www.ametllerorigenwp.com\/wp-content\/uploads\/2023\/05\/foto-app-tallers_1.jpg",840,286,false],"1536x1536":["https:\/\/www.ametllerorigenwp.com\/wp-content\/uploads\/2023\/05\/foto-app-tallers_1.jpg",1000,340,false],"2048x2048":["https:\/\/www.ametllerorigenwp.com\/wp-content\/uploads\/2023\/05\/foto-app-tallers_1.jpg",1000,340,false],"post-thumbnail":["https:\/\/www.ametllerorigenwp.com\/wp-content\/uploads\/2023\/05\/foto-app-tallers_1.jpg",1000,340,false]},"uagb_author_info":{"display_name":"Mireia Zaragoza","author_link":"https:\/\/www.ametllerorigenwp.com\/ca\/author\/mzaragoza\/"},"uagb_comment_info":0,"uagb_excerpt":"Tens ganes de passar una tarda entretinguda i divertida? No et perdis els nous tallers de juny! Consulta el nostre calendari i gaudeix del taller de taules salades amb la influencer gastron\u00f2mica @ferrussian i del taller de receptes saludables en benefici de l\u2019ELA amb la instagramer @albitrips. Amb el Cintet, aprendr\u00e0s a preparar gyozes casolanes,&hellip;","coauthors":[],"tax_additional":{"categories":{"linked":["<a href=\"https:\/\/www.ametllerorigenwp.com\/ca\/category\/noticies\/\" class=\"advgb-post-tax-term\">Noticies<\/a>"],"unlinked":["<span class=\"advgb-post-tax-term\">Noticies<\/span>"]}},"comment_count":"0","relative_dates":{"created":"Posted 3 anys ago","modified":"Updated 3 anys ago"},"absolute_dates":{"created":"Posted on 29 de maig de 2023","modified":"Updated on 26 de maig de 2023"},"absolute_dates_time":{"created":"Posted on 29 de maig de 2023 01:00","modified":"Updated on 26 de maig de 2023 10:56"},"featured_img_caption":"","series_order":"","show_in_app":true,"fecha_inicio_destacado":null,"hora_inicio_visualizacion":null,"minutos_inicio_visualizacion":null,"fecha_final_destacado":null,"hora_final_visualizacion":null,"minutos_final_visualizacion":null,"posicion_visualizacion":null,"estado_destacado":null,"niveles_destacados":null,"url_del_enlace":null,"banner_destacado":null,"posicion_visualizacion_de_la_noticia":"01","estado_noticia":["Visible"],"fecha_de_inicio_de_visualizacion_del_tutorial":null,"hora_inicio_visualizacion_tutorial":null,"minutos_inicio_visualizacion_tutorial":null,"fecha_de_final_de_visualizacion_del_tutorial":null,"hora_final_visualizacion_tutorial":null,"minutos_final_visualizacion_tutorial":null,"numero_de_veces_visto":null,"numero_de_veces_total":null,"niveles_tutorial":null,"tutorial_recursos_castellano":null,"tutorial_recursos_catalan":null,"dias_disponibles":null,"dias_de_la_semana":null,"dias_del_mes":null,"other_lang_post_id":null,"lang":"ca","campanya_descripcion":null,"campanya_fecha_inicio":null,"campanya_fecha_fin":null,"campanya_legales":null,"campanya_imagen":null,"campanya_characteristics":null,"campanya_url":null,"campanya_posicion_visualizacion":null,"campanya_estado":null,"_links":{"self":[{"href":"https:\/\/www.ametllerorigenwp.com\/ca\/wp-json\/wp\/v2\/posts\/8726","targetHints":{"allow":["GET"]}}],"collection":[{"href":"https:\/\/www.ametllerorigenwp.com\/ca\/wp-json\/wp\/v2\/posts"}],"about":[{"href":"https:\/\/www.ametllerorigenwp.com\/ca\/wp-json\/wp\/v2\/types\/post"}],"author":[{"embeddable":true,"href":"https:\/\/www.ametllerorigenwp.com\/ca\/wp-json\/wp\/v2\/users\/5"}],"replies":[{"embeddable":true,"href":"https:\/\/www.ametllerorigenwp.com\/ca\/wp-json\/wp\/v2\/comments?post=8726"}],"version-history":[{"count":1,"href":"https:\/\/www.ametllerorigenwp.com\/ca\/wp-json\/wp\/v2\/posts\/8726\/revisions"}],"predecessor-version":[{"id":8727,"href":"https:\/\/www.ametllerorigenwp.com\/ca\/wp-json\/wp\/v2\/posts\/8726\/revisions\/8727"}],"wp:featuredmedia":[{"embeddable":true,"href":"https:\/\/www.ametllerorigenwp.com\/ca\/wp-json\/wp\/v2\/media\/8724"}],"wp:attachment":[{"href":"https:\/\/www.ametllerorigenwp.com\/ca\/wp-json\/wp\/v2\/media?parent=8726"}],"wp:term":[{"taxonomy":"category","embeddable":true,"href":"https:\/\/www.ametllerorigenwp.com\/ca\/wp-json\/wp\/v2\/categories?post=8726"},{"taxonomy":"post_tag","embeddable":true,"href":"https:\/\/www.ametllerorigenwp.com\/ca\/wp-json\/wp\/v2\/tags?post=8726"}],"curies":[{"name":"wp","href":"https:\/\/api.w.org\/{rel}","templated":true}]}}