{"id":8790,"date":"2023-05-31T01:00:11","date_gmt":"2023-05-31T01:00:11","guid":{"rendered":"https:\/\/www.ametllerorigenwp.com\/?p=8790"},"modified":"2023-05-30T15:48:43","modified_gmt":"2023-05-30T15:48:43","slug":"cultivem-els-enciams-de-tota-la-vida","status":"publish","type":"post","link":"https:\/\/www.ametllerorigenwp.com\/ca\/cultivem-els-enciams-de-tota-la-vida\/","title":{"rendered":"Cultivem els enciams de tota la vida"},"content":{"rendered":"<p>Sabies que tots els enciams que cultivem provenen de camps propis situats al Maresme i al Vall\u00e8s? De fet, disposem de <strong>25 hect\u00e0rees dedicades al cultiu d\u2019aquesta hortalissa<\/strong>, que anem sembrant en funci\u00f3 de l\u2019\u00e8poca de l\u2019any i, on actualment tenim <strong>plantades les varietats fulla de roure verd i fulla de roure vermell, el maravilla i l\u2019enciam llarg<\/strong>.<\/p>\n<p>Un dels trets diferencials dels nostres enciams \u00e9s que <strong>treballem amb varietats antigues que s\u2019havien descartat per tenir una post collita molt dolenta<\/strong>. En el nostre cas, podem optar per aquestes varietats antigues, que s\u00f3n m\u00e9s saboroses, <strong>perqu\u00e8 collim els enciams sempre a primera hora del dia, quan la temperatura \u00e9s m\u00e9s baixa, i els enviem en menys de 12 hores a les nostres botigues<\/strong>.<\/p>\n<p>&nbsp;<\/p>\n<p>Descobreix en aquest article del <a href=\"https:\/\/www.ametllerorigen.com\/ca\/blog\/tendres-i-frescos-aixi-son-els-nostres-enciams\">blog<\/a> com cultivem els enciams perqu\u00e8 puguis gaudir-los ben tendres i saborosos!<\/p>\n","protected":false},"excerpt":{"rendered":"<p>Sabies que tots els enciams que cultivem provenen de camps propis situats al Maresme i al Vall\u00e8s? De fet, disposem de 25 hect\u00e0rees dedicades al cultiu d\u2019aquesta hortalissa, que anem sembrant en funci\u00f3 de l\u2019\u00e8poca de l\u2019any i, on actualment tenim plantades les varietats fulla de roure verd i fulla de roure vermell, el maravilla &hellip; <a href=\"https:\/\/www.ametllerorigenwp.com\/ca\/cultivem-els-enciams-de-tota-la-vida\/\" class=\"more-link\">Continua llegint <span class=\"screen-reader-text\">\u00abCultivem els enciams de tota la vida\u00bb<\/span><\/a><\/p>\n","protected":false},"author":5,"featured_media":8791,"comment_status":"closed","ping_status":"closed","sticky":false,"template":"","format":"standard","meta":{"_uag_custom_page_level_css":"","advgb_blocks_editor_width":"","advgb_blocks_columns_visual_guide":"","footnotes":""},"categories":[2],"tags":[],"class_list":["post-8790","post","type-post","status-publish","format-standard","has-post-thumbnail","hentry","category-noticies"],"author_meta":{"display_name":"Mireia Zaragoza","author_link":"https:\/\/www.ametllerorigenwp.com\/ca\/author\/mzaragoza\/"},"featured_img":"https:\/\/www.ametllerorigenwp.com\/wp-content\/uploads\/2023\/05\/Proyecto-nuevo-14-300x102.png","uagb_featured_image_src":{"full":["https:\/\/www.ametllerorigenwp.com\/wp-content\/uploads\/2023\/05\/Proyecto-nuevo-14.png",1000,340,false],"thumbnail":["https:\/\/www.ametllerorigenwp.com\/wp-content\/uploads\/2023\/05\/Proyecto-nuevo-14-150x150.png",150,150,true],"medium":["https:\/\/www.ametllerorigenwp.com\/wp-content\/uploads\/2023\/05\/Proyecto-nuevo-14-300x102.png",300,102,true],"medium_large":["https:\/\/www.ametllerorigenwp.com\/wp-content\/uploads\/2023\/05\/Proyecto-nuevo-14-768x261.png",768,261,true],"large":["https:\/\/www.ametllerorigenwp.com\/wp-content\/uploads\/2023\/05\/Proyecto-nuevo-14.png",840,286,false],"1536x1536":["https:\/\/www.ametllerorigenwp.com\/wp-content\/uploads\/2023\/05\/Proyecto-nuevo-14.png",1000,340,false],"2048x2048":["https:\/\/www.ametllerorigenwp.com\/wp-content\/uploads\/2023\/05\/Proyecto-nuevo-14.png",1000,340,false],"post-thumbnail":["https:\/\/www.ametllerorigenwp.com\/wp-content\/uploads\/2023\/05\/Proyecto-nuevo-14.png",1000,340,false]},"uagb_author_info":{"display_name":"Mireia Zaragoza","author_link":"https:\/\/www.ametllerorigenwp.com\/ca\/author\/mzaragoza\/"},"uagb_comment_info":0,"uagb_excerpt":"Sabies que tots els enciams que cultivem provenen de camps propis situats al Maresme i al Vall\u00e8s? De fet, disposem de 25 hect\u00e0rees dedicades al cultiu d\u2019aquesta hortalissa, que anem sembrant en funci\u00f3 de l\u2019\u00e8poca de l\u2019any i, on actualment tenim plantades les varietats fulla de roure verd i fulla de roure vermell, el maravilla&hellip;","coauthors":[],"tax_additional":{"categories":{"linked":["<a href=\"https:\/\/www.ametllerorigenwp.com\/ca\/category\/noticies\/\" class=\"advgb-post-tax-term\">Noticies<\/a>"],"unlinked":["<span class=\"advgb-post-tax-term\">Noticies<\/span>"]}},"comment_count":"0","relative_dates":{"created":"Posted 3 anys ago","modified":"Updated 3 anys ago"},"absolute_dates":{"created":"Posted on 31 de maig de 2023","modified":"Updated on 30 de maig de 2023"},"absolute_dates_time":{"created":"Posted on 31 de maig de 2023 01:00","modified":"Updated on 30 de maig de 2023 15:48"},"featured_img_caption":"","series_order":"","show_in_app":true,"fecha_inicio_destacado":null,"hora_inicio_visualizacion":null,"minutos_inicio_visualizacion":null,"fecha_final_destacado":null,"hora_final_visualizacion":null,"minutos_final_visualizacion":null,"posicion_visualizacion":null,"estado_destacado":null,"niveles_destacados":null,"url_del_enlace":null,"banner_destacado":null,"posicion_visualizacion_de_la_noticia":"01","estado_noticia":["Visible"],"fecha_de_inicio_de_visualizacion_del_tutorial":null,"hora_inicio_visualizacion_tutorial":null,"minutos_inicio_visualizacion_tutorial":null,"fecha_de_final_de_visualizacion_del_tutorial":null,"hora_final_visualizacion_tutorial":null,"minutos_final_visualizacion_tutorial":null,"numero_de_veces_visto":null,"numero_de_veces_total":null,"niveles_tutorial":null,"tutorial_recursos_castellano":null,"tutorial_recursos_catalan":null,"dias_disponibles":null,"dias_de_la_semana":null,"dias_del_mes":null,"other_lang_post_id":null,"lang":"ca","campanya_descripcion":null,"campanya_fecha_inicio":null,"campanya_fecha_fin":null,"campanya_legales":null,"campanya_imagen":null,"campanya_characteristics":null,"campanya_url":null,"campanya_posicion_visualizacion":null,"campanya_estado":null,"_links":{"self":[{"href":"https:\/\/www.ametllerorigenwp.com\/ca\/wp-json\/wp\/v2\/posts\/8790","targetHints":{"allow":["GET"]}}],"collection":[{"href":"https:\/\/www.ametllerorigenwp.com\/ca\/wp-json\/wp\/v2\/posts"}],"about":[{"href":"https:\/\/www.ametllerorigenwp.com\/ca\/wp-json\/wp\/v2\/types\/post"}],"author":[{"embeddable":true,"href":"https:\/\/www.ametllerorigenwp.com\/ca\/wp-json\/wp\/v2\/users\/5"}],"replies":[{"embeddable":true,"href":"https:\/\/www.ametllerorigenwp.com\/ca\/wp-json\/wp\/v2\/comments?post=8790"}],"version-history":[{"count":1,"href":"https:\/\/www.ametllerorigenwp.com\/ca\/wp-json\/wp\/v2\/posts\/8790\/revisions"}],"predecessor-version":[{"id":8793,"href":"https:\/\/www.ametllerorigenwp.com\/ca\/wp-json\/wp\/v2\/posts\/8790\/revisions\/8793"}],"wp:featuredmedia":[{"embeddable":true,"href":"https:\/\/www.ametllerorigenwp.com\/ca\/wp-json\/wp\/v2\/media\/8791"}],"wp:attachment":[{"href":"https:\/\/www.ametllerorigenwp.com\/ca\/wp-json\/wp\/v2\/media?parent=8790"}],"wp:term":[{"taxonomy":"category","embeddable":true,"href":"https:\/\/www.ametllerorigenwp.com\/ca\/wp-json\/wp\/v2\/categories?post=8790"},{"taxonomy":"post_tag","embeddable":true,"href":"https:\/\/www.ametllerorigenwp.com\/ca\/wp-json\/wp\/v2\/tags?post=8790"}],"curies":[{"name":"wp","href":"https:\/\/api.w.org\/{rel}","templated":true}]}}