{"id":8822,"date":"2023-06-01T01:00:20","date_gmt":"2023-06-01T01:00:20","guid":{"rendered":"https:\/\/www.ametllerorigenwp.com\/?p=8822"},"modified":"2023-05-31T15:50:58","modified_gmt":"2023-05-31T15:50:58","slug":"viu-lestiu-mes-refrescant-amb-la-primera-kombutxa-del-cruilla-dedicio-especial-limitada","status":"publish","type":"post","link":"https:\/\/www.ametllerorigenwp.com\/ca\/viu-lestiu-mes-refrescant-amb-la-primera-kombutxa-del-cruilla-dedicio-especial-limitada\/","title":{"rendered":"Viu l\u2019estiu m\u00e9s refrescant amb la primera Kombutxa del Cru\u00eflla, d\u2019edici\u00f3 especial limitada!"},"content":{"rendered":"<p>T\u2019has preguntat mai quin sabor t\u00e9 el Cru\u00eflla?<strong> Aquest any, la dol\u00e7or del mel\u00f3, la frescor de la menta i l\u2019energia del festival s\u2019uneixen en la nova Kombutxa del Cru\u00eflla: una edici\u00f3 especial limitada que hem creat de la m\u00e0 del Festival Cru\u00eflla per als amants de la m\u00fasica i el bon gust. <\/strong><\/p>\n<p>Entre totes les persones que comprin l\u2019edici\u00f3 limitada de la Kombutxa del festival, de l\u20191 al 15 de juny a la botiga f\u00edsica o a la <a href=\"https:\/\/www.ametllerorigen.com\/ca\/kombutxa-melo-i-menta-eco-ametller-origen-330ml\/p\">botiga online<\/a>, <strong>sortejarem 10 abonaments complets per gaudir dels millors concerts al Cru\u00eflla<\/strong>!<\/p>\n","protected":false},"excerpt":{"rendered":"<p>T\u2019has preguntat mai quin sabor t\u00e9 el Cru\u00eflla? Aquest any, la dol\u00e7or del mel\u00f3, la frescor de la menta i l\u2019energia del festival s\u2019uneixen en la nova Kombutxa del Cru\u00eflla: una edici\u00f3 especial limitada que hem creat de la m\u00e0 del Festival Cru\u00eflla per als amants de la m\u00fasica i el bon gust. Entre totes &hellip; <a href=\"https:\/\/www.ametllerorigenwp.com\/ca\/viu-lestiu-mes-refrescant-amb-la-primera-kombutxa-del-cruilla-dedicio-especial-limitada\/\" class=\"more-link\">Continua llegint <span class=\"screen-reader-text\">\u00abViu l\u2019estiu m\u00e9s refrescant amb la primera Kombutxa del Cru\u00eflla, d\u2019edici\u00f3 especial limitada!\u00bb<\/span><\/a><\/p>\n","protected":false},"author":5,"featured_media":8823,"comment_status":"closed","ping_status":"closed","sticky":false,"template":"","format":"standard","meta":{"_uag_custom_page_level_css":"","advgb_blocks_editor_width":"","advgb_blocks_columns_visual_guide":"","footnotes":""},"categories":[2],"tags":[],"class_list":["post-8822","post","type-post","status-publish","format-standard","has-post-thumbnail","hentry","category-noticies"],"author_meta":{"display_name":"Mireia Zaragoza","author_link":"https:\/\/www.ametllerorigenwp.com\/ca\/author\/mzaragoza\/"},"featured_img":"https:\/\/www.ametllerorigenwp.com\/wp-content\/uploads\/2023\/05\/APP_Cruilla-1-300x102.jpg","uagb_featured_image_src":{"full":["https:\/\/www.ametllerorigenwp.com\/wp-content\/uploads\/2023\/05\/APP_Cruilla-1.jpg",1000,340,false],"thumbnail":["https:\/\/www.ametllerorigenwp.com\/wp-content\/uploads\/2023\/05\/APP_Cruilla-1-150x150.jpg",150,150,true],"medium":["https:\/\/www.ametllerorigenwp.com\/wp-content\/uploads\/2023\/05\/APP_Cruilla-1-300x102.jpg",300,102,true],"medium_large":["https:\/\/www.ametllerorigenwp.com\/wp-content\/uploads\/2023\/05\/APP_Cruilla-1-768x261.jpg",768,261,true],"large":["https:\/\/www.ametllerorigenwp.com\/wp-content\/uploads\/2023\/05\/APP_Cruilla-1.jpg",840,286,false],"1536x1536":["https:\/\/www.ametllerorigenwp.com\/wp-content\/uploads\/2023\/05\/APP_Cruilla-1.jpg",1000,340,false],"2048x2048":["https:\/\/www.ametllerorigenwp.com\/wp-content\/uploads\/2023\/05\/APP_Cruilla-1.jpg",1000,340,false],"post-thumbnail":["https:\/\/www.ametllerorigenwp.com\/wp-content\/uploads\/2023\/05\/APP_Cruilla-1.jpg",1000,340,false]},"uagb_author_info":{"display_name":"Mireia Zaragoza","author_link":"https:\/\/www.ametllerorigenwp.com\/ca\/author\/mzaragoza\/"},"uagb_comment_info":0,"uagb_excerpt":"T\u2019has preguntat mai quin sabor t\u00e9 el Cru\u00eflla? Aquest any, la dol\u00e7or del mel\u00f3, la frescor de la menta i l\u2019energia del festival s\u2019uneixen en la nova Kombutxa del Cru\u00eflla: una edici\u00f3 especial limitada que hem creat de la m\u00e0 del Festival Cru\u00eflla per als amants de la m\u00fasica i el bon gust. Entre totes&hellip;","coauthors":[],"tax_additional":{"categories":{"linked":["<a href=\"https:\/\/www.ametllerorigenwp.com\/ca\/category\/noticies\/\" class=\"advgb-post-tax-term\">Noticies<\/a>"],"unlinked":["<span class=\"advgb-post-tax-term\">Noticies<\/span>"]}},"comment_count":"0","relative_dates":{"created":"Posted 3 anys ago","modified":"Updated 3 anys ago"},"absolute_dates":{"created":"Posted on 1 de juny de 2023","modified":"Updated on 31 de maig de 2023"},"absolute_dates_time":{"created":"Posted on 1 de juny de 2023 01:00","modified":"Updated on 31 de maig de 2023 15:50"},"featured_img_caption":"","series_order":"","show_in_app":true,"fecha_inicio_destacado":null,"hora_inicio_visualizacion":null,"minutos_inicio_visualizacion":null,"fecha_final_destacado":null,"hora_final_visualizacion":null,"minutos_final_visualizacion":null,"posicion_visualizacion":null,"estado_destacado":null,"niveles_destacados":null,"url_del_enlace":null,"banner_destacado":null,"posicion_visualizacion_de_la_noticia":"01","estado_noticia":["Visible"],"fecha_de_inicio_de_visualizacion_del_tutorial":null,"hora_inicio_visualizacion_tutorial":null,"minutos_inicio_visualizacion_tutorial":null,"fecha_de_final_de_visualizacion_del_tutorial":null,"hora_final_visualizacion_tutorial":null,"minutos_final_visualizacion_tutorial":null,"numero_de_veces_visto":null,"numero_de_veces_total":null,"niveles_tutorial":null,"tutorial_recursos_castellano":null,"tutorial_recursos_catalan":null,"dias_disponibles":null,"dias_de_la_semana":null,"dias_del_mes":null,"other_lang_post_id":null,"lang":"ca","campanya_descripcion":null,"campanya_fecha_inicio":null,"campanya_fecha_fin":null,"campanya_legales":null,"campanya_imagen":null,"campanya_characteristics":null,"campanya_url":null,"campanya_posicion_visualizacion":null,"campanya_estado":null,"_links":{"self":[{"href":"https:\/\/www.ametllerorigenwp.com\/ca\/wp-json\/wp\/v2\/posts\/8822","targetHints":{"allow":["GET"]}}],"collection":[{"href":"https:\/\/www.ametllerorigenwp.com\/ca\/wp-json\/wp\/v2\/posts"}],"about":[{"href":"https:\/\/www.ametllerorigenwp.com\/ca\/wp-json\/wp\/v2\/types\/post"}],"author":[{"embeddable":true,"href":"https:\/\/www.ametllerorigenwp.com\/ca\/wp-json\/wp\/v2\/users\/5"}],"replies":[{"embeddable":true,"href":"https:\/\/www.ametllerorigenwp.com\/ca\/wp-json\/wp\/v2\/comments?post=8822"}],"version-history":[{"count":1,"href":"https:\/\/www.ametllerorigenwp.com\/ca\/wp-json\/wp\/v2\/posts\/8822\/revisions"}],"predecessor-version":[{"id":8825,"href":"https:\/\/www.ametllerorigenwp.com\/ca\/wp-json\/wp\/v2\/posts\/8822\/revisions\/8825"}],"wp:featuredmedia":[{"embeddable":true,"href":"https:\/\/www.ametllerorigenwp.com\/ca\/wp-json\/wp\/v2\/media\/8823"}],"wp:attachment":[{"href":"https:\/\/www.ametllerorigenwp.com\/ca\/wp-json\/wp\/v2\/media?parent=8822"}],"wp:term":[{"taxonomy":"category","embeddable":true,"href":"https:\/\/www.ametllerorigenwp.com\/ca\/wp-json\/wp\/v2\/categories?post=8822"},{"taxonomy":"post_tag","embeddable":true,"href":"https:\/\/www.ametllerorigenwp.com\/ca\/wp-json\/wp\/v2\/tags?post=8822"}],"curies":[{"name":"wp","href":"https:\/\/api.w.org\/{rel}","templated":true}]}}