{"id":9024,"date":"2023-06-20T01:00:36","date_gmt":"2023-06-20T01:00:36","guid":{"rendered":"https:\/\/www.ametllerorigenwp.com\/?p=9024"},"modified":"2023-06-19T18:57:53","modified_gmt":"2023-06-19T18:57:53","slug":"tomaquet-cor-de-bou-una-delicia-carnosa-i-molt-sucosa","status":"publish","type":"post","link":"https:\/\/www.ametllerorigenwp.com\/ca\/tomaquet-cor-de-bou-una-delicia-carnosa-i-molt-sucosa\/","title":{"rendered":"Tom\u00e0quet cor de bou, una del\u00edcia carnosa i molt sucosa"},"content":{"rendered":"<p>De forma arrodonida, poques llavors, pell fina i molta polpa, <strong>el tom\u00e0quet cor de bou \u00e9s una de les varietats de tom\u00e0quet m\u00e9s conegudes<\/strong> <strong>pel seu sabor dol\u00e7, suc\u00f3s i arom\u00e0tic<\/strong>.<\/p>\n<p><strong>Destaca pel seu elevat contingut en vitamina C,<\/strong> fet que li dona propietats antioxidants. A m\u00e9s a m\u00e9s, tamb\u00e9 <strong>cont\u00e9 vitamina A, vitamina B, betacarotens i licop\u00e8<\/strong>. Tanmateix, cont\u00e9 dos minerals molt importants per a l\u2019organisme: <strong>f\u00f2sfor i potassi<\/strong>.<\/p>\n<p>Aprofita la promoci\u00f3 actual a les nostres botigues f\u00edsiques o a la <a href=\"https:\/\/www.ametllerorigen.com\/ca\/verdura\/tomaquets-i-cogombres\">botiga online<\/a> i gaudeix al m\u00e0xim del seu sabor ja sigui amanit, en un t\u00e0rtar o farcit!<\/p>\n","protected":false},"excerpt":{"rendered":"<p>De forma arrodonida, poques llavors, pell fina i molta polpa, el tom\u00e0quet cor de bou \u00e9s una de les varietats de tom\u00e0quet m\u00e9s conegudes pel seu sabor dol\u00e7, suc\u00f3s i arom\u00e0tic. Destaca pel seu elevat contingut en vitamina C, fet que li dona propietats antioxidants. A m\u00e9s a m\u00e9s, tamb\u00e9 cont\u00e9 vitamina A, vitamina B, &hellip; <a href=\"https:\/\/www.ametllerorigenwp.com\/ca\/tomaquet-cor-de-bou-una-delicia-carnosa-i-molt-sucosa\/\" class=\"more-link\">Continua llegint <span class=\"screen-reader-text\">\u00abTom\u00e0quet cor de bou, una del\u00edcia carnosa i molt sucosa\u00bb<\/span><\/a><\/p>\n","protected":false},"author":5,"featured_media":9025,"comment_status":"closed","ping_status":"closed","sticky":false,"template":"","format":"standard","meta":{"_uag_custom_page_level_css":"","advgb_blocks_editor_width":"","advgb_blocks_columns_visual_guide":"","footnotes":""},"categories":[2],"tags":[],"class_list":["post-9024","post","type-post","status-publish","format-standard","has-post-thumbnail","hentry","category-noticies"],"author_meta":{"display_name":"Mireia Zaragoza","author_link":"https:\/\/www.ametllerorigenwp.com\/ca\/author\/mzaragoza\/"},"featured_img":"https:\/\/www.ametllerorigenwp.com\/wp-content\/uploads\/2023\/06\/app_cordebou-300x102.jpg","uagb_featured_image_src":{"full":["https:\/\/www.ametllerorigenwp.com\/wp-content\/uploads\/2023\/06\/app_cordebou.jpg",1000,340,false],"thumbnail":["https:\/\/www.ametllerorigenwp.com\/wp-content\/uploads\/2023\/06\/app_cordebou-150x150.jpg",150,150,true],"medium":["https:\/\/www.ametllerorigenwp.com\/wp-content\/uploads\/2023\/06\/app_cordebou-300x102.jpg",300,102,true],"medium_large":["https:\/\/www.ametllerorigenwp.com\/wp-content\/uploads\/2023\/06\/app_cordebou-768x261.jpg",768,261,true],"large":["https:\/\/www.ametllerorigenwp.com\/wp-content\/uploads\/2023\/06\/app_cordebou.jpg",840,286,false],"1536x1536":["https:\/\/www.ametllerorigenwp.com\/wp-content\/uploads\/2023\/06\/app_cordebou.jpg",1000,340,false],"2048x2048":["https:\/\/www.ametllerorigenwp.com\/wp-content\/uploads\/2023\/06\/app_cordebou.jpg",1000,340,false],"post-thumbnail":["https:\/\/www.ametllerorigenwp.com\/wp-content\/uploads\/2023\/06\/app_cordebou.jpg",1000,340,false]},"uagb_author_info":{"display_name":"Mireia Zaragoza","author_link":"https:\/\/www.ametllerorigenwp.com\/ca\/author\/mzaragoza\/"},"uagb_comment_info":0,"uagb_excerpt":"De forma arrodonida, poques llavors, pell fina i molta polpa, el tom\u00e0quet cor de bou \u00e9s una de les varietats de tom\u00e0quet m\u00e9s conegudes pel seu sabor dol\u00e7, suc\u00f3s i arom\u00e0tic. Destaca pel seu elevat contingut en vitamina C, fet que li dona propietats antioxidants. A m\u00e9s a m\u00e9s, tamb\u00e9 cont\u00e9 vitamina A, vitamina B,&hellip;","coauthors":[],"tax_additional":{"categories":{"linked":["<a href=\"https:\/\/www.ametllerorigenwp.com\/ca\/category\/noticies\/\" class=\"advgb-post-tax-term\">Noticies<\/a>"],"unlinked":["<span class=\"advgb-post-tax-term\">Noticies<\/span>"]}},"comment_count":"0","relative_dates":{"created":"Posted 3 anys ago","modified":"Updated 3 anys ago"},"absolute_dates":{"created":"Posted on 20 de juny de 2023","modified":"Updated on 19 de juny de 2023"},"absolute_dates_time":{"created":"Posted on 20 de juny de 2023 01:00","modified":"Updated on 19 de juny de 2023 18:57"},"featured_img_caption":"","series_order":"","show_in_app":true,"fecha_inicio_destacado":null,"hora_inicio_visualizacion":null,"minutos_inicio_visualizacion":null,"fecha_final_destacado":null,"hora_final_visualizacion":null,"minutos_final_visualizacion":null,"posicion_visualizacion":null,"estado_destacado":null,"niveles_destacados":null,"url_del_enlace":null,"banner_destacado":null,"posicion_visualizacion_de_la_noticia":"01","estado_noticia":["Visible"],"fecha_de_inicio_de_visualizacion_del_tutorial":null,"hora_inicio_visualizacion_tutorial":null,"minutos_inicio_visualizacion_tutorial":null,"fecha_de_final_de_visualizacion_del_tutorial":null,"hora_final_visualizacion_tutorial":null,"minutos_final_visualizacion_tutorial":null,"numero_de_veces_visto":null,"numero_de_veces_total":null,"niveles_tutorial":null,"tutorial_recursos_castellano":null,"tutorial_recursos_catalan":null,"dias_disponibles":null,"dias_de_la_semana":null,"dias_del_mes":null,"other_lang_post_id":null,"lang":"ca","campanya_descripcion":null,"campanya_fecha_inicio":null,"campanya_fecha_fin":null,"campanya_legales":null,"campanya_imagen":null,"campanya_characteristics":null,"campanya_url":null,"campanya_posicion_visualizacion":null,"campanya_estado":null,"_links":{"self":[{"href":"https:\/\/www.ametllerorigenwp.com\/ca\/wp-json\/wp\/v2\/posts\/9024","targetHints":{"allow":["GET"]}}],"collection":[{"href":"https:\/\/www.ametllerorigenwp.com\/ca\/wp-json\/wp\/v2\/posts"}],"about":[{"href":"https:\/\/www.ametllerorigenwp.com\/ca\/wp-json\/wp\/v2\/types\/post"}],"author":[{"embeddable":true,"href":"https:\/\/www.ametllerorigenwp.com\/ca\/wp-json\/wp\/v2\/users\/5"}],"replies":[{"embeddable":true,"href":"https:\/\/www.ametllerorigenwp.com\/ca\/wp-json\/wp\/v2\/comments?post=9024"}],"version-history":[{"count":2,"href":"https:\/\/www.ametllerorigenwp.com\/ca\/wp-json\/wp\/v2\/posts\/9024\/revisions"}],"predecessor-version":[{"id":9030,"href":"https:\/\/www.ametllerorigenwp.com\/ca\/wp-json\/wp\/v2\/posts\/9024\/revisions\/9030"}],"wp:featuredmedia":[{"embeddable":true,"href":"https:\/\/www.ametllerorigenwp.com\/ca\/wp-json\/wp\/v2\/media\/9025"}],"wp:attachment":[{"href":"https:\/\/www.ametllerorigenwp.com\/ca\/wp-json\/wp\/v2\/media?parent=9024"}],"wp:term":[{"taxonomy":"category","embeddable":true,"href":"https:\/\/www.ametllerorigenwp.com\/ca\/wp-json\/wp\/v2\/categories?post=9024"},{"taxonomy":"post_tag","embeddable":true,"href":"https:\/\/www.ametllerorigenwp.com\/ca\/wp-json\/wp\/v2\/tags?post=9024"}],"curies":[{"name":"wp","href":"https:\/\/api.w.org\/{rel}","templated":true}]}}