{"id":9051,"date":"2023-06-22T01:00:52","date_gmt":"2023-06-22T01:00:52","guid":{"rendered":"https:\/\/www.ametllerorigenwp.com\/?p=9051"},"modified":"2023-06-21T10:16:35","modified_gmt":"2023-06-21T10:16:35","slug":"recaptem-mes-de-108-000e-per-lluitar-contra-lela","status":"publish","type":"post","link":"https:\/\/www.ametllerorigenwp.com\/ca\/recaptem-mes-de-108-000e-per-lluitar-contra-lela\/","title":{"rendered":"Recaptem m\u00e9s de 108.000\u20ac per lluitar contra l\u2019ELA"},"content":{"rendered":"<p>Coincidint que aquesta setmana se celebra el Dia Mundial de l\u2019ELA, i com a cloenda del projecte \u2018Cuina solid\u00e0ria\u2019 <strong>des d\u2019Ametller Origen vam unir forces juntament amb el restaurant Antic Mol\u00ed per portar a terme un sopar solidari per recaptar fons per la Fundaci\u00f3 Catalana de l\u2019ELA Miquel Valls<\/strong> que t\u00e9 l\u2019objectiu de millorar la qualitat de vida de pacients i familiars.<\/p>\n<p>La gala, que va comptar amb un total de 330 persones, entre les quals es va tenir la participaci\u00f3 del xef Vicent Guimer\u00e0, l\u2019exporter i exentrenador Juan Carlos Unzu\u00e9, el periodista Gerard Romero, la xef Ada Parellada i el jugador del FC Girona Oriol Romeu, <strong>va recaptar m\u00e9s d\u201911.000\u20ac que es destinaran \u00edntegrament a la Fundaci\u00f3<\/strong>.<\/p>\n<p>A aquesta xifra, <strong>s\u2019hi han de sumar el total de 97.500\u20ac que s\u2019han recaptat amb el projecte \u2018Cuina Solid\u00e0ria\u2019<\/strong>, una iniciativa que es va posar en marxa fa un any amb la col\u00b7laboraci\u00f3 de sis reconeguts xefs i sis esportistes: Albert Adri\u00e0, Ada Parellada, Joan Roca, Carme Ruscalleda, Nandu Jubany i Vicent Guimer\u00e0 fent parella amb Aitana Bonmat\u00ed, Ona Carbonell, Alex Corretja, Al\u00e8xia Putellas, Juan Carlos Unzu\u00e9 i Aleix Espargar\u00f3.<\/p>\n<p>Moltes gr\u00e0cies per aportar el vostre granet de sorra!<\/p>\n","protected":false},"excerpt":{"rendered":"<p>Coincidint que aquesta setmana se celebra el Dia Mundial de l\u2019ELA, i com a cloenda del projecte \u2018Cuina solid\u00e0ria\u2019 des d\u2019Ametller Origen vam unir forces juntament amb el restaurant Antic Mol\u00ed per portar a terme un sopar solidari per recaptar fons per la Fundaci\u00f3 Catalana de l\u2019ELA Miquel Valls que t\u00e9 l\u2019objectiu de millorar la &hellip; <a href=\"https:\/\/www.ametllerorigenwp.com\/ca\/recaptem-mes-de-108-000e-per-lluitar-contra-lela\/\" class=\"more-link\">Continua llegint <span class=\"screen-reader-text\">\u00abRecaptem m\u00e9s de 108.000\u20ac per lluitar contra l\u2019ELA\u00bb<\/span><\/a><\/p>\n","protected":false},"author":5,"featured_media":9052,"comment_status":"closed","ping_status":"closed","sticky":false,"template":"","format":"standard","meta":{"_uag_custom_page_level_css":"","advgb_blocks_editor_width":"","advgb_blocks_columns_visual_guide":"","footnotes":""},"categories":[2],"tags":[],"class_list":["post-9051","post","type-post","status-publish","format-standard","has-post-thumbnail","hentry","category-noticies"],"author_meta":{"display_name":"Mireia Zaragoza","author_link":"https:\/\/www.ametllerorigenwp.com\/ca\/author\/mzaragoza\/"},"featured_img":"https:\/\/www.ametllerorigenwp.com\/wp-content\/uploads\/2023\/06\/Proyecto-nuevo-21-1-300x102.png","uagb_featured_image_src":{"full":["https:\/\/www.ametllerorigenwp.com\/wp-content\/uploads\/2023\/06\/Proyecto-nuevo-21-1.png",1000,340,false],"thumbnail":["https:\/\/www.ametllerorigenwp.com\/wp-content\/uploads\/2023\/06\/Proyecto-nuevo-21-1-150x150.png",150,150,true],"medium":["https:\/\/www.ametllerorigenwp.com\/wp-content\/uploads\/2023\/06\/Proyecto-nuevo-21-1-300x102.png",300,102,true],"medium_large":["https:\/\/www.ametllerorigenwp.com\/wp-content\/uploads\/2023\/06\/Proyecto-nuevo-21-1-768x261.png",768,261,true],"large":["https:\/\/www.ametllerorigenwp.com\/wp-content\/uploads\/2023\/06\/Proyecto-nuevo-21-1.png",840,286,false],"1536x1536":["https:\/\/www.ametllerorigenwp.com\/wp-content\/uploads\/2023\/06\/Proyecto-nuevo-21-1.png",1000,340,false],"2048x2048":["https:\/\/www.ametllerorigenwp.com\/wp-content\/uploads\/2023\/06\/Proyecto-nuevo-21-1.png",1000,340,false],"post-thumbnail":["https:\/\/www.ametllerorigenwp.com\/wp-content\/uploads\/2023\/06\/Proyecto-nuevo-21-1.png",1000,340,false]},"uagb_author_info":{"display_name":"Mireia Zaragoza","author_link":"https:\/\/www.ametllerorigenwp.com\/ca\/author\/mzaragoza\/"},"uagb_comment_info":0,"uagb_excerpt":"Coincidint que aquesta setmana se celebra el Dia Mundial de l\u2019ELA, i com a cloenda del projecte \u2018Cuina solid\u00e0ria\u2019 des d\u2019Ametller Origen vam unir forces juntament amb el restaurant Antic Mol\u00ed per portar a terme un sopar solidari per recaptar fons per la Fundaci\u00f3 Catalana de l\u2019ELA Miquel Valls que t\u00e9 l\u2019objectiu de millorar la&hellip;","coauthors":[],"tax_additional":{"categories":{"linked":["<a href=\"https:\/\/www.ametllerorigenwp.com\/ca\/category\/noticies\/\" class=\"advgb-post-tax-term\">Noticies<\/a>"],"unlinked":["<span class=\"advgb-post-tax-term\">Noticies<\/span>"]}},"comment_count":"0","relative_dates":{"created":"Posted 3 anys ago","modified":"Updated 3 anys ago"},"absolute_dates":{"created":"Posted on 22 de juny de 2023","modified":"Updated on 21 de juny de 2023"},"absolute_dates_time":{"created":"Posted on 22 de juny de 2023 01:00","modified":"Updated on 21 de juny de 2023 10:16"},"featured_img_caption":"","series_order":"","show_in_app":true,"fecha_inicio_destacado":null,"hora_inicio_visualizacion":null,"minutos_inicio_visualizacion":null,"fecha_final_destacado":null,"hora_final_visualizacion":null,"minutos_final_visualizacion":null,"posicion_visualizacion":null,"estado_destacado":null,"niveles_destacados":null,"url_del_enlace":null,"banner_destacado":null,"posicion_visualizacion_de_la_noticia":"01","estado_noticia":["Visible"],"fecha_de_inicio_de_visualizacion_del_tutorial":null,"hora_inicio_visualizacion_tutorial":null,"minutos_inicio_visualizacion_tutorial":null,"fecha_de_final_de_visualizacion_del_tutorial":null,"hora_final_visualizacion_tutorial":null,"minutos_final_visualizacion_tutorial":null,"numero_de_veces_visto":null,"numero_de_veces_total":null,"niveles_tutorial":null,"tutorial_recursos_castellano":null,"tutorial_recursos_catalan":null,"dias_disponibles":null,"dias_de_la_semana":null,"dias_del_mes":null,"other_lang_post_id":null,"lang":"ca","campanya_descripcion":null,"campanya_fecha_inicio":null,"campanya_fecha_fin":null,"campanya_legales":null,"campanya_imagen":null,"campanya_characteristics":null,"campanya_url":null,"campanya_posicion_visualizacion":null,"campanya_estado":null,"_links":{"self":[{"href":"https:\/\/www.ametllerorigenwp.com\/ca\/wp-json\/wp\/v2\/posts\/9051","targetHints":{"allow":["GET"]}}],"collection":[{"href":"https:\/\/www.ametllerorigenwp.com\/ca\/wp-json\/wp\/v2\/posts"}],"about":[{"href":"https:\/\/www.ametllerorigenwp.com\/ca\/wp-json\/wp\/v2\/types\/post"}],"author":[{"embeddable":true,"href":"https:\/\/www.ametllerorigenwp.com\/ca\/wp-json\/wp\/v2\/users\/5"}],"replies":[{"embeddable":true,"href":"https:\/\/www.ametllerorigenwp.com\/ca\/wp-json\/wp\/v2\/comments?post=9051"}],"version-history":[{"count":1,"href":"https:\/\/www.ametllerorigenwp.com\/ca\/wp-json\/wp\/v2\/posts\/9051\/revisions"}],"predecessor-version":[{"id":9054,"href":"https:\/\/www.ametllerorigenwp.com\/ca\/wp-json\/wp\/v2\/posts\/9051\/revisions\/9054"}],"wp:featuredmedia":[{"embeddable":true,"href":"https:\/\/www.ametllerorigenwp.com\/ca\/wp-json\/wp\/v2\/media\/9052"}],"wp:attachment":[{"href":"https:\/\/www.ametllerorigenwp.com\/ca\/wp-json\/wp\/v2\/media?parent=9051"}],"wp:term":[{"taxonomy":"category","embeddable":true,"href":"https:\/\/www.ametllerorigenwp.com\/ca\/wp-json\/wp\/v2\/categories?post=9051"},{"taxonomy":"post_tag","embeddable":true,"href":"https:\/\/www.ametllerorigenwp.com\/ca\/wp-json\/wp\/v2\/tags?post=9051"}],"curies":[{"name":"wp","href":"https:\/\/api.w.org\/{rel}","templated":true}]}}