{"id":9167,"date":"2023-07-05T01:00:39","date_gmt":"2023-07-05T01:00:39","guid":{"rendered":"https:\/\/www.ametllerorigenwp.com\/?p=9167"},"modified":"2023-07-04T14:08:16","modified_gmt":"2023-07-04T14:08:16","slug":"tomaquets-rosa-frescos-nostres-i-daqui","status":"publish","type":"post","link":"https:\/\/www.ametllerorigenwp.com\/ca\/tomaquets-rosa-frescos-nostres-i-daqui\/","title":{"rendered":"Tom\u00e0quets rosa: frescos, nostres i d\u2019aqu\u00ed"},"content":{"rendered":"<p>L\u2019estiu \u00e9s, sens dubte, \u00e8poca de tom\u00e0quets. I si existeix una varietat que ens diferencia i ens fa \u00fanics \u00e9s el rosa, <strong>un tom\u00e0quet que cultivem de manera exclusiva en un total de 5 hect\u00e0rees als nostres camps del Maresme i Viladecans<\/strong>.<\/p>\n<p>M\u00e9s concretament, aquesta varietat es caracteritza per ser de forma <strong>arrodonida<\/strong>, tenir un <strong>color molt atractiu<\/strong>, <strong>rosat intens<\/strong>, una <strong>pell molt fina<\/strong>, ser molt <strong>arom\u00e0tic i dol\u00e7<\/strong>, molt <strong>carn\u00f3s i suc\u00f3s<\/strong> i presentar una <strong>textura al paladar molt agradable<\/strong>. Aquesta combinaci\u00f3 de textura, sabor i aroma fan del tom\u00e0quet rosa, el tom\u00e0quet que recorda a l\u2019aut\u00e8ntic tom\u00e0quet.<\/p>\n<p><strong>Saps per qu\u00e8 reguem els nostres camps de tom\u00e0quets rosa de Viladecans amb aigua lleugerament salinitzada<\/strong>? El Cintet i el Jaume Gallart t\u2019ho expliquen en aquest <a href=\"https:\/\/www.youtube.com\/watch?v=bWhEFmxUeUc\">v\u00eddeo<\/a>!<\/p>\n","protected":false},"excerpt":{"rendered":"<p>L\u2019estiu \u00e9s, sens dubte, \u00e8poca de tom\u00e0quets. I si existeix una varietat que ens diferencia i ens fa \u00fanics \u00e9s el rosa, un tom\u00e0quet que cultivem de manera exclusiva en un total de 5 hect\u00e0rees als nostres camps del Maresme i Viladecans. M\u00e9s concretament, aquesta varietat es caracteritza per ser de forma arrodonida, tenir un &hellip; <a href=\"https:\/\/www.ametllerorigenwp.com\/ca\/tomaquets-rosa-frescos-nostres-i-daqui\/\" class=\"more-link\">Continua llegint <span class=\"screen-reader-text\">\u00abTom\u00e0quets rosa: frescos, nostres i d\u2019aqu\u00ed\u00bb<\/span><\/a><\/p>\n","protected":false},"author":5,"featured_media":9165,"comment_status":"closed","ping_status":"closed","sticky":false,"template":"","format":"standard","meta":{"_uag_custom_page_level_css":"","advgb_blocks_editor_width":"","advgb_blocks_columns_visual_guide":"","footnotes":""},"categories":[2],"tags":[],"class_list":["post-9167","post","type-post","status-publish","format-standard","has-post-thumbnail","hentry","category-noticies"],"author_meta":{"display_name":"Mireia Zaragoza","author_link":"https:\/\/www.ametllerorigenwp.com\/ca\/author\/mzaragoza\/"},"featured_img":"https:\/\/www.ametllerorigenwp.com\/wp-content\/uploads\/2023\/07\/Proyecto-nuevo-26-300x102.png","uagb_featured_image_src":{"full":["https:\/\/www.ametllerorigenwp.com\/wp-content\/uploads\/2023\/07\/Proyecto-nuevo-26.png",1000,340,false],"thumbnail":["https:\/\/www.ametllerorigenwp.com\/wp-content\/uploads\/2023\/07\/Proyecto-nuevo-26-150x150.png",150,150,true],"medium":["https:\/\/www.ametllerorigenwp.com\/wp-content\/uploads\/2023\/07\/Proyecto-nuevo-26-300x102.png",300,102,true],"medium_large":["https:\/\/www.ametllerorigenwp.com\/wp-content\/uploads\/2023\/07\/Proyecto-nuevo-26-768x261.png",768,261,true],"large":["https:\/\/www.ametllerorigenwp.com\/wp-content\/uploads\/2023\/07\/Proyecto-nuevo-26.png",840,286,false],"1536x1536":["https:\/\/www.ametllerorigenwp.com\/wp-content\/uploads\/2023\/07\/Proyecto-nuevo-26.png",1000,340,false],"2048x2048":["https:\/\/www.ametllerorigenwp.com\/wp-content\/uploads\/2023\/07\/Proyecto-nuevo-26.png",1000,340,false],"post-thumbnail":["https:\/\/www.ametllerorigenwp.com\/wp-content\/uploads\/2023\/07\/Proyecto-nuevo-26.png",1000,340,false]},"uagb_author_info":{"display_name":"Mireia Zaragoza","author_link":"https:\/\/www.ametllerorigenwp.com\/ca\/author\/mzaragoza\/"},"uagb_comment_info":0,"uagb_excerpt":"L\u2019estiu \u00e9s, sens dubte, \u00e8poca de tom\u00e0quets. I si existeix una varietat que ens diferencia i ens fa \u00fanics \u00e9s el rosa, un tom\u00e0quet que cultivem de manera exclusiva en un total de 5 hect\u00e0rees als nostres camps del Maresme i Viladecans. M\u00e9s concretament, aquesta varietat es caracteritza per ser de forma arrodonida, tenir un&hellip;","coauthors":[],"tax_additional":{"categories":{"linked":["<a href=\"https:\/\/www.ametllerorigenwp.com\/ca\/category\/noticies\/\" class=\"advgb-post-tax-term\">Noticies<\/a>"],"unlinked":["<span class=\"advgb-post-tax-term\">Noticies<\/span>"]}},"comment_count":"0","relative_dates":{"created":"Posted 3 anys ago","modified":"Updated 3 anys ago"},"absolute_dates":{"created":"Posted on 5 de juliol de 2023","modified":"Updated on 4 de juliol de 2023"},"absolute_dates_time":{"created":"Posted on 5 de juliol de 2023 01:00","modified":"Updated on 4 de juliol de 2023 14:08"},"featured_img_caption":"","series_order":"","show_in_app":true,"fecha_inicio_destacado":null,"hora_inicio_visualizacion":null,"minutos_inicio_visualizacion":null,"fecha_final_destacado":null,"hora_final_visualizacion":null,"minutos_final_visualizacion":null,"posicion_visualizacion":null,"estado_destacado":null,"niveles_destacados":null,"url_del_enlace":null,"banner_destacado":null,"posicion_visualizacion_de_la_noticia":"01","estado_noticia":["Visible"],"fecha_de_inicio_de_visualizacion_del_tutorial":null,"hora_inicio_visualizacion_tutorial":null,"minutos_inicio_visualizacion_tutorial":null,"fecha_de_final_de_visualizacion_del_tutorial":null,"hora_final_visualizacion_tutorial":null,"minutos_final_visualizacion_tutorial":null,"numero_de_veces_visto":null,"numero_de_veces_total":null,"niveles_tutorial":null,"tutorial_recursos_castellano":null,"tutorial_recursos_catalan":null,"dias_disponibles":null,"dias_de_la_semana":null,"dias_del_mes":null,"other_lang_post_id":null,"lang":"ca","campanya_descripcion":null,"campanya_fecha_inicio":null,"campanya_fecha_fin":null,"campanya_legales":null,"campanya_imagen":null,"campanya_characteristics":null,"campanya_url":null,"campanya_posicion_visualizacion":null,"campanya_estado":null,"_links":{"self":[{"href":"https:\/\/www.ametllerorigenwp.com\/ca\/wp-json\/wp\/v2\/posts\/9167","targetHints":{"allow":["GET"]}}],"collection":[{"href":"https:\/\/www.ametllerorigenwp.com\/ca\/wp-json\/wp\/v2\/posts"}],"about":[{"href":"https:\/\/www.ametllerorigenwp.com\/ca\/wp-json\/wp\/v2\/types\/post"}],"author":[{"embeddable":true,"href":"https:\/\/www.ametllerorigenwp.com\/ca\/wp-json\/wp\/v2\/users\/5"}],"replies":[{"embeddable":true,"href":"https:\/\/www.ametllerorigenwp.com\/ca\/wp-json\/wp\/v2\/comments?post=9167"}],"version-history":[{"count":1,"href":"https:\/\/www.ametllerorigenwp.com\/ca\/wp-json\/wp\/v2\/posts\/9167\/revisions"}],"predecessor-version":[{"id":9168,"href":"https:\/\/www.ametllerorigenwp.com\/ca\/wp-json\/wp\/v2\/posts\/9167\/revisions\/9168"}],"wp:featuredmedia":[{"embeddable":true,"href":"https:\/\/www.ametllerorigenwp.com\/ca\/wp-json\/wp\/v2\/media\/9165"}],"wp:attachment":[{"href":"https:\/\/www.ametllerorigenwp.com\/ca\/wp-json\/wp\/v2\/media?parent=9167"}],"wp:term":[{"taxonomy":"category","embeddable":true,"href":"https:\/\/www.ametllerorigenwp.com\/ca\/wp-json\/wp\/v2\/categories?post=9167"},{"taxonomy":"post_tag","embeddable":true,"href":"https:\/\/www.ametllerorigenwp.com\/ca\/wp-json\/wp\/v2\/tags?post=9167"}],"curies":[{"name":"wp","href":"https:\/\/api.w.org\/{rel}","templated":true}]}}