{"id":9195,"date":"2023-07-11T01:00:48","date_gmt":"2023-07-11T01:00:48","guid":{"rendered":"https:\/\/www.ametllerorigenwp.com\/?p=9195"},"modified":"2023-07-10T14:09:24","modified_gmt":"2023-07-10T14:09:24","slug":"el-tomaquet-pera-el-teu-aliat-per-a-sopes-sofregits-i-conserves","status":"publish","type":"post","link":"https:\/\/www.ametllerorigenwp.com\/ca\/el-tomaquet-pera-el-teu-aliat-per-a-sopes-sofregits-i-conserves\/","title":{"rendered":"El tom\u00e0quet pera, el teu aliat per a sopes, sofregits i conserves"},"content":{"rendered":"<p>Com segurament has dedu\u00eft, aquesta varietat de tom\u00e0quet <strong>rep el nom de pera per la seva forma: oblonga, allargada i llisa, semblant a la d\u2019aquesta fruita, per\u00f2 de menor grand\u00e0ria<\/strong>.<\/p>\n<p>Respecte a la seva polpa, <strong>\u00e9s un dels tom\u00e0quets m\u00e9s carnosos, amb molta proporci\u00f3 de carn en comparaci\u00f3 amb la resta de varietats. Tanmateix, t\u00e9 molt suc i \u00e9s superarom\u00e0tic<\/strong>.<\/p>\n<p>Saps com treure el m\u00e0xim partit del tom\u00e0quet pera a la cuina? Descobreix-ho en aquest article del <a href=\"https:\/\/www.ametllerorigen.com\/ca\/blog\/tomaquet-pera-el-teu-aliat-per-a-sopes-sofregits-i-conserves\">blog<\/a>.<\/p>\n","protected":false},"excerpt":{"rendered":"<p>Com segurament has dedu\u00eft, aquesta varietat de tom\u00e0quet rep el nom de pera per la seva forma: oblonga, allargada i llisa, semblant a la d\u2019aquesta fruita, per\u00f2 de menor grand\u00e0ria. Respecte a la seva polpa, \u00e9s un dels tom\u00e0quets m\u00e9s carnosos, amb molta proporci\u00f3 de carn en comparaci\u00f3 amb la resta de varietats. Tanmateix, t\u00e9 &hellip; <a href=\"https:\/\/www.ametllerorigenwp.com\/ca\/el-tomaquet-pera-el-teu-aliat-per-a-sopes-sofregits-i-conserves\/\" class=\"more-link\">Continua llegint <span class=\"screen-reader-text\">\u00abEl tom\u00e0quet pera, el teu aliat per a sopes, sofregits i conserves\u00bb<\/span><\/a><\/p>\n","protected":false},"author":5,"featured_media":9196,"comment_status":"closed","ping_status":"closed","sticky":false,"template":"","format":"standard","meta":{"_uag_custom_page_level_css":"","advgb_blocks_editor_width":"","advgb_blocks_columns_visual_guide":"","footnotes":""},"categories":[2],"tags":[],"class_list":["post-9195","post","type-post","status-publish","format-standard","has-post-thumbnail","hentry","category-noticies"],"author_meta":{"display_name":"Mireia Zaragoza","author_link":"https:\/\/www.ametllerorigenwp.com\/ca\/author\/mzaragoza\/"},"featured_img":"https:\/\/www.ametllerorigenwp.com\/wp-content\/uploads\/2023\/07\/app_tomaquet-300x102.jpg","uagb_featured_image_src":{"full":["https:\/\/www.ametllerorigenwp.com\/wp-content\/uploads\/2023\/07\/app_tomaquet.jpg",1000,340,false],"thumbnail":["https:\/\/www.ametllerorigenwp.com\/wp-content\/uploads\/2023\/07\/app_tomaquet-150x150.jpg",150,150,true],"medium":["https:\/\/www.ametllerorigenwp.com\/wp-content\/uploads\/2023\/07\/app_tomaquet-300x102.jpg",300,102,true],"medium_large":["https:\/\/www.ametllerorigenwp.com\/wp-content\/uploads\/2023\/07\/app_tomaquet-768x261.jpg",768,261,true],"large":["https:\/\/www.ametllerorigenwp.com\/wp-content\/uploads\/2023\/07\/app_tomaquet.jpg",840,286,false],"1536x1536":["https:\/\/www.ametllerorigenwp.com\/wp-content\/uploads\/2023\/07\/app_tomaquet.jpg",1000,340,false],"2048x2048":["https:\/\/www.ametllerorigenwp.com\/wp-content\/uploads\/2023\/07\/app_tomaquet.jpg",1000,340,false],"post-thumbnail":["https:\/\/www.ametllerorigenwp.com\/wp-content\/uploads\/2023\/07\/app_tomaquet.jpg",1000,340,false]},"uagb_author_info":{"display_name":"Mireia Zaragoza","author_link":"https:\/\/www.ametllerorigenwp.com\/ca\/author\/mzaragoza\/"},"uagb_comment_info":0,"uagb_excerpt":"Com segurament has dedu\u00eft, aquesta varietat de tom\u00e0quet rep el nom de pera per la seva forma: oblonga, allargada i llisa, semblant a la d\u2019aquesta fruita, per\u00f2 de menor grand\u00e0ria. Respecte a la seva polpa, \u00e9s un dels tom\u00e0quets m\u00e9s carnosos, amb molta proporci\u00f3 de carn en comparaci\u00f3 amb la resta de varietats. Tanmateix, t\u00e9&hellip;","coauthors":[],"tax_additional":{"categories":{"linked":["<a href=\"https:\/\/www.ametllerorigenwp.com\/ca\/category\/noticies\/\" class=\"advgb-post-tax-term\">Noticies<\/a>"],"unlinked":["<span class=\"advgb-post-tax-term\">Noticies<\/span>"]}},"comment_count":"0","relative_dates":{"created":"Posted 3 anys ago","modified":"Updated 3 anys ago"},"absolute_dates":{"created":"Posted on 11 de juliol de 2023","modified":"Updated on 10 de juliol de 2023"},"absolute_dates_time":{"created":"Posted on 11 de juliol de 2023 01:00","modified":"Updated on 10 de juliol de 2023 14:09"},"featured_img_caption":"","series_order":"","show_in_app":true,"fecha_inicio_destacado":null,"hora_inicio_visualizacion":null,"minutos_inicio_visualizacion":null,"fecha_final_destacado":null,"hora_final_visualizacion":null,"minutos_final_visualizacion":null,"posicion_visualizacion":null,"estado_destacado":null,"niveles_destacados":null,"url_del_enlace":null,"banner_destacado":null,"posicion_visualizacion_de_la_noticia":"01","estado_noticia":["Visible"],"fecha_de_inicio_de_visualizacion_del_tutorial":null,"hora_inicio_visualizacion_tutorial":null,"minutos_inicio_visualizacion_tutorial":null,"fecha_de_final_de_visualizacion_del_tutorial":null,"hora_final_visualizacion_tutorial":null,"minutos_final_visualizacion_tutorial":null,"numero_de_veces_visto":null,"numero_de_veces_total":null,"niveles_tutorial":null,"tutorial_recursos_castellano":null,"tutorial_recursos_catalan":null,"dias_disponibles":null,"dias_de_la_semana":null,"dias_del_mes":null,"other_lang_post_id":null,"lang":"ca","campanya_descripcion":null,"campanya_fecha_inicio":null,"campanya_fecha_fin":null,"campanya_legales":null,"campanya_imagen":null,"campanya_characteristics":null,"campanya_url":null,"campanya_posicion_visualizacion":null,"campanya_estado":null,"_links":{"self":[{"href":"https:\/\/www.ametllerorigenwp.com\/ca\/wp-json\/wp\/v2\/posts\/9195","targetHints":{"allow":["GET"]}}],"collection":[{"href":"https:\/\/www.ametllerorigenwp.com\/ca\/wp-json\/wp\/v2\/posts"}],"about":[{"href":"https:\/\/www.ametllerorigenwp.com\/ca\/wp-json\/wp\/v2\/types\/post"}],"author":[{"embeddable":true,"href":"https:\/\/www.ametllerorigenwp.com\/ca\/wp-json\/wp\/v2\/users\/5"}],"replies":[{"embeddable":true,"href":"https:\/\/www.ametllerorigenwp.com\/ca\/wp-json\/wp\/v2\/comments?post=9195"}],"version-history":[{"count":1,"href":"https:\/\/www.ametllerorigenwp.com\/ca\/wp-json\/wp\/v2\/posts\/9195\/revisions"}],"predecessor-version":[{"id":9198,"href":"https:\/\/www.ametllerorigenwp.com\/ca\/wp-json\/wp\/v2\/posts\/9195\/revisions\/9198"}],"wp:featuredmedia":[{"embeddable":true,"href":"https:\/\/www.ametllerorigenwp.com\/ca\/wp-json\/wp\/v2\/media\/9196"}],"wp:attachment":[{"href":"https:\/\/www.ametllerorigenwp.com\/ca\/wp-json\/wp\/v2\/media?parent=9195"}],"wp:term":[{"taxonomy":"category","embeddable":true,"href":"https:\/\/www.ametllerorigenwp.com\/ca\/wp-json\/wp\/v2\/categories?post=9195"},{"taxonomy":"post_tag","embeddable":true,"href":"https:\/\/www.ametllerorigenwp.com\/ca\/wp-json\/wp\/v2\/tags?post=9195"}],"curies":[{"name":"wp","href":"https:\/\/api.w.org\/{rel}","templated":true}]}}