{"id":92,"date":"2020-12-19T11:10:36","date_gmt":"2020-12-19T11:10:36","guid":{"rendered":"http:\/\/www.ametllerorigenwp.com\/?p=92"},"modified":"2021-02-05T13:16:28","modified_gmt":"2021-02-05T13:16:28","slug":"cuinem-per-tu-nadal","status":"publish","type":"post","link":"https:\/\/www.ametllerorigenwp.com\/ca\/cuinem-per-tu-nadal\/","title":{"rendered":"Aquest Nadal cuinem per a tu!"},"content":{"rendered":"\n<p>Encara no saps qu\u00e8 cuinar aquestes festes? No et preocupis, ja ens encarreguem nosaltres en els nostres obradors*.<\/p>\n\n\n\n<p>Tan si ets amant de les receptes m\u00e9s tradicionals com l&#8217;escudella i la carn d&#8217;olla, com si ets d&#8217;aquells que gaudeix innovant, a Ametller Origen t&#8217;oferim tota una carta d&#8217;entrants, primers, segons i postres per a llepar-te els dits. Compra el teu men\u00fa de Nadal a mida fins el 24 de Desembre! Si no et vols quedar sense cap d&#8217;aquests productes, assegura&#8217;t de reservar-ho pr\u00e8viament. Tens fins el 20\/12 per fer-ho!&nbsp;<\/p>\n\n\n\n<p>Acosta&#8217;t a l&#8217;obrador i all\u00e0 mateix et faran la reserva!&nbsp; &nbsp;&nbsp;<\/p>\n\n\n\n<p>Pots consultar totes les opciones que oferim en el&nbsp;<a href=\"https:\/\/drive.google.com\/file\/d\/1s7qIaV2FZPm8HcnelQnW_ghKZTIR7XIb\/view\">seg\u00fcent enlla\u00e7<\/a>:<\/p>\n\n\n\n<p>*Els nostres obradors estan disponibles a les seg\u00fcents botigues:<\/p>\n\n\n\n<p><strong>Barcelona<\/strong>:&nbsp;<\/p>\n\n\n\n<p>&#8211; Carrer Casanovas 220<br>&#8211; Carrer Calvet 33-37<br>&#8211; Carrer Roger de Ll\u00faria 92<br>&#8211; Carrer Comte Urgell 71<br>&#8211; Rambla Poblenou 124<br>&#8211; Gran de Gr\u00e0cia 137<br>&#8211; Carrer Travessera de Gr\u00e0cia 85<br>&#8211; Avinguda Josep Tarradelles 129&nbsp;<br>&#8211; Carrer Rossell\u00f2 298<\/p>\n\n\n\n<p><strong>Badalona<\/strong>:<\/p>\n\n\n\n<p>&#8211; Carrer Francesc Layret 36<\/p>\n\n\n\n<p><strong>Tarragona<\/strong>:<\/p>\n\n\n\n<p>&#8211; Avinguda Ram\u00f2n i cajal 19<\/p>\n\n\n\n<p><strong>Reus<\/strong>:<\/p>\n\n\n\n<p>&#8211; Carrer Santa Helena 1<\/p>\n\n\n\n<p><strong>Masnou<\/strong>:<\/p>\n\n\n\n<p>&#8211; Carrer It\u00e0lia 10-48<\/p>\n\n\n\n<p><strong>Caldes<\/strong>:&nbsp;<\/p>\n\n\n\n<p>&#8211; Avinguda Pi Maragall<\/p>\n\n\n\n<p><strong>Molins<\/strong>:&nbsp;<\/p>\n\n\n\n<p>&#8211; Carrer del Mol\u00ed 7-9<\/p>\n","protected":false},"excerpt":{"rendered":"<p>Encara no saps qu\u00e8 cuinar aquestes festes? No et preocupis, ja ens encarreguem nosaltres en els nostres obradors*. Tan si ets amant de les receptes m\u00e9s tradicionals com l&#8217;escudella i la carn d&#8217;olla, com si ets d&#8217;aquells que gaudeix innovant, a Ametller Origen t&#8217;oferim tota una carta d&#8217;entrants, primers, segons i postres per a llepar-te &hellip; <a href=\"https:\/\/www.ametllerorigenwp.com\/ca\/cuinem-per-tu-nadal\/\" class=\"more-link\">Continua llegint <span class=\"screen-reader-text\">\u00abAquest Nadal cuinem per a tu!\u00bb<\/span><\/a><\/p>\n","protected":false},"author":1,"featured_media":385,"comment_status":"open","ping_status":"open","sticky":false,"template":"","format":"standard","meta":{"_uag_custom_page_level_css":"","advgb_blocks_editor_width":"","advgb_blocks_columns_visual_guide":"","footnotes":""},"categories":[2],"tags":[],"class_list":["post-92","post","type-post","status-publish","format-standard","has-post-thumbnail","hentry","category-noticies"],"author_meta":{"display_name":"admin","author_link":"https:\/\/www.ametllerorigenwp.com\/ca\/author\/admin\/"},"featured_img":"https:\/\/www.ametllerorigenwp.com\/wp-content\/uploads\/2020\/12\/CMB9956-300x200.jpg","uagb_featured_image_src":{"full":["https:\/\/www.ametllerorigenwp.com\/wp-content\/uploads\/2020\/12\/CMB9956.jpg",1620,1080,false],"thumbnail":["https:\/\/www.ametllerorigenwp.com\/wp-content\/uploads\/2020\/12\/CMB9956-150x150.jpg",150,150,true],"medium":["https:\/\/www.ametllerorigenwp.com\/wp-content\/uploads\/2020\/12\/CMB9956-300x200.jpg",300,200,true],"medium_large":["https:\/\/www.ametllerorigenwp.com\/wp-content\/uploads\/2020\/12\/CMB9956-768x512.jpg",768,512,true],"large":["https:\/\/www.ametllerorigenwp.com\/wp-content\/uploads\/2020\/12\/CMB9956-1024x683.jpg",840,560,true],"1536x1536":["https:\/\/www.ametllerorigenwp.com\/wp-content\/uploads\/2020\/12\/CMB9956-1536x1024.jpg",1536,1024,true],"2048x2048":["https:\/\/www.ametllerorigenwp.com\/wp-content\/uploads\/2020\/12\/CMB9956.jpg",1620,1080,false],"post-thumbnail":["https:\/\/www.ametllerorigenwp.com\/wp-content\/uploads\/2020\/12\/CMB9956-1200x800.jpg",1200,800,true]},"uagb_author_info":{"display_name":"admin","author_link":"https:\/\/www.ametllerorigenwp.com\/ca\/author\/admin\/"},"uagb_comment_info":1,"uagb_excerpt":"Encara no saps qu\u00e8 cuinar aquestes festes? No et preocupis, ja ens encarreguem nosaltres en els nostres obradors*. Tan si ets amant de les receptes m\u00e9s tradicionals com l&#8217;escudella i la carn d&#8217;olla, com si ets d&#8217;aquells que gaudeix innovant, a Ametller Origen t&#8217;oferim tota una carta d&#8217;entrants, primers, segons i postres per a llepar-te&hellip;","coauthors":[],"tax_additional":{"categories":{"linked":["<a href=\"https:\/\/www.ametllerorigenwp.com\/ca\/category\/noticies\/\" class=\"advgb-post-tax-term\">Noticies<\/a>"],"unlinked":["<span class=\"advgb-post-tax-term\">Noticies<\/span>"]}},"comment_count":"0","relative_dates":{"created":"Posted 5 anys ago","modified":"Updated 5 anys ago"},"absolute_dates":{"created":"Posted on 19 de desembre de 2020","modified":"Updated on 5 de febrer de 2021"},"absolute_dates_time":{"created":"Posted on 19 de desembre de 2020 11:10","modified":"Updated on 5 de febrer de 2021 13:16"},"featured_img_caption":"","series_order":"","show_in_app":true,"fecha_inicio_destacado":null,"hora_inicio_visualizacion":null,"minutos_inicio_visualizacion":null,"fecha_final_destacado":null,"hora_final_visualizacion":null,"minutos_final_visualizacion":null,"posicion_visualizacion":null,"estado_destacado":null,"niveles_destacados":null,"url_del_enlace":null,"banner_destacado":null,"posicion_visualizacion_de_la_noticia":null,"estado_noticia":null,"fecha_de_inicio_de_visualizacion_del_tutorial":null,"hora_inicio_visualizacion_tutorial":null,"minutos_inicio_visualizacion_tutorial":null,"fecha_de_final_de_visualizacion_del_tutorial":null,"hora_final_visualizacion_tutorial":null,"minutos_final_visualizacion_tutorial":null,"numero_de_veces_visto":null,"numero_de_veces_total":null,"niveles_tutorial":null,"tutorial_recursos_castellano":null,"tutorial_recursos_catalan":null,"dias_disponibles":null,"dias_de_la_semana":null,"dias_del_mes":null,"other_lang_post_id":90,"lang":"ca","campanya_descripcion":null,"campanya_fecha_inicio":null,"campanya_fecha_fin":null,"campanya_legales":null,"campanya_imagen":null,"campanya_characteristics":null,"campanya_url":null,"campanya_posicion_visualizacion":null,"campanya_estado":null,"_links":{"self":[{"href":"https:\/\/www.ametllerorigenwp.com\/ca\/wp-json\/wp\/v2\/posts\/92","targetHints":{"allow":["GET"]}}],"collection":[{"href":"https:\/\/www.ametllerorigenwp.com\/ca\/wp-json\/wp\/v2\/posts"}],"about":[{"href":"https:\/\/www.ametllerorigenwp.com\/ca\/wp-json\/wp\/v2\/types\/post"}],"author":[{"embeddable":true,"href":"https:\/\/www.ametllerorigenwp.com\/ca\/wp-json\/wp\/v2\/users\/1"}],"replies":[{"embeddable":true,"href":"https:\/\/www.ametllerorigenwp.com\/ca\/wp-json\/wp\/v2\/comments?post=92"}],"version-history":[{"count":1,"href":"https:\/\/www.ametllerorigenwp.com\/ca\/wp-json\/wp\/v2\/posts\/92\/revisions"}],"predecessor-version":[{"id":93,"href":"https:\/\/www.ametllerorigenwp.com\/ca\/wp-json\/wp\/v2\/posts\/92\/revisions\/93"}],"wp:featuredmedia":[{"embeddable":true,"href":"https:\/\/www.ametllerorigenwp.com\/ca\/wp-json\/wp\/v2\/media\/385"}],"wp:attachment":[{"href":"https:\/\/www.ametllerorigenwp.com\/ca\/wp-json\/wp\/v2\/media?parent=92"}],"wp:term":[{"taxonomy":"category","embeddable":true,"href":"https:\/\/www.ametllerorigenwp.com\/ca\/wp-json\/wp\/v2\/categories?post=92"},{"taxonomy":"post_tag","embeddable":true,"href":"https:\/\/www.ametllerorigenwp.com\/ca\/wp-json\/wp\/v2\/tags?post=92"}],"curies":[{"name":"wp","href":"https:\/\/api.w.org\/{rel}","templated":true}]}}