{"id":9257,"date":"2023-07-15T01:00:34","date_gmt":"2023-07-15T01:00:34","guid":{"rendered":"https:\/\/www.ametllerorigenwp.com\/?p=9257"},"modified":"2023-07-14T07:08:09","modified_gmt":"2023-07-14T07:08:09","slug":"fomentem-uns-habits-dalimentacio-saludables-al-barca-academy-sport","status":"publish","type":"post","link":"https:\/\/www.ametllerorigenwp.com\/ca\/fomentem-uns-habits-dalimentacio-saludables-al-barca-academy-sport\/","title":{"rendered":"Fomentem uns h\u00e0bits d\u2019alimentaci\u00f3 saludables al Bar\u00e7a Academy Sport"},"content":{"rendered":"<p>Seguint amb el nostre prop\u00f2sit de promoure uns h\u00e0bits de vida m\u00e9s saludables i sostenibles, facilitant l\u2019acc\u00e9s a una alimentaci\u00f3 saludable, plaent i neta, <strong>aquest any col\u00b7laborem amb el Bar\u00e7a Academy Sport<\/strong>.<\/p>\n<p>El campus, que se celebra durant el mes de juliol a Barcelona i Cambrils, fomenta la pr\u00e0ctica del futbol en nens i nenes d\u2019entre 6 i 14 anys. Des d\u2019Ametller Origen, en cada descans dels entrenaments, <strong>ens hem assegurat d\u2019aportar fruita fresca perqu\u00e8 els nens i les nenes puguin gaudir d\u2019una alimentaci\u00f3 nutritiva i saludable. <\/strong><\/p>\n<p>Continuem avan\u00e7ant cap al m\u00f3n on volem viure!<\/p>\n","protected":false},"excerpt":{"rendered":"<p>Seguint amb el nostre prop\u00f2sit de promoure uns h\u00e0bits de vida m\u00e9s saludables i sostenibles, facilitant l\u2019acc\u00e9s a una alimentaci\u00f3 saludable, plaent i neta, aquest any col\u00b7laborem amb el Bar\u00e7a Academy Sport. El campus, que se celebra durant el mes de juliol a Barcelona i Cambrils, fomenta la pr\u00e0ctica del futbol en nens i nenes &hellip; <a href=\"https:\/\/www.ametllerorigenwp.com\/ca\/fomentem-uns-habits-dalimentacio-saludables-al-barca-academy-sport\/\" class=\"more-link\">Continua llegint <span class=\"screen-reader-text\">\u00abFomentem uns h\u00e0bits d\u2019alimentaci\u00f3 saludables al Bar\u00e7a Academy Sport\u00bb<\/span><\/a><\/p>\n","protected":false},"author":5,"featured_media":9258,"comment_status":"closed","ping_status":"closed","sticky":false,"template":"","format":"standard","meta":{"_uag_custom_page_level_css":"","advgb_blocks_editor_width":"","advgb_blocks_columns_visual_guide":"","footnotes":""},"categories":[2],"tags":[],"class_list":["post-9257","post","type-post","status-publish","format-standard","has-post-thumbnail","hentry","category-noticies"],"author_meta":{"display_name":"Mireia Zaragoza","author_link":"https:\/\/www.ametllerorigenwp.com\/ca\/author\/mzaragoza\/"},"featured_img":"https:\/\/www.ametllerorigenwp.com\/wp-content\/uploads\/2023\/07\/Proyecto-nuevo-31-1-300x102.png","uagb_featured_image_src":{"full":["https:\/\/www.ametllerorigenwp.com\/wp-content\/uploads\/2023\/07\/Proyecto-nuevo-31-1.png",1000,340,false],"thumbnail":["https:\/\/www.ametllerorigenwp.com\/wp-content\/uploads\/2023\/07\/Proyecto-nuevo-31-1-150x150.png",150,150,true],"medium":["https:\/\/www.ametllerorigenwp.com\/wp-content\/uploads\/2023\/07\/Proyecto-nuevo-31-1-300x102.png",300,102,true],"medium_large":["https:\/\/www.ametllerorigenwp.com\/wp-content\/uploads\/2023\/07\/Proyecto-nuevo-31-1-768x261.png",768,261,true],"large":["https:\/\/www.ametllerorigenwp.com\/wp-content\/uploads\/2023\/07\/Proyecto-nuevo-31-1.png",840,286,false],"1536x1536":["https:\/\/www.ametllerorigenwp.com\/wp-content\/uploads\/2023\/07\/Proyecto-nuevo-31-1.png",1000,340,false],"2048x2048":["https:\/\/www.ametllerorigenwp.com\/wp-content\/uploads\/2023\/07\/Proyecto-nuevo-31-1.png",1000,340,false],"post-thumbnail":["https:\/\/www.ametllerorigenwp.com\/wp-content\/uploads\/2023\/07\/Proyecto-nuevo-31-1.png",1000,340,false]},"uagb_author_info":{"display_name":"Mireia Zaragoza","author_link":"https:\/\/www.ametllerorigenwp.com\/ca\/author\/mzaragoza\/"},"uagb_comment_info":0,"uagb_excerpt":"Seguint amb el nostre prop\u00f2sit de promoure uns h\u00e0bits de vida m\u00e9s saludables i sostenibles, facilitant l\u2019acc\u00e9s a una alimentaci\u00f3 saludable, plaent i neta, aquest any col\u00b7laborem amb el Bar\u00e7a Academy Sport. El campus, que se celebra durant el mes de juliol a Barcelona i Cambrils, fomenta la pr\u00e0ctica del futbol en nens i nenes&hellip;","coauthors":[],"tax_additional":{"categories":{"linked":["<a href=\"https:\/\/www.ametllerorigenwp.com\/ca\/category\/noticies\/\" class=\"advgb-post-tax-term\">Noticies<\/a>"],"unlinked":["<span class=\"advgb-post-tax-term\">Noticies<\/span>"]}},"comment_count":"0","relative_dates":{"created":"Posted 3 anys ago","modified":"Updated 3 anys ago"},"absolute_dates":{"created":"Posted on 15 de juliol de 2023","modified":"Updated on 14 de juliol de 2023"},"absolute_dates_time":{"created":"Posted on 15 de juliol de 2023 01:00","modified":"Updated on 14 de juliol de 2023 07:08"},"featured_img_caption":"","series_order":"","show_in_app":true,"fecha_inicio_destacado":null,"hora_inicio_visualizacion":null,"minutos_inicio_visualizacion":null,"fecha_final_destacado":null,"hora_final_visualizacion":null,"minutos_final_visualizacion":null,"posicion_visualizacion":null,"estado_destacado":null,"niveles_destacados":null,"url_del_enlace":null,"banner_destacado":null,"posicion_visualizacion_de_la_noticia":"01","estado_noticia":["Visible"],"fecha_de_inicio_de_visualizacion_del_tutorial":null,"hora_inicio_visualizacion_tutorial":null,"minutos_inicio_visualizacion_tutorial":null,"fecha_de_final_de_visualizacion_del_tutorial":null,"hora_final_visualizacion_tutorial":null,"minutos_final_visualizacion_tutorial":null,"numero_de_veces_visto":null,"numero_de_veces_total":null,"niveles_tutorial":null,"tutorial_recursos_castellano":null,"tutorial_recursos_catalan":null,"dias_disponibles":null,"dias_de_la_semana":null,"dias_del_mes":null,"other_lang_post_id":null,"lang":"ca","campanya_descripcion":null,"campanya_fecha_inicio":null,"campanya_fecha_fin":null,"campanya_legales":null,"campanya_imagen":null,"campanya_characteristics":null,"campanya_url":null,"campanya_posicion_visualizacion":null,"campanya_estado":null,"_links":{"self":[{"href":"https:\/\/www.ametllerorigenwp.com\/ca\/wp-json\/wp\/v2\/posts\/9257","targetHints":{"allow":["GET"]}}],"collection":[{"href":"https:\/\/www.ametllerorigenwp.com\/ca\/wp-json\/wp\/v2\/posts"}],"about":[{"href":"https:\/\/www.ametllerorigenwp.com\/ca\/wp-json\/wp\/v2\/types\/post"}],"author":[{"embeddable":true,"href":"https:\/\/www.ametllerorigenwp.com\/ca\/wp-json\/wp\/v2\/users\/5"}],"replies":[{"embeddable":true,"href":"https:\/\/www.ametllerorigenwp.com\/ca\/wp-json\/wp\/v2\/comments?post=9257"}],"version-history":[{"count":1,"href":"https:\/\/www.ametllerorigenwp.com\/ca\/wp-json\/wp\/v2\/posts\/9257\/revisions"}],"predecessor-version":[{"id":9260,"href":"https:\/\/www.ametllerorigenwp.com\/ca\/wp-json\/wp\/v2\/posts\/9257\/revisions\/9260"}],"wp:featuredmedia":[{"embeddable":true,"href":"https:\/\/www.ametllerorigenwp.com\/ca\/wp-json\/wp\/v2\/media\/9258"}],"wp:attachment":[{"href":"https:\/\/www.ametllerorigenwp.com\/ca\/wp-json\/wp\/v2\/media?parent=9257"}],"wp:term":[{"taxonomy":"category","embeddable":true,"href":"https:\/\/www.ametllerorigenwp.com\/ca\/wp-json\/wp\/v2\/categories?post=9257"},{"taxonomy":"post_tag","embeddable":true,"href":"https:\/\/www.ametllerorigenwp.com\/ca\/wp-json\/wp\/v2\/tags?post=9257"}],"curies":[{"name":"wp","href":"https:\/\/api.w.org\/{rel}","templated":true}]}}