{"id":9266,"date":"2023-07-17T01:00:31","date_gmt":"2023-07-17T01:00:31","guid":{"rendered":"https:\/\/www.ametllerorigenwp.com\/?p=9266"},"modified":"2023-07-14T07:42:59","modified_gmt":"2023-07-14T07:42:59","slug":"tomaquet-monterosa-una-delicia-dolca-i-afruitada-de-lestiu","status":"publish","type":"post","link":"https:\/\/www.ametllerorigenwp.com\/ca\/tomaquet-monterosa-una-delicia-dolca-i-afruitada-de-lestiu\/","title":{"rendered":"Tom\u00e0quet Monterosa, una del\u00edcia dol\u00e7a i afruitada de l\u2019estiu"},"content":{"rendered":"<p><strong>Voluptu\u00f3s, de formes arrodonides, brillant i de color rosa intents<\/strong>, aix\u00ed \u00e9s el tom\u00e0quet Monterosa, una de les varietats m\u00e9s conegudes i que ara a l\u2019estiu estan m\u00e9s bones.<\/p>\n<p>Un mos de tom\u00e0quet Monterosa \u00e9s un regal per al paladar: <strong>de sabor molt dol\u00e7 i un toc afruitat<\/strong> al final, estem segurs que t\u2019encantar\u00e0. Respecte a la seva textura, <strong>\u00e9s un tom\u00e0quet molt carn\u00f3s<\/strong> <strong>i, al mateix temps, suc\u00f3s, amb una pell molt fina, que quasi no es nota, i molt arom\u00e0tic<\/strong>. El seu color rosa ens indica que est\u00e0 madur i perfecte per degustar!<\/p>\n<p>Vols saber quina \u00e9s la millor manera de menjar aquesta varietat de tom\u00e0quet? Descobreix-ho en aquest article del <a href=\"https:\/\/www.ametllerorigen.com\/ca\/blog\/quin-sabor-te-el-tomaquet-monterosa\">blog<\/a>.<\/p>\n","protected":false},"excerpt":{"rendered":"<p>Voluptu\u00f3s, de formes arrodonides, brillant i de color rosa intents, aix\u00ed \u00e9s el tom\u00e0quet Monterosa, una de les varietats m\u00e9s conegudes i que ara a l\u2019estiu estan m\u00e9s bones. Un mos de tom\u00e0quet Monterosa \u00e9s un regal per al paladar: de sabor molt dol\u00e7 i un toc afruitat al final, estem segurs que t\u2019encantar\u00e0. Respecte &hellip; <a href=\"https:\/\/www.ametllerorigenwp.com\/ca\/tomaquet-monterosa-una-delicia-dolca-i-afruitada-de-lestiu\/\" class=\"more-link\">Continua llegint <span class=\"screen-reader-text\">\u00abTom\u00e0quet Monterosa, una del\u00edcia dol\u00e7a i afruitada de l\u2019estiu\u00bb<\/span><\/a><\/p>\n","protected":false},"author":5,"featured_media":9267,"comment_status":"closed","ping_status":"closed","sticky":false,"template":"","format":"standard","meta":{"_uag_custom_page_level_css":"","advgb_blocks_editor_width":"","advgb_blocks_columns_visual_guide":"","footnotes":""},"categories":[2],"tags":[],"class_list":["post-9266","post","type-post","status-publish","format-standard","has-post-thumbnail","hentry","category-noticies"],"author_meta":{"display_name":"Mireia Zaragoza","author_link":"https:\/\/www.ametllerorigenwp.com\/ca\/author\/mzaragoza\/"},"featured_img":"https:\/\/www.ametllerorigenwp.com\/wp-content\/uploads\/2023\/07\/app_monterosa-1-300x102.jpg","uagb_featured_image_src":{"full":["https:\/\/www.ametllerorigenwp.com\/wp-content\/uploads\/2023\/07\/app_monterosa-1.jpg",1000,340,false],"thumbnail":["https:\/\/www.ametllerorigenwp.com\/wp-content\/uploads\/2023\/07\/app_monterosa-1-150x150.jpg",150,150,true],"medium":["https:\/\/www.ametllerorigenwp.com\/wp-content\/uploads\/2023\/07\/app_monterosa-1-300x102.jpg",300,102,true],"medium_large":["https:\/\/www.ametllerorigenwp.com\/wp-content\/uploads\/2023\/07\/app_monterosa-1-768x261.jpg",768,261,true],"large":["https:\/\/www.ametllerorigenwp.com\/wp-content\/uploads\/2023\/07\/app_monterosa-1.jpg",840,286,false],"1536x1536":["https:\/\/www.ametllerorigenwp.com\/wp-content\/uploads\/2023\/07\/app_monterosa-1.jpg",1000,340,false],"2048x2048":["https:\/\/www.ametllerorigenwp.com\/wp-content\/uploads\/2023\/07\/app_monterosa-1.jpg",1000,340,false],"post-thumbnail":["https:\/\/www.ametllerorigenwp.com\/wp-content\/uploads\/2023\/07\/app_monterosa-1.jpg",1000,340,false]},"uagb_author_info":{"display_name":"Mireia Zaragoza","author_link":"https:\/\/www.ametllerorigenwp.com\/ca\/author\/mzaragoza\/"},"uagb_comment_info":0,"uagb_excerpt":"Voluptu\u00f3s, de formes arrodonides, brillant i de color rosa intents, aix\u00ed \u00e9s el tom\u00e0quet Monterosa, una de les varietats m\u00e9s conegudes i que ara a l\u2019estiu estan m\u00e9s bones. Un mos de tom\u00e0quet Monterosa \u00e9s un regal per al paladar: de sabor molt dol\u00e7 i un toc afruitat al final, estem segurs que t\u2019encantar\u00e0. Respecte&hellip;","coauthors":[],"tax_additional":{"categories":{"linked":["<a href=\"https:\/\/www.ametllerorigenwp.com\/ca\/category\/noticies\/\" class=\"advgb-post-tax-term\">Noticies<\/a>"],"unlinked":["<span class=\"advgb-post-tax-term\">Noticies<\/span>"]}},"comment_count":"0","relative_dates":{"created":"Posted 3 anys ago","modified":"Updated 3 anys ago"},"absolute_dates":{"created":"Posted on 17 de juliol de 2023","modified":"Updated on 14 de juliol de 2023"},"absolute_dates_time":{"created":"Posted on 17 de juliol de 2023 01:00","modified":"Updated on 14 de juliol de 2023 07:42"},"featured_img_caption":"","series_order":"","show_in_app":true,"fecha_inicio_destacado":null,"hora_inicio_visualizacion":null,"minutos_inicio_visualizacion":null,"fecha_final_destacado":null,"hora_final_visualizacion":null,"minutos_final_visualizacion":null,"posicion_visualizacion":null,"estado_destacado":null,"niveles_destacados":null,"url_del_enlace":null,"banner_destacado":null,"posicion_visualizacion_de_la_noticia":"01","estado_noticia":["Visible"],"fecha_de_inicio_de_visualizacion_del_tutorial":null,"hora_inicio_visualizacion_tutorial":null,"minutos_inicio_visualizacion_tutorial":null,"fecha_de_final_de_visualizacion_del_tutorial":null,"hora_final_visualizacion_tutorial":null,"minutos_final_visualizacion_tutorial":null,"numero_de_veces_visto":null,"numero_de_veces_total":null,"niveles_tutorial":null,"tutorial_recursos_castellano":null,"tutorial_recursos_catalan":null,"dias_disponibles":null,"dias_de_la_semana":null,"dias_del_mes":null,"other_lang_post_id":null,"lang":"ca","campanya_descripcion":null,"campanya_fecha_inicio":null,"campanya_fecha_fin":null,"campanya_legales":null,"campanya_imagen":null,"campanya_characteristics":null,"campanya_url":null,"campanya_posicion_visualizacion":null,"campanya_estado":null,"_links":{"self":[{"href":"https:\/\/www.ametllerorigenwp.com\/ca\/wp-json\/wp\/v2\/posts\/9266","targetHints":{"allow":["GET"]}}],"collection":[{"href":"https:\/\/www.ametllerorigenwp.com\/ca\/wp-json\/wp\/v2\/posts"}],"about":[{"href":"https:\/\/www.ametllerorigenwp.com\/ca\/wp-json\/wp\/v2\/types\/post"}],"author":[{"embeddable":true,"href":"https:\/\/www.ametllerorigenwp.com\/ca\/wp-json\/wp\/v2\/users\/5"}],"replies":[{"embeddable":true,"href":"https:\/\/www.ametllerorigenwp.com\/ca\/wp-json\/wp\/v2\/comments?post=9266"}],"version-history":[{"count":1,"href":"https:\/\/www.ametllerorigenwp.com\/ca\/wp-json\/wp\/v2\/posts\/9266\/revisions"}],"predecessor-version":[{"id":9269,"href":"https:\/\/www.ametllerorigenwp.com\/ca\/wp-json\/wp\/v2\/posts\/9266\/revisions\/9269"}],"wp:featuredmedia":[{"embeddable":true,"href":"https:\/\/www.ametllerorigenwp.com\/ca\/wp-json\/wp\/v2\/media\/9267"}],"wp:attachment":[{"href":"https:\/\/www.ametllerorigenwp.com\/ca\/wp-json\/wp\/v2\/media?parent=9266"}],"wp:term":[{"taxonomy":"category","embeddable":true,"href":"https:\/\/www.ametllerorigenwp.com\/ca\/wp-json\/wp\/v2\/categories?post=9266"},{"taxonomy":"post_tag","embeddable":true,"href":"https:\/\/www.ametllerorigenwp.com\/ca\/wp-json\/wp\/v2\/tags?post=9266"}],"curies":[{"name":"wp","href":"https:\/\/api.w.org\/{rel}","templated":true}]}}