{"id":9294,"date":"2023-07-18T01:00:00","date_gmt":"2023-07-18T01:00:00","guid":{"rendered":"https:\/\/www.ametllerorigenwp.com\/?p=9294"},"modified":"2023-07-17T10:54:54","modified_gmt":"2023-07-17T10:54:54","slug":"el-melo-charentais-una-fruita-de-temporada-plena-de-vitamines","status":"publish","type":"post","link":"https:\/\/www.ametllerorigenwp.com\/ca\/el-melo-charentais-una-fruita-de-temporada-plena-de-vitamines\/","title":{"rendered":"El mel\u00f3 Charentais, una fruita de temporada plena de vitamines"},"content":{"rendered":"<p>De mida petita, pell lleugerament rugosa, de color crema per fora i taronja per dins, <strong>el mel\u00f3 Charentais \u00e9s una varietat amb un sabor dol\u00e7 i un aroma irresistible que es caracteritza per la seva gran capacitat hidratant<\/strong>.<\/p>\n<p>El mel\u00f3 Charentais destaca per la seva aportaci\u00f3 de <strong>vitamina A<\/strong>, important per a la vista i el sistema immunitari, i <strong>vitamina C<\/strong>, potent antioxidant necessari per al creixement i reparaci\u00f3 dels teixits a totes les parts del cos. Tanmateix, es tracta d\u2019una varietat de mel\u00f3 amb <strong>escassa aportaci\u00f3 cal\u00f2rica<\/strong>, i cont\u00e9 <strong>\u00e0cid f\u00f2lic<\/strong>, necessari per produir noves c\u00e8l\u00b7lules al cos.<\/p>\n<p>Aprofita que aquesta setmana el mel\u00f3 Charentais est\u00e0 en promoci\u00f3 a la teva botiga habitual o a la <a href=\"https:\/\/www.ametllerorigen.com\/ca\/fruita\/melons-i-sindries\">botiga online<\/a> i gaudeix d\u2019aquesta fruita sola, en forma de gelat o tallada a trossos dins una amanida!<\/p>\n","protected":false},"excerpt":{"rendered":"<p>De mida petita, pell lleugerament rugosa, de color crema per fora i taronja per dins, el mel\u00f3 Charentais \u00e9s una varietat amb un sabor dol\u00e7 i un aroma irresistible que es caracteritza per la seva gran capacitat hidratant. El mel\u00f3 Charentais destaca per la seva aportaci\u00f3 de vitamina A, important per a la vista i &hellip; <a href=\"https:\/\/www.ametllerorigenwp.com\/ca\/el-melo-charentais-una-fruita-de-temporada-plena-de-vitamines\/\" class=\"more-link\">Continua llegint <span class=\"screen-reader-text\">\u00abEl mel\u00f3 Charentais, una fruita de temporada plena de vitamines\u00bb<\/span><\/a><\/p>\n","protected":false},"author":5,"featured_media":9295,"comment_status":"closed","ping_status":"closed","sticky":false,"template":"","format":"standard","meta":{"_uag_custom_page_level_css":"","advgb_blocks_editor_width":"","advgb_blocks_columns_visual_guide":"","footnotes":""},"categories":[2],"tags":[],"class_list":["post-9294","post","type-post","status-publish","format-standard","has-post-thumbnail","hentry","category-noticies"],"author_meta":{"display_name":"Mireia Zaragoza","author_link":"https:\/\/www.ametllerorigenwp.com\/ca\/author\/mzaragoza\/"},"featured_img":"https:\/\/www.ametllerorigenwp.com\/wp-content\/uploads\/2023\/07\/APP_CHARENTAIS_1200x720px-300x102.jpg","uagb_featured_image_src":{"full":["https:\/\/www.ametllerorigenwp.com\/wp-content\/uploads\/2023\/07\/APP_CHARENTAIS_1200x720px.jpg",1000,340,false],"thumbnail":["https:\/\/www.ametllerorigenwp.com\/wp-content\/uploads\/2023\/07\/APP_CHARENTAIS_1200x720px-150x150.jpg",150,150,true],"medium":["https:\/\/www.ametllerorigenwp.com\/wp-content\/uploads\/2023\/07\/APP_CHARENTAIS_1200x720px-300x102.jpg",300,102,true],"medium_large":["https:\/\/www.ametllerorigenwp.com\/wp-content\/uploads\/2023\/07\/APP_CHARENTAIS_1200x720px-768x261.jpg",768,261,true],"large":["https:\/\/www.ametllerorigenwp.com\/wp-content\/uploads\/2023\/07\/APP_CHARENTAIS_1200x720px.jpg",840,286,false],"1536x1536":["https:\/\/www.ametllerorigenwp.com\/wp-content\/uploads\/2023\/07\/APP_CHARENTAIS_1200x720px.jpg",1000,340,false],"2048x2048":["https:\/\/www.ametllerorigenwp.com\/wp-content\/uploads\/2023\/07\/APP_CHARENTAIS_1200x720px.jpg",1000,340,false],"post-thumbnail":["https:\/\/www.ametllerorigenwp.com\/wp-content\/uploads\/2023\/07\/APP_CHARENTAIS_1200x720px.jpg",1000,340,false]},"uagb_author_info":{"display_name":"Mireia Zaragoza","author_link":"https:\/\/www.ametllerorigenwp.com\/ca\/author\/mzaragoza\/"},"uagb_comment_info":0,"uagb_excerpt":"De mida petita, pell lleugerament rugosa, de color crema per fora i taronja per dins, el mel\u00f3 Charentais \u00e9s una varietat amb un sabor dol\u00e7 i un aroma irresistible que es caracteritza per la seva gran capacitat hidratant. El mel\u00f3 Charentais destaca per la seva aportaci\u00f3 de vitamina A, important per a la vista i&hellip;","coauthors":[],"tax_additional":{"categories":{"linked":["<a href=\"https:\/\/www.ametllerorigenwp.com\/ca\/category\/noticies\/\" class=\"advgb-post-tax-term\">Noticies<\/a>"],"unlinked":["<span class=\"advgb-post-tax-term\">Noticies<\/span>"]}},"comment_count":"0","relative_dates":{"created":"Posted 3 anys ago","modified":"Updated 3 anys ago"},"absolute_dates":{"created":"Posted on 18 de juliol de 2023","modified":"Updated on 17 de juliol de 2023"},"absolute_dates_time":{"created":"Posted on 18 de juliol de 2023 01:00","modified":"Updated on 17 de juliol de 2023 10:54"},"featured_img_caption":"","series_order":"","show_in_app":true,"fecha_inicio_destacado":null,"hora_inicio_visualizacion":null,"minutos_inicio_visualizacion":null,"fecha_final_destacado":null,"hora_final_visualizacion":null,"minutos_final_visualizacion":null,"posicion_visualizacion":null,"estado_destacado":null,"niveles_destacados":null,"url_del_enlace":null,"banner_destacado":null,"posicion_visualizacion_de_la_noticia":"01","estado_noticia":["Visible"],"fecha_de_inicio_de_visualizacion_del_tutorial":null,"hora_inicio_visualizacion_tutorial":null,"minutos_inicio_visualizacion_tutorial":null,"fecha_de_final_de_visualizacion_del_tutorial":null,"hora_final_visualizacion_tutorial":null,"minutos_final_visualizacion_tutorial":null,"numero_de_veces_visto":null,"numero_de_veces_total":null,"niveles_tutorial":null,"tutorial_recursos_castellano":null,"tutorial_recursos_catalan":null,"dias_disponibles":null,"dias_de_la_semana":null,"dias_del_mes":null,"other_lang_post_id":null,"lang":"ca","campanya_descripcion":null,"campanya_fecha_inicio":null,"campanya_fecha_fin":null,"campanya_legales":null,"campanya_imagen":null,"campanya_characteristics":null,"campanya_url":null,"campanya_posicion_visualizacion":null,"campanya_estado":null,"_links":{"self":[{"href":"https:\/\/www.ametllerorigenwp.com\/ca\/wp-json\/wp\/v2\/posts\/9294","targetHints":{"allow":["GET"]}}],"collection":[{"href":"https:\/\/www.ametllerorigenwp.com\/ca\/wp-json\/wp\/v2\/posts"}],"about":[{"href":"https:\/\/www.ametllerorigenwp.com\/ca\/wp-json\/wp\/v2\/types\/post"}],"author":[{"embeddable":true,"href":"https:\/\/www.ametllerorigenwp.com\/ca\/wp-json\/wp\/v2\/users\/5"}],"replies":[{"embeddable":true,"href":"https:\/\/www.ametllerorigenwp.com\/ca\/wp-json\/wp\/v2\/comments?post=9294"}],"version-history":[{"count":1,"href":"https:\/\/www.ametllerorigenwp.com\/ca\/wp-json\/wp\/v2\/posts\/9294\/revisions"}],"predecessor-version":[{"id":9297,"href":"https:\/\/www.ametllerorigenwp.com\/ca\/wp-json\/wp\/v2\/posts\/9294\/revisions\/9297"}],"wp:featuredmedia":[{"embeddable":true,"href":"https:\/\/www.ametllerorigenwp.com\/ca\/wp-json\/wp\/v2\/media\/9295"}],"wp:attachment":[{"href":"https:\/\/www.ametllerorigenwp.com\/ca\/wp-json\/wp\/v2\/media?parent=9294"}],"wp:term":[{"taxonomy":"category","embeddable":true,"href":"https:\/\/www.ametllerorigenwp.com\/ca\/wp-json\/wp\/v2\/categories?post=9294"},{"taxonomy":"post_tag","embeddable":true,"href":"https:\/\/www.ametllerorigenwp.com\/ca\/wp-json\/wp\/v2\/tags?post=9294"}],"curies":[{"name":"wp","href":"https:\/\/api.w.org\/{rel}","templated":true}]}}