{"id":9339,"date":"2023-07-22T01:00:15","date_gmt":"2023-07-22T01:00:15","guid":{"rendered":"https:\/\/www.ametllerorigenwp.com\/?p=9339"},"modified":"2023-07-21T06:38:54","modified_gmt":"2023-07-21T06:38:54","slug":"la-cuina-cromatica-del-cintet-la-lectura-destiu-que-no-et-pots-perdre","status":"publish","type":"post","link":"https:\/\/www.ametllerorigenwp.com\/ca\/la-cuina-cromatica-del-cintet-la-lectura-destiu-que-no-et-pots-perdre\/","title":{"rendered":"\u201cLa cuina crom\u00e0tica del Cintet\u201d, la lectura d\u2019estiu que no et pots perdre"},"content":{"rendered":"<p>Treu el cuinetes que portes dins aquest estiu amb \u201c<strong><a href=\"https:\/\/www.ametllerorigen.com\/ca\/llibre-de-receptes-del-cintet\/p\">La cuina crom\u00e0tica del Cintet<\/a><\/strong><strong>\u201d, el nostre primer llibre on t\u2019ensenyem a cuinar 25 receptes r\u00e0pides de preparar, molt saboroses i acolorides<\/strong>. Tanmateix, de la m\u00e0 de la Dra. Eul\u00e0lia Vidal, descobrir\u00e0s la <strong>relaci\u00f3 que t\u00e9 el color de les fruites i les verdures amb les seves propietats<\/strong>.<\/p>\n<p>Feli\u00e7 lectura!<\/p>\n","protected":false},"excerpt":{"rendered":"<p>Treu el cuinetes que portes dins aquest estiu amb \u201cLa cuina crom\u00e0tica del Cintet\u201d, el nostre primer llibre on t\u2019ensenyem a cuinar 25 receptes r\u00e0pides de preparar, molt saboroses i acolorides. Tanmateix, de la m\u00e0 de la Dra. Eul\u00e0lia Vidal, descobrir\u00e0s la relaci\u00f3 que t\u00e9 el color de les fruites i les verdures amb les &hellip; <a href=\"https:\/\/www.ametllerorigenwp.com\/ca\/la-cuina-cromatica-del-cintet-la-lectura-destiu-que-no-et-pots-perdre\/\" class=\"more-link\">Continua llegint <span class=\"screen-reader-text\">\u00ab\u201cLa cuina crom\u00e0tica del Cintet\u201d, la lectura d\u2019estiu que no et pots perdre\u00bb<\/span><\/a><\/p>\n","protected":false},"author":5,"featured_media":9337,"comment_status":"closed","ping_status":"closed","sticky":false,"template":"","format":"standard","meta":{"_uag_custom_page_level_css":"","advgb_blocks_editor_width":"","advgb_blocks_columns_visual_guide":"","footnotes":""},"categories":[2],"tags":[],"class_list":["post-9339","post","type-post","status-publish","format-standard","has-post-thumbnail","hentry","category-noticies"],"author_meta":{"display_name":"Mireia Zaragoza","author_link":"https:\/\/www.ametllerorigenwp.com\/ca\/author\/mzaragoza\/"},"featured_img":"https:\/\/www.ametllerorigenwp.com\/wp-content\/uploads\/2023\/07\/app_llibre_cintet-300x102.jpg","uagb_featured_image_src":{"full":["https:\/\/www.ametllerorigenwp.com\/wp-content\/uploads\/2023\/07\/app_llibre_cintet.jpg",1000,340,false],"thumbnail":["https:\/\/www.ametllerorigenwp.com\/wp-content\/uploads\/2023\/07\/app_llibre_cintet-150x150.jpg",150,150,true],"medium":["https:\/\/www.ametllerorigenwp.com\/wp-content\/uploads\/2023\/07\/app_llibre_cintet-300x102.jpg",300,102,true],"medium_large":["https:\/\/www.ametllerorigenwp.com\/wp-content\/uploads\/2023\/07\/app_llibre_cintet-768x261.jpg",768,261,true],"large":["https:\/\/www.ametllerorigenwp.com\/wp-content\/uploads\/2023\/07\/app_llibre_cintet.jpg",840,286,false],"1536x1536":["https:\/\/www.ametllerorigenwp.com\/wp-content\/uploads\/2023\/07\/app_llibre_cintet.jpg",1000,340,false],"2048x2048":["https:\/\/www.ametllerorigenwp.com\/wp-content\/uploads\/2023\/07\/app_llibre_cintet.jpg",1000,340,false],"post-thumbnail":["https:\/\/www.ametllerorigenwp.com\/wp-content\/uploads\/2023\/07\/app_llibre_cintet.jpg",1000,340,false]},"uagb_author_info":{"display_name":"Mireia Zaragoza","author_link":"https:\/\/www.ametllerorigenwp.com\/ca\/author\/mzaragoza\/"},"uagb_comment_info":0,"uagb_excerpt":"Treu el cuinetes que portes dins aquest estiu amb \u201cLa cuina crom\u00e0tica del Cintet\u201d, el nostre primer llibre on t\u2019ensenyem a cuinar 25 receptes r\u00e0pides de preparar, molt saboroses i acolorides. Tanmateix, de la m\u00e0 de la Dra. Eul\u00e0lia Vidal, descobrir\u00e0s la relaci\u00f3 que t\u00e9 el color de les fruites i les verdures amb les&hellip;","coauthors":[],"tax_additional":{"categories":{"linked":["<a href=\"https:\/\/www.ametllerorigenwp.com\/ca\/category\/noticies\/\" class=\"advgb-post-tax-term\">Noticies<\/a>"],"unlinked":["<span class=\"advgb-post-tax-term\">Noticies<\/span>"]}},"comment_count":"0","relative_dates":{"created":"Posted 3 anys ago","modified":"Updated 3 anys ago"},"absolute_dates":{"created":"Posted on 22 de juliol de 2023","modified":"Updated on 21 de juliol de 2023"},"absolute_dates_time":{"created":"Posted on 22 de juliol de 2023 01:00","modified":"Updated on 21 de juliol de 2023 06:38"},"featured_img_caption":"","series_order":"","show_in_app":true,"fecha_inicio_destacado":null,"hora_inicio_visualizacion":null,"minutos_inicio_visualizacion":null,"fecha_final_destacado":null,"hora_final_visualizacion":null,"minutos_final_visualizacion":null,"posicion_visualizacion":null,"estado_destacado":null,"niveles_destacados":null,"url_del_enlace":null,"banner_destacado":null,"posicion_visualizacion_de_la_noticia":"01","estado_noticia":["Visible"],"fecha_de_inicio_de_visualizacion_del_tutorial":null,"hora_inicio_visualizacion_tutorial":null,"minutos_inicio_visualizacion_tutorial":null,"fecha_de_final_de_visualizacion_del_tutorial":null,"hora_final_visualizacion_tutorial":null,"minutos_final_visualizacion_tutorial":null,"numero_de_veces_visto":null,"numero_de_veces_total":null,"niveles_tutorial":null,"tutorial_recursos_castellano":null,"tutorial_recursos_catalan":null,"dias_disponibles":null,"dias_de_la_semana":null,"dias_del_mes":null,"other_lang_post_id":null,"lang":"ca","campanya_descripcion":null,"campanya_fecha_inicio":null,"campanya_fecha_fin":null,"campanya_legales":null,"campanya_imagen":null,"campanya_characteristics":null,"campanya_url":null,"campanya_posicion_visualizacion":null,"campanya_estado":null,"_links":{"self":[{"href":"https:\/\/www.ametllerorigenwp.com\/ca\/wp-json\/wp\/v2\/posts\/9339","targetHints":{"allow":["GET"]}}],"collection":[{"href":"https:\/\/www.ametllerorigenwp.com\/ca\/wp-json\/wp\/v2\/posts"}],"about":[{"href":"https:\/\/www.ametllerorigenwp.com\/ca\/wp-json\/wp\/v2\/types\/post"}],"author":[{"embeddable":true,"href":"https:\/\/www.ametllerorigenwp.com\/ca\/wp-json\/wp\/v2\/users\/5"}],"replies":[{"embeddable":true,"href":"https:\/\/www.ametllerorigenwp.com\/ca\/wp-json\/wp\/v2\/comments?post=9339"}],"version-history":[{"count":1,"href":"https:\/\/www.ametllerorigenwp.com\/ca\/wp-json\/wp\/v2\/posts\/9339\/revisions"}],"predecessor-version":[{"id":9340,"href":"https:\/\/www.ametllerorigenwp.com\/ca\/wp-json\/wp\/v2\/posts\/9339\/revisions\/9340"}],"wp:featuredmedia":[{"embeddable":true,"href":"https:\/\/www.ametllerorigenwp.com\/ca\/wp-json\/wp\/v2\/media\/9337"}],"wp:attachment":[{"href":"https:\/\/www.ametllerorigenwp.com\/ca\/wp-json\/wp\/v2\/media?parent=9339"}],"wp:term":[{"taxonomy":"category","embeddable":true,"href":"https:\/\/www.ametllerorigenwp.com\/ca\/wp-json\/wp\/v2\/categories?post=9339"},{"taxonomy":"post_tag","embeddable":true,"href":"https:\/\/www.ametllerorigenwp.com\/ca\/wp-json\/wp\/v2\/tags?post=9339"}],"curies":[{"name":"wp","href":"https:\/\/api.w.org\/{rel}","templated":true}]}}