{"id":9388,"date":"2023-07-28T01:00:09","date_gmt":"2023-07-28T01:00:09","guid":{"rendered":"https:\/\/www.ametllerorigenwp.com\/?p=9388"},"modified":"2024-08-13T23:11:56","modified_gmt":"2024-08-13T23:11:56","slug":"36-hectarees-on-cultivem-les-sindries-mes-dolces","status":"publish","type":"post","link":"https:\/\/www.ametllerorigenwp.com\/ca\/36-hectarees-on-cultivem-les-sindries-mes-dolces\/","title":{"rendered":"T\u2019expliquem con cultivem les s\u00edndries m\u00e9s dolces"},"content":{"rendered":"<p>Sense cap mena de dubte,\u00a0<strong>la s\u00edndria \u00e9s una de les fruites m\u00e9s apreciades a l\u2019estiu; no nom\u00e9s per la seva dol\u00e7or, sin\u00f3 tamb\u00e9 perqu\u00e8 \u00e9s molt refrescant i hidratant, i \u00e9s que \u00e9s la fruita que m\u00e9s quantitat d\u2019aigua cont\u00e9, concretament un 95%<\/strong>.<\/p>\n<p>A Ametller Origen tenim una manera concreta de cultivar i collir que ens permet oferir-te les s\u00edndries m\u00e9s bones i dolces. Vols saber on i com les cultivem? T\u2019ho expliquem en aquest article del\u00a0<a href=\"https:\/\/www.ametllerorigen.com\/ca\/blog\/36-hectarees-on-cultivem-les-sindries-mes-dolces\">blog<\/a>!<\/p>\n","protected":false},"excerpt":{"rendered":"<p>Sense cap mena de dubte,\u00a0la s\u00edndria \u00e9s una de les fruites m\u00e9s apreciades a l\u2019estiu; no nom\u00e9s per la seva dol\u00e7or, sin\u00f3 tamb\u00e9 perqu\u00e8 \u00e9s molt refrescant i hidratant, i \u00e9s que \u00e9s la fruita que m\u00e9s quantitat d\u2019aigua cont\u00e9, concretament un 95%. A Ametller Origen tenim una manera concreta de cultivar i collir que &hellip; <a href=\"https:\/\/www.ametllerorigenwp.com\/ca\/36-hectarees-on-cultivem-les-sindries-mes-dolces\/\" class=\"more-link\">Continua llegint <span class=\"screen-reader-text\">\u00abT\u2019expliquem con cultivem les s\u00edndries m\u00e9s dolces\u00bb<\/span><\/a><\/p>\n","protected":false},"author":5,"featured_media":9389,"comment_status":"closed","ping_status":"closed","sticky":false,"template":"","format":"standard","meta":{"_uag_custom_page_level_css":"","advgb_blocks_editor_width":"","advgb_blocks_columns_visual_guide":"","footnotes":""},"categories":[2],"tags":[],"class_list":["post-9388","post","type-post","status-publish","format-standard","has-post-thumbnail","hentry","category-noticies"],"author_meta":{"display_name":"Mireia Zaragoza","author_link":"https:\/\/www.ametllerorigenwp.com\/ca\/author\/mzaragoza\/"},"featured_img":"https:\/\/www.ametllerorigenwp.com\/wp-content\/uploads\/2023\/07\/Proyecto-nuevo-2-300x102.jpg","uagb_featured_image_src":{"full":["https:\/\/www.ametllerorigenwp.com\/wp-content\/uploads\/2023\/07\/Proyecto-nuevo-2.jpg",1000,340,false],"thumbnail":["https:\/\/www.ametllerorigenwp.com\/wp-content\/uploads\/2023\/07\/Proyecto-nuevo-2-150x150.jpg",150,150,true],"medium":["https:\/\/www.ametllerorigenwp.com\/wp-content\/uploads\/2023\/07\/Proyecto-nuevo-2-300x102.jpg",300,102,true],"medium_large":["https:\/\/www.ametllerorigenwp.com\/wp-content\/uploads\/2023\/07\/Proyecto-nuevo-2-768x261.jpg",768,261,true],"large":["https:\/\/www.ametllerorigenwp.com\/wp-content\/uploads\/2023\/07\/Proyecto-nuevo-2.jpg",840,286,false],"1536x1536":["https:\/\/www.ametllerorigenwp.com\/wp-content\/uploads\/2023\/07\/Proyecto-nuevo-2.jpg",1000,340,false],"2048x2048":["https:\/\/www.ametllerorigenwp.com\/wp-content\/uploads\/2023\/07\/Proyecto-nuevo-2.jpg",1000,340,false],"post-thumbnail":["https:\/\/www.ametllerorigenwp.com\/wp-content\/uploads\/2023\/07\/Proyecto-nuevo-2.jpg",1000,340,false]},"uagb_author_info":{"display_name":"Mireia Zaragoza","author_link":"https:\/\/www.ametllerorigenwp.com\/ca\/author\/mzaragoza\/"},"uagb_comment_info":0,"uagb_excerpt":"Sense cap mena de dubte,\u00a0la s\u00edndria \u00e9s una de les fruites m\u00e9s apreciades a l\u2019estiu; no nom\u00e9s per la seva dol\u00e7or, sin\u00f3 tamb\u00e9 perqu\u00e8 \u00e9s molt refrescant i hidratant, i \u00e9s que \u00e9s la fruita que m\u00e9s quantitat d\u2019aigua cont\u00e9, concretament un 95%. A Ametller Origen tenim una manera concreta de cultivar i collir que&hellip;","coauthors":[],"tax_additional":{"categories":{"linked":["<a href=\"https:\/\/www.ametllerorigenwp.com\/ca\/category\/noticies\/\" class=\"advgb-post-tax-term\">Noticies<\/a>"],"unlinked":["<span class=\"advgb-post-tax-term\">Noticies<\/span>"]}},"comment_count":"0","relative_dates":{"created":"Posted 3 anys ago","modified":"Updated 2 anys ago"},"absolute_dates":{"created":"Posted on 28 de juliol de 2023","modified":"Updated on 13 d'agost de 2024"},"absolute_dates_time":{"created":"Posted on 28 de juliol de 2023 01:00","modified":"Updated on 13 d'agost de 2024 23:11"},"featured_img_caption":"","series_order":"","show_in_app":true,"fecha_inicio_destacado":null,"hora_inicio_visualizacion":null,"minutos_inicio_visualizacion":null,"fecha_final_destacado":null,"hora_final_visualizacion":null,"minutos_final_visualizacion":null,"posicion_visualizacion":null,"estado_destacado":null,"niveles_destacados":null,"url_del_enlace":null,"banner_destacado":null,"posicion_visualizacion_de_la_noticia":"01","estado_noticia":["Visible"],"fecha_de_inicio_de_visualizacion_del_tutorial":null,"hora_inicio_visualizacion_tutorial":null,"minutos_inicio_visualizacion_tutorial":null,"fecha_de_final_de_visualizacion_del_tutorial":null,"hora_final_visualizacion_tutorial":null,"minutos_final_visualizacion_tutorial":null,"numero_de_veces_visto":null,"numero_de_veces_total":null,"niveles_tutorial":null,"tutorial_recursos_castellano":null,"tutorial_recursos_catalan":null,"dias_disponibles":null,"dias_de_la_semana":null,"dias_del_mes":null,"other_lang_post_id":null,"lang":"ca","campanya_descripcion":null,"campanya_fecha_inicio":null,"campanya_fecha_fin":null,"campanya_legales":null,"campanya_imagen":null,"campanya_characteristics":null,"campanya_url":null,"campanya_posicion_visualizacion":null,"campanya_estado":null,"_links":{"self":[{"href":"https:\/\/www.ametllerorigenwp.com\/ca\/wp-json\/wp\/v2\/posts\/9388","targetHints":{"allow":["GET"]}}],"collection":[{"href":"https:\/\/www.ametllerorigenwp.com\/ca\/wp-json\/wp\/v2\/posts"}],"about":[{"href":"https:\/\/www.ametllerorigenwp.com\/ca\/wp-json\/wp\/v2\/types\/post"}],"author":[{"embeddable":true,"href":"https:\/\/www.ametllerorigenwp.com\/ca\/wp-json\/wp\/v2\/users\/5"}],"replies":[{"embeddable":true,"href":"https:\/\/www.ametllerorigenwp.com\/ca\/wp-json\/wp\/v2\/comments?post=9388"}],"version-history":[{"count":3,"href":"https:\/\/www.ametllerorigenwp.com\/ca\/wp-json\/wp\/v2\/posts\/9388\/revisions"}],"predecessor-version":[{"id":12565,"href":"https:\/\/www.ametllerorigenwp.com\/ca\/wp-json\/wp\/v2\/posts\/9388\/revisions\/12565"}],"wp:featuredmedia":[{"embeddable":true,"href":"https:\/\/www.ametllerorigenwp.com\/ca\/wp-json\/wp\/v2\/media\/9389"}],"wp:attachment":[{"href":"https:\/\/www.ametllerorigenwp.com\/ca\/wp-json\/wp\/v2\/media?parent=9388"}],"wp:term":[{"taxonomy":"category","embeddable":true,"href":"https:\/\/www.ametllerorigenwp.com\/ca\/wp-json\/wp\/v2\/categories?post=9388"},{"taxonomy":"post_tag","embeddable":true,"href":"https:\/\/www.ametllerorigenwp.com\/ca\/wp-json\/wp\/v2\/tags?post=9388"}],"curies":[{"name":"wp","href":"https:\/\/api.w.org\/{rel}","templated":true}]}}