{"id":9407,"date":"2023-08-02T01:00:35","date_gmt":"2023-08-02T01:00:35","guid":{"rendered":"https:\/\/www.ametllerorigenwp.com\/?p=9407"},"modified":"2023-07-31T07:29:15","modified_gmt":"2023-07-31T07:29:15","slug":"saps-com-gaudir-del-tomaquet-pebrot","status":"publish","type":"post","link":"https:\/\/www.ametllerorigenwp.com\/ca\/saps-com-gaudir-del-tomaquet-pebrot\/","title":{"rendered":"Saps com gaudir del tom\u00e0quet pebrot?"},"content":{"rendered":"<p>Com ja saps, s\u00f3n moltes les varietats que tenim de tom\u00e0quets, per\u00f2 has sentit mai a parlar del tom\u00e0quet pebrot?<\/p>\n<p><strong>De forma allargada, ple de polpa i pell fina, el tom\u00e0quet pebrot destaca per ser un tom\u00e0quet amb poques llavors i ser molt dol\u00e7 en boca<\/strong>. Es tracta d\u2019una varietat <strong>perfecta per gaudir sol<\/strong> amb un rajol\u00ed d\u2019oli d\u2019oliva verge i un polsim de sal. Quan \u00e9s molt madur, <strong>tamb\u00e9 es pot utilitzar per fer salses<\/strong>.<\/p>\n<p>Troba el tom\u00e0quet pebrot a la teva botiga habitual o a la <a href=\"https:\/\/www.ametllerorigen.com\/ca\/verdura\/tomaquets-i-cogombres?page=2\">botiga online<\/a> i gaudeix-lo al m\u00e0xim ara que es troba en plena temporada!<\/p>\n","protected":false},"excerpt":{"rendered":"<p>Com ja saps, s\u00f3n moltes les varietats que tenim de tom\u00e0quets, per\u00f2 has sentit mai a parlar del tom\u00e0quet pebrot? De forma allargada, ple de polpa i pell fina, el tom\u00e0quet pebrot destaca per ser un tom\u00e0quet amb poques llavors i ser molt dol\u00e7 en boca. Es tracta d\u2019una varietat perfecta per gaudir sol amb &hellip; <a href=\"https:\/\/www.ametllerorigenwp.com\/ca\/saps-com-gaudir-del-tomaquet-pebrot\/\" class=\"more-link\">Continua llegint <span class=\"screen-reader-text\">\u00abSaps com gaudir del tom\u00e0quet pebrot?\u00bb<\/span><\/a><\/p>\n","protected":false},"author":5,"featured_media":9405,"comment_status":"closed","ping_status":"closed","sticky":false,"template":"","format":"standard","meta":{"_uag_custom_page_level_css":"","advgb_blocks_editor_width":"","advgb_blocks_columns_visual_guide":"","footnotes":""},"categories":[2],"tags":[],"class_list":["post-9407","post","type-post","status-publish","format-standard","has-post-thumbnail","hentry","category-noticies"],"author_meta":{"display_name":"Mireia Zaragoza","author_link":"https:\/\/www.ametllerorigenwp.com\/ca\/author\/mzaragoza\/"},"featured_img":"https:\/\/www.ametllerorigenwp.com\/wp-content\/uploads\/2023\/07\/comms_foto_app_tomaquet_pebrot_1000x340_2-300x102.jpg","uagb_featured_image_src":{"full":["https:\/\/www.ametllerorigenwp.com\/wp-content\/uploads\/2023\/07\/comms_foto_app_tomaquet_pebrot_1000x340_2-scaled.jpg",2560,871,false],"thumbnail":["https:\/\/www.ametllerorigenwp.com\/wp-content\/uploads\/2023\/07\/comms_foto_app_tomaquet_pebrot_1000x340_2-150x150.jpg",150,150,true],"medium":["https:\/\/www.ametllerorigenwp.com\/wp-content\/uploads\/2023\/07\/comms_foto_app_tomaquet_pebrot_1000x340_2-300x102.jpg",300,102,true],"medium_large":["https:\/\/www.ametllerorigenwp.com\/wp-content\/uploads\/2023\/07\/comms_foto_app_tomaquet_pebrot_1000x340_2-768x261.jpg",768,261,true],"large":["https:\/\/www.ametllerorigenwp.com\/wp-content\/uploads\/2023\/07\/comms_foto_app_tomaquet_pebrot_1000x340_2-1024x348.jpg",840,285,true],"1536x1536":["https:\/\/www.ametllerorigenwp.com\/wp-content\/uploads\/2023\/07\/comms_foto_app_tomaquet_pebrot_1000x340_2-1536x522.jpg",1536,522,true],"2048x2048":["https:\/\/www.ametllerorigenwp.com\/wp-content\/uploads\/2023\/07\/comms_foto_app_tomaquet_pebrot_1000x340_2-2048x696.jpg",2048,696,true],"post-thumbnail":["https:\/\/www.ametllerorigenwp.com\/wp-content\/uploads\/2023\/07\/comms_foto_app_tomaquet_pebrot_1000x340_2-1200x408.jpg",1200,408,true]},"uagb_author_info":{"display_name":"Mireia Zaragoza","author_link":"https:\/\/www.ametllerorigenwp.com\/ca\/author\/mzaragoza\/"},"uagb_comment_info":0,"uagb_excerpt":"Com ja saps, s\u00f3n moltes les varietats que tenim de tom\u00e0quets, per\u00f2 has sentit mai a parlar del tom\u00e0quet pebrot? De forma allargada, ple de polpa i pell fina, el tom\u00e0quet pebrot destaca per ser un tom\u00e0quet amb poques llavors i ser molt dol\u00e7 en boca. Es tracta d\u2019una varietat perfecta per gaudir sol amb&hellip;","coauthors":[],"tax_additional":{"categories":{"linked":["<a href=\"https:\/\/www.ametllerorigenwp.com\/ca\/category\/noticies\/\" class=\"advgb-post-tax-term\">Noticies<\/a>"],"unlinked":["<span class=\"advgb-post-tax-term\">Noticies<\/span>"]}},"comment_count":"0","relative_dates":{"created":"Posted 3 anys ago","modified":"Updated 3 anys ago"},"absolute_dates":{"created":"Posted on 2 d'agost de 2023","modified":"Updated on 31 de juliol de 2023"},"absolute_dates_time":{"created":"Posted on 2 d'agost de 2023 01:00","modified":"Updated on 31 de juliol de 2023 07:29"},"featured_img_caption":"","series_order":"","show_in_app":true,"fecha_inicio_destacado":null,"hora_inicio_visualizacion":null,"minutos_inicio_visualizacion":null,"fecha_final_destacado":null,"hora_final_visualizacion":null,"minutos_final_visualizacion":null,"posicion_visualizacion":null,"estado_destacado":null,"niveles_destacados":null,"url_del_enlace":null,"banner_destacado":null,"posicion_visualizacion_de_la_noticia":"01","estado_noticia":["Visible"],"fecha_de_inicio_de_visualizacion_del_tutorial":null,"hora_inicio_visualizacion_tutorial":null,"minutos_inicio_visualizacion_tutorial":null,"fecha_de_final_de_visualizacion_del_tutorial":null,"hora_final_visualizacion_tutorial":null,"minutos_final_visualizacion_tutorial":null,"numero_de_veces_visto":null,"numero_de_veces_total":null,"niveles_tutorial":null,"tutorial_recursos_castellano":null,"tutorial_recursos_catalan":null,"dias_disponibles":null,"dias_de_la_semana":null,"dias_del_mes":null,"other_lang_post_id":null,"lang":"ca","campanya_descripcion":null,"campanya_fecha_inicio":null,"campanya_fecha_fin":null,"campanya_legales":null,"campanya_imagen":null,"campanya_characteristics":null,"campanya_url":null,"campanya_posicion_visualizacion":null,"campanya_estado":null,"_links":{"self":[{"href":"https:\/\/www.ametllerorigenwp.com\/ca\/wp-json\/wp\/v2\/posts\/9407","targetHints":{"allow":["GET"]}}],"collection":[{"href":"https:\/\/www.ametllerorigenwp.com\/ca\/wp-json\/wp\/v2\/posts"}],"about":[{"href":"https:\/\/www.ametllerorigenwp.com\/ca\/wp-json\/wp\/v2\/types\/post"}],"author":[{"embeddable":true,"href":"https:\/\/www.ametllerorigenwp.com\/ca\/wp-json\/wp\/v2\/users\/5"}],"replies":[{"embeddable":true,"href":"https:\/\/www.ametllerorigenwp.com\/ca\/wp-json\/wp\/v2\/comments?post=9407"}],"version-history":[{"count":1,"href":"https:\/\/www.ametllerorigenwp.com\/ca\/wp-json\/wp\/v2\/posts\/9407\/revisions"}],"predecessor-version":[{"id":9408,"href":"https:\/\/www.ametllerorigenwp.com\/ca\/wp-json\/wp\/v2\/posts\/9407\/revisions\/9408"}],"wp:featuredmedia":[{"embeddable":true,"href":"https:\/\/www.ametllerorigenwp.com\/ca\/wp-json\/wp\/v2\/media\/9405"}],"wp:attachment":[{"href":"https:\/\/www.ametllerorigenwp.com\/ca\/wp-json\/wp\/v2\/media?parent=9407"}],"wp:term":[{"taxonomy":"category","embeddable":true,"href":"https:\/\/www.ametllerorigenwp.com\/ca\/wp-json\/wp\/v2\/categories?post=9407"},{"taxonomy":"post_tag","embeddable":true,"href":"https:\/\/www.ametllerorigenwp.com\/ca\/wp-json\/wp\/v2\/tags?post=9407"}],"curies":[{"name":"wp","href":"https:\/\/api.w.org\/{rel}","templated":true}]}}