{"id":9414,"date":"2023-08-04T01:00:09","date_gmt":"2023-08-04T01:00:09","guid":{"rendered":"https:\/\/www.ametllerorigenwp.com\/?p=9414"},"modified":"2023-08-03T07:00:20","modified_gmt":"2023-08-03T07:00:20","slug":"sindria-a-la-planxa-la-recepta-per-celebrar-el-dia-internacional-de-la-sindria","status":"publish","type":"post","link":"https:\/\/www.ametllerorigenwp.com\/ca\/sindria-a-la-planxa-la-recepta-per-celebrar-el-dia-internacional-de-la-sindria\/","title":{"rendered":"S\u00edndria a la planxa, la recepta per celebrar el Dia Internacional de la S\u00edndria!"},"content":{"rendered":"<p><strong>Coincidint que aquesta setmana se celebra el Dia Internacional de la S\u00edndria, et proposem preparar s\u00edndria a la planxa amb cireres i mozzarella per gaudir d\u2019aquesta del\u00edcia refrescant de temporada<\/strong>!<\/p>\n<p><u>Ingredients per 3 persones<\/u>:<\/p>\n<ul>\n<li>\u00bd s\u00edndria<\/li>\n<li>200 g de cireres<\/li>\n<li>Mozzarella mini<\/li>\n<li>Fulles d\u2019alf\u00e0brega<\/li>\n<li>1 llima<\/li>\n<li>Oli d\u2019oliva verge extra<\/li>\n<li>Sal en escames<\/li>\n<\/ul>\n<p><u>Elaboraci\u00f3<\/u>:<\/p>\n<ol>\n<li>Talla la s\u00edndria a rodanxes i dona-li una forma triangular al tall.<\/li>\n<li>Marca els talls a la planxa calenta perqu\u00e8 no perdi molta aigua i es daurin.<\/li>\n<li>Disposa les racions en un plat o safata i afegeix les cireres netes i desossades, les perles de mozzarella i amaneix amb la vinagreta feta amb una mica de suc de llima, oli, sal i fulles picades d\u2019alf\u00e0brega.<\/li>\n<\/ol>\n","protected":false},"excerpt":{"rendered":"<p>Coincidint que aquesta setmana se celebra el Dia Internacional de la S\u00edndria, et proposem preparar s\u00edndria a la planxa amb cireres i mozzarella per gaudir d\u2019aquesta del\u00edcia refrescant de temporada! Ingredients per 3 persones: \u00bd s\u00edndria 200 g de cireres Mozzarella mini Fulles d\u2019alf\u00e0brega 1 llima Oli d\u2019oliva verge extra Sal en escames Elaboraci\u00f3: Talla &hellip; <a href=\"https:\/\/www.ametllerorigenwp.com\/ca\/sindria-a-la-planxa-la-recepta-per-celebrar-el-dia-internacional-de-la-sindria\/\" class=\"more-link\">Continua llegint <span class=\"screen-reader-text\">\u00abS\u00edndria a la planxa, la recepta per celebrar el Dia Internacional de la S\u00edndria!\u00bb<\/span><\/a><\/p>\n","protected":false},"author":5,"featured_media":9412,"comment_status":"closed","ping_status":"closed","sticky":false,"template":"","format":"standard","meta":{"_uag_custom_page_level_css":"","advgb_blocks_editor_width":"","advgb_blocks_columns_visual_guide":"","footnotes":""},"categories":[2],"tags":[],"class_list":["post-9414","post","type-post","status-publish","format-standard","has-post-thumbnail","hentry","category-noticies"],"author_meta":{"display_name":"Mireia Zaragoza","author_link":"https:\/\/www.ametllerorigenwp.com\/ca\/author\/mzaragoza\/"},"featured_img":"https:\/\/www.ametllerorigenwp.com\/wp-content\/uploads\/2023\/07\/Proyecto-nuevo-36-300x102.png","uagb_featured_image_src":{"full":["https:\/\/www.ametllerorigenwp.com\/wp-content\/uploads\/2023\/07\/Proyecto-nuevo-36.png",1000,340,false],"thumbnail":["https:\/\/www.ametllerorigenwp.com\/wp-content\/uploads\/2023\/07\/Proyecto-nuevo-36-150x150.png",150,150,true],"medium":["https:\/\/www.ametllerorigenwp.com\/wp-content\/uploads\/2023\/07\/Proyecto-nuevo-36-300x102.png",300,102,true],"medium_large":["https:\/\/www.ametllerorigenwp.com\/wp-content\/uploads\/2023\/07\/Proyecto-nuevo-36-768x261.png",768,261,true],"large":["https:\/\/www.ametllerorigenwp.com\/wp-content\/uploads\/2023\/07\/Proyecto-nuevo-36.png",840,286,false],"1536x1536":["https:\/\/www.ametllerorigenwp.com\/wp-content\/uploads\/2023\/07\/Proyecto-nuevo-36.png",1000,340,false],"2048x2048":["https:\/\/www.ametllerorigenwp.com\/wp-content\/uploads\/2023\/07\/Proyecto-nuevo-36.png",1000,340,false],"post-thumbnail":["https:\/\/www.ametllerorigenwp.com\/wp-content\/uploads\/2023\/07\/Proyecto-nuevo-36.png",1000,340,false]},"uagb_author_info":{"display_name":"Mireia Zaragoza","author_link":"https:\/\/www.ametllerorigenwp.com\/ca\/author\/mzaragoza\/"},"uagb_comment_info":0,"uagb_excerpt":"Coincidint que aquesta setmana se celebra el Dia Internacional de la S\u00edndria, et proposem preparar s\u00edndria a la planxa amb cireres i mozzarella per gaudir d\u2019aquesta del\u00edcia refrescant de temporada! Ingredients per 3 persones: \u00bd s\u00edndria 200 g de cireres Mozzarella mini Fulles d\u2019alf\u00e0brega 1 llima Oli d\u2019oliva verge extra Sal en escames Elaboraci\u00f3: Talla&hellip;","coauthors":[],"tax_additional":{"categories":{"linked":["<a href=\"https:\/\/www.ametllerorigenwp.com\/ca\/category\/noticies\/\" class=\"advgb-post-tax-term\">Noticies<\/a>"],"unlinked":["<span class=\"advgb-post-tax-term\">Noticies<\/span>"]}},"comment_count":"0","relative_dates":{"created":"Posted 3 anys ago","modified":"Updated 3 anys ago"},"absolute_dates":{"created":"Posted on 4 d'agost de 2023","modified":"Updated on 3 d'agost de 2023"},"absolute_dates_time":{"created":"Posted on 4 d'agost de 2023 01:00","modified":"Updated on 3 d'agost de 2023 07:00"},"featured_img_caption":"","series_order":"","show_in_app":true,"fecha_inicio_destacado":null,"hora_inicio_visualizacion":null,"minutos_inicio_visualizacion":null,"fecha_final_destacado":null,"hora_final_visualizacion":null,"minutos_final_visualizacion":null,"posicion_visualizacion":null,"estado_destacado":null,"niveles_destacados":null,"url_del_enlace":null,"banner_destacado":null,"posicion_visualizacion_de_la_noticia":"01","estado_noticia":["Visible"],"fecha_de_inicio_de_visualizacion_del_tutorial":null,"hora_inicio_visualizacion_tutorial":null,"minutos_inicio_visualizacion_tutorial":null,"fecha_de_final_de_visualizacion_del_tutorial":null,"hora_final_visualizacion_tutorial":null,"minutos_final_visualizacion_tutorial":null,"numero_de_veces_visto":null,"numero_de_veces_total":null,"niveles_tutorial":null,"tutorial_recursos_castellano":null,"tutorial_recursos_catalan":null,"dias_disponibles":null,"dias_de_la_semana":null,"dias_del_mes":null,"other_lang_post_id":null,"lang":"ca","campanya_descripcion":null,"campanya_fecha_inicio":null,"campanya_fecha_fin":null,"campanya_legales":null,"campanya_imagen":null,"campanya_characteristics":null,"campanya_url":null,"campanya_posicion_visualizacion":null,"campanya_estado":null,"_links":{"self":[{"href":"https:\/\/www.ametllerorigenwp.com\/ca\/wp-json\/wp\/v2\/posts\/9414","targetHints":{"allow":["GET"]}}],"collection":[{"href":"https:\/\/www.ametllerorigenwp.com\/ca\/wp-json\/wp\/v2\/posts"}],"about":[{"href":"https:\/\/www.ametllerorigenwp.com\/ca\/wp-json\/wp\/v2\/types\/post"}],"author":[{"embeddable":true,"href":"https:\/\/www.ametllerorigenwp.com\/ca\/wp-json\/wp\/v2\/users\/5"}],"replies":[{"embeddable":true,"href":"https:\/\/www.ametllerorigenwp.com\/ca\/wp-json\/wp\/v2\/comments?post=9414"}],"version-history":[{"count":2,"href":"https:\/\/www.ametllerorigenwp.com\/ca\/wp-json\/wp\/v2\/posts\/9414\/revisions"}],"predecessor-version":[{"id":9440,"href":"https:\/\/www.ametllerorigenwp.com\/ca\/wp-json\/wp\/v2\/posts\/9414\/revisions\/9440"}],"wp:featuredmedia":[{"embeddable":true,"href":"https:\/\/www.ametllerorigenwp.com\/ca\/wp-json\/wp\/v2\/media\/9412"}],"wp:attachment":[{"href":"https:\/\/www.ametllerorigenwp.com\/ca\/wp-json\/wp\/v2\/media?parent=9414"}],"wp:term":[{"taxonomy":"category","embeddable":true,"href":"https:\/\/www.ametllerorigenwp.com\/ca\/wp-json\/wp\/v2\/categories?post=9414"},{"taxonomy":"post_tag","embeddable":true,"href":"https:\/\/www.ametllerorigenwp.com\/ca\/wp-json\/wp\/v2\/tags?post=9414"}],"curies":[{"name":"wp","href":"https:\/\/api.w.org\/{rel}","templated":true}]}}