{"id":9476,"date":"2023-09-14T01:00:50","date_gmt":"2023-09-14T01:00:50","guid":{"rendered":"https:\/\/www.ametllerorigenwp.com\/?p=9476"},"modified":"2023-09-08T10:50:11","modified_gmt":"2023-09-08T10:50:11","slug":"el-raim-una-fruita-destacable-per-les-seves-propietats-antioxidants","status":"publish","type":"post","link":"https:\/\/www.ametllerorigenwp.com\/ca\/el-raim-una-fruita-destacable-per-les-seves-propietats-antioxidants\/","title":{"rendered":"El ra\u00efm, una fruita destacable per les seves propietats antioxidants"},"content":{"rendered":"<p>Sabies que el ra\u00efm no va tenir rellev\u00e0ncia fins que els grecs i els romans van introduir la viticultura? De fet, es tracta d\u2019una fruita que quasi desapareix per la proliferaci\u00f3 de la fil\u00b7loxera, per\u00f2 que gr\u00e0cies al desenvolupament de nous sistemes de vinya, avui dia encara podem gaudir d\u2019aquesta fruita tan bona.<\/p>\n<p>En concret, el ra\u00efm destaca pel seu contingut en<strong> potassi<\/strong>, que millora la salut card\u00edaca i redueix la pressi\u00f3 arterial. Pel que fa a les vitamines, cont\u00e9<strong> vitamina B6<\/strong>, essencial pel bon funcionament dels enzims i, <strong>vitamina C<\/strong>, necess\u00e0ria per al creixement i reparaci\u00f3 dels teixits. Tanmateix, el ra\u00efm destaca pel contingut en <strong>polifenols<\/strong>, que s\u00f3n compostos antioxidants i que es troben sobretot a la seva pell, per aix\u00f2 \u00e9s recomanable no pelar-lo a l\u2019hora de consumir-lo.<\/p>\n<p>Troba el millor ra\u00efm a la teva botiga habitual o a la <a href=\"https:\/\/www.ametllerorigen.com\/ca\/fruita\/raims-figues-i-fruits-vermells\">botiga online<\/a> i gaudeix de tots els seus beneficis!<\/p>\n","protected":false},"excerpt":{"rendered":"<p>Sabies que el ra\u00efm no va tenir rellev\u00e0ncia fins que els grecs i els romans van introduir la viticultura? De fet, es tracta d\u2019una fruita que quasi desapareix per la proliferaci\u00f3 de la fil\u00b7loxera, per\u00f2 que gr\u00e0cies al desenvolupament de nous sistemes de vinya, avui dia encara podem gaudir d\u2019aquesta fruita tan bona. En concret, &hellip; <a href=\"https:\/\/www.ametllerorigenwp.com\/ca\/el-raim-una-fruita-destacable-per-les-seves-propietats-antioxidants\/\" class=\"more-link\">Continua llegint <span class=\"screen-reader-text\">\u00abEl ra\u00efm, una fruita destacable per les seves propietats antioxidants\u00bb<\/span><\/a><\/p>\n","protected":false},"author":5,"featured_media":9471,"comment_status":"closed","ping_status":"closed","sticky":false,"template":"","format":"standard","meta":{"_uag_custom_page_level_css":"","advgb_blocks_editor_width":"","advgb_blocks_columns_visual_guide":"","footnotes":""},"categories":[2],"tags":[],"class_list":["post-9476","post","type-post","status-publish","format-standard","has-post-thumbnail","hentry","category-noticies"],"author_meta":{"display_name":"Mireia Zaragoza","author_link":"https:\/\/www.ametllerorigenwp.com\/ca\/author\/mzaragoza\/"},"featured_img":"https:\/\/www.ametllerorigenwp.com\/wp-content\/uploads\/2023\/08\/Proyecto-nuevo-40-300x102.png","uagb_featured_image_src":{"full":["https:\/\/www.ametllerorigenwp.com\/wp-content\/uploads\/2023\/08\/Proyecto-nuevo-40.png",1000,340,false],"thumbnail":["https:\/\/www.ametllerorigenwp.com\/wp-content\/uploads\/2023\/08\/Proyecto-nuevo-40-150x150.png",150,150,true],"medium":["https:\/\/www.ametllerorigenwp.com\/wp-content\/uploads\/2023\/08\/Proyecto-nuevo-40-300x102.png",300,102,true],"medium_large":["https:\/\/www.ametllerorigenwp.com\/wp-content\/uploads\/2023\/08\/Proyecto-nuevo-40-768x261.png",768,261,true],"large":["https:\/\/www.ametllerorigenwp.com\/wp-content\/uploads\/2023\/08\/Proyecto-nuevo-40.png",840,286,false],"1536x1536":["https:\/\/www.ametllerorigenwp.com\/wp-content\/uploads\/2023\/08\/Proyecto-nuevo-40.png",1000,340,false],"2048x2048":["https:\/\/www.ametllerorigenwp.com\/wp-content\/uploads\/2023\/08\/Proyecto-nuevo-40.png",1000,340,false],"post-thumbnail":["https:\/\/www.ametllerorigenwp.com\/wp-content\/uploads\/2023\/08\/Proyecto-nuevo-40.png",1000,340,false]},"uagb_author_info":{"display_name":"Mireia Zaragoza","author_link":"https:\/\/www.ametllerorigenwp.com\/ca\/author\/mzaragoza\/"},"uagb_comment_info":0,"uagb_excerpt":"Sabies que el ra\u00efm no va tenir rellev\u00e0ncia fins que els grecs i els romans van introduir la viticultura? De fet, es tracta d\u2019una fruita que quasi desapareix per la proliferaci\u00f3 de la fil\u00b7loxera, per\u00f2 que gr\u00e0cies al desenvolupament de nous sistemes de vinya, avui dia encara podem gaudir d\u2019aquesta fruita tan bona. En concret,&hellip;","coauthors":[],"tax_additional":{"categories":{"linked":["<a href=\"https:\/\/www.ametllerorigenwp.com\/ca\/category\/noticies\/\" class=\"advgb-post-tax-term\">Noticies<\/a>"],"unlinked":["<span class=\"advgb-post-tax-term\">Noticies<\/span>"]}},"comment_count":"0","relative_dates":{"created":"Posted 3 anys ago","modified":"Updated 3 anys ago"},"absolute_dates":{"created":"Posted on 14 de setembre de 2023","modified":"Updated on 8 de setembre de 2023"},"absolute_dates_time":{"created":"Posted on 14 de setembre de 2023 01:00","modified":"Updated on 8 de setembre de 2023 10:50"},"featured_img_caption":"","series_order":"","show_in_app":true,"fecha_inicio_destacado":null,"hora_inicio_visualizacion":null,"minutos_inicio_visualizacion":null,"fecha_final_destacado":null,"hora_final_visualizacion":null,"minutos_final_visualizacion":null,"posicion_visualizacion":null,"estado_destacado":null,"niveles_destacados":null,"url_del_enlace":null,"banner_destacado":null,"posicion_visualizacion_de_la_noticia":"01","estado_noticia":["Visible"],"fecha_de_inicio_de_visualizacion_del_tutorial":null,"hora_inicio_visualizacion_tutorial":null,"minutos_inicio_visualizacion_tutorial":null,"fecha_de_final_de_visualizacion_del_tutorial":null,"hora_final_visualizacion_tutorial":null,"minutos_final_visualizacion_tutorial":null,"numero_de_veces_visto":null,"numero_de_veces_total":null,"niveles_tutorial":null,"tutorial_recursos_castellano":null,"tutorial_recursos_catalan":null,"dias_disponibles":null,"dias_de_la_semana":null,"dias_del_mes":null,"other_lang_post_id":null,"lang":"ca","campanya_descripcion":null,"campanya_fecha_inicio":null,"campanya_fecha_fin":null,"campanya_legales":null,"campanya_imagen":null,"campanya_characteristics":null,"campanya_url":null,"campanya_posicion_visualizacion":null,"campanya_estado":null,"_links":{"self":[{"href":"https:\/\/www.ametllerorigenwp.com\/ca\/wp-json\/wp\/v2\/posts\/9476","targetHints":{"allow":["GET"]}}],"collection":[{"href":"https:\/\/www.ametllerorigenwp.com\/ca\/wp-json\/wp\/v2\/posts"}],"about":[{"href":"https:\/\/www.ametllerorigenwp.com\/ca\/wp-json\/wp\/v2\/types\/post"}],"author":[{"embeddable":true,"href":"https:\/\/www.ametllerorigenwp.com\/ca\/wp-json\/wp\/v2\/users\/5"}],"replies":[{"embeddable":true,"href":"https:\/\/www.ametllerorigenwp.com\/ca\/wp-json\/wp\/v2\/comments?post=9476"}],"version-history":[{"count":2,"href":"https:\/\/www.ametllerorigenwp.com\/ca\/wp-json\/wp\/v2\/posts\/9476\/revisions"}],"predecessor-version":[{"id":9751,"href":"https:\/\/www.ametllerorigenwp.com\/ca\/wp-json\/wp\/v2\/posts\/9476\/revisions\/9751"}],"wp:featuredmedia":[{"embeddable":true,"href":"https:\/\/www.ametllerorigenwp.com\/ca\/wp-json\/wp\/v2\/media\/9471"}],"wp:attachment":[{"href":"https:\/\/www.ametllerorigenwp.com\/ca\/wp-json\/wp\/v2\/media?parent=9476"}],"wp:term":[{"taxonomy":"category","embeddable":true,"href":"https:\/\/www.ametllerorigenwp.com\/ca\/wp-json\/wp\/v2\/categories?post=9476"},{"taxonomy":"post_tag","embeddable":true,"href":"https:\/\/www.ametllerorigenwp.com\/ca\/wp-json\/wp\/v2\/tags?post=9476"}],"curies":[{"name":"wp","href":"https:\/\/api.w.org\/{rel}","templated":true}]}}