{"id":9493,"date":"2023-08-16T01:00:43","date_gmt":"2023-08-16T01:00:43","guid":{"rendered":"https:\/\/www.ametllerorigenwp.com\/?p=9493"},"modified":"2023-08-09T05:40:15","modified_gmt":"2023-08-09T05:40:15","slug":"el-tomaquet-mediterrani-laliat-de-les-amanides","status":"publish","type":"post","link":"https:\/\/www.ametllerorigenwp.com\/ca\/el-tomaquet-mediterrani-laliat-de-les-amanides\/","title":{"rendered":"El tom\u00e0quet mediterrani, l\u2019aliat de les amanides"},"content":{"rendered":"<p>L\u2019estiu \u00e9s, sens dubte, \u00e8poca de tom\u00e0quets. Si ets un amant d\u2019aquesta verdura, no et pots perdre el <strong>tom\u00e0quet mediterrani, una varietat que durant els mesos calorosos \u00e9s quan es troba en la seva m\u00e0xima esplendor<\/strong>.<\/p>\n<p><strong>Cruixent, carn\u00f3s i molt suc\u00f3s, aix\u00ed \u00e9s el tom\u00e0quet mediterrani<\/strong>. Es tracta d\u2019una <strong>varietat molt dol\u00e7a, saborosa i arom\u00e0tica ideal per prendre com un snack, en broquetes, salpicons de marisc i bacall\u00e0, esqueixades o amanides de tota mena<\/strong>.<\/p>\n<p>I tu, ja l\u2019has tastat? Troba\u2019l a la teva botiga habitual o a la <a href=\"https:\/\/www.ametllerorigen.com\/ca\/verdura\/tomaquets-i-cogombres\">botiga online<\/a>.<\/p>\n","protected":false},"excerpt":{"rendered":"<p>L\u2019estiu \u00e9s, sens dubte, \u00e8poca de tom\u00e0quets. Si ets un amant d\u2019aquesta verdura, no et pots perdre el tom\u00e0quet mediterrani, una varietat que durant els mesos calorosos \u00e9s quan es troba en la seva m\u00e0xima esplendor. Cruixent, carn\u00f3s i molt suc\u00f3s, aix\u00ed \u00e9s el tom\u00e0quet mediterrani. Es tracta d\u2019una varietat molt dol\u00e7a, saborosa i arom\u00e0tica &hellip; <a href=\"https:\/\/www.ametllerorigenwp.com\/ca\/el-tomaquet-mediterrani-laliat-de-les-amanides\/\" class=\"more-link\">Continua llegint <span class=\"screen-reader-text\">\u00abEl tom\u00e0quet mediterrani, l\u2019aliat de les amanides\u00bb<\/span><\/a><\/p>\n","protected":false},"author":5,"featured_media":9491,"comment_status":"closed","ping_status":"closed","sticky":false,"template":"","format":"standard","meta":{"_uag_custom_page_level_css":"","advgb_blocks_editor_width":"","advgb_blocks_columns_visual_guide":"","footnotes":""},"categories":[2],"tags":[],"class_list":["post-9493","post","type-post","status-publish","format-standard","has-post-thumbnail","hentry","category-noticies"],"author_meta":{"display_name":"Mireia Zaragoza","author_link":"https:\/\/www.ametllerorigenwp.com\/ca\/author\/mzaragoza\/"},"featured_img":"https:\/\/www.ametllerorigenwp.com\/wp-content\/uploads\/2023\/08\/FOTO_APP_MEDITERRANI_1000x340px-300x102.jpg","uagb_featured_image_src":{"full":["https:\/\/www.ametllerorigenwp.com\/wp-content\/uploads\/2023\/08\/FOTO_APP_MEDITERRANI_1000x340px.jpg",1000,340,false],"thumbnail":["https:\/\/www.ametllerorigenwp.com\/wp-content\/uploads\/2023\/08\/FOTO_APP_MEDITERRANI_1000x340px-150x150.jpg",150,150,true],"medium":["https:\/\/www.ametllerorigenwp.com\/wp-content\/uploads\/2023\/08\/FOTO_APP_MEDITERRANI_1000x340px-300x102.jpg",300,102,true],"medium_large":["https:\/\/www.ametllerorigenwp.com\/wp-content\/uploads\/2023\/08\/FOTO_APP_MEDITERRANI_1000x340px-768x261.jpg",768,261,true],"large":["https:\/\/www.ametllerorigenwp.com\/wp-content\/uploads\/2023\/08\/FOTO_APP_MEDITERRANI_1000x340px.jpg",840,286,false],"1536x1536":["https:\/\/www.ametllerorigenwp.com\/wp-content\/uploads\/2023\/08\/FOTO_APP_MEDITERRANI_1000x340px.jpg",1000,340,false],"2048x2048":["https:\/\/www.ametllerorigenwp.com\/wp-content\/uploads\/2023\/08\/FOTO_APP_MEDITERRANI_1000x340px.jpg",1000,340,false],"post-thumbnail":["https:\/\/www.ametllerorigenwp.com\/wp-content\/uploads\/2023\/08\/FOTO_APP_MEDITERRANI_1000x340px.jpg",1000,340,false]},"uagb_author_info":{"display_name":"Mireia Zaragoza","author_link":"https:\/\/www.ametllerorigenwp.com\/ca\/author\/mzaragoza\/"},"uagb_comment_info":0,"uagb_excerpt":"L\u2019estiu \u00e9s, sens dubte, \u00e8poca de tom\u00e0quets. Si ets un amant d\u2019aquesta verdura, no et pots perdre el tom\u00e0quet mediterrani, una varietat que durant els mesos calorosos \u00e9s quan es troba en la seva m\u00e0xima esplendor. Cruixent, carn\u00f3s i molt suc\u00f3s, aix\u00ed \u00e9s el tom\u00e0quet mediterrani. Es tracta d\u2019una varietat molt dol\u00e7a, saborosa i arom\u00e0tica&hellip;","coauthors":[],"tax_additional":{"categories":{"linked":["<a href=\"https:\/\/www.ametllerorigenwp.com\/ca\/category\/noticies\/\" class=\"advgb-post-tax-term\">Noticies<\/a>"],"unlinked":["<span class=\"advgb-post-tax-term\">Noticies<\/span>"]}},"comment_count":"0","relative_dates":{"created":"Posted 3 anys ago","modified":"Updated 3 anys ago"},"absolute_dates":{"created":"Posted on 16 d'agost de 2023","modified":"Updated on 9 d'agost de 2023"},"absolute_dates_time":{"created":"Posted on 16 d'agost de 2023 01:00","modified":"Updated on 9 d'agost de 2023 05:40"},"featured_img_caption":"","series_order":"","show_in_app":true,"fecha_inicio_destacado":null,"hora_inicio_visualizacion":null,"minutos_inicio_visualizacion":null,"fecha_final_destacado":null,"hora_final_visualizacion":null,"minutos_final_visualizacion":null,"posicion_visualizacion":null,"estado_destacado":null,"niveles_destacados":null,"url_del_enlace":null,"banner_destacado":null,"posicion_visualizacion_de_la_noticia":"01","estado_noticia":["Visible"],"fecha_de_inicio_de_visualizacion_del_tutorial":null,"hora_inicio_visualizacion_tutorial":null,"minutos_inicio_visualizacion_tutorial":null,"fecha_de_final_de_visualizacion_del_tutorial":null,"hora_final_visualizacion_tutorial":null,"minutos_final_visualizacion_tutorial":null,"numero_de_veces_visto":null,"numero_de_veces_total":null,"niveles_tutorial":null,"tutorial_recursos_castellano":null,"tutorial_recursos_catalan":null,"dias_disponibles":null,"dias_de_la_semana":null,"dias_del_mes":null,"other_lang_post_id":null,"lang":"ca","campanya_descripcion":null,"campanya_fecha_inicio":null,"campanya_fecha_fin":null,"campanya_legales":null,"campanya_imagen":null,"campanya_characteristics":null,"campanya_url":null,"campanya_posicion_visualizacion":null,"campanya_estado":null,"_links":{"self":[{"href":"https:\/\/www.ametllerorigenwp.com\/ca\/wp-json\/wp\/v2\/posts\/9493","targetHints":{"allow":["GET"]}}],"collection":[{"href":"https:\/\/www.ametllerorigenwp.com\/ca\/wp-json\/wp\/v2\/posts"}],"about":[{"href":"https:\/\/www.ametllerorigenwp.com\/ca\/wp-json\/wp\/v2\/types\/post"}],"author":[{"embeddable":true,"href":"https:\/\/www.ametllerorigenwp.com\/ca\/wp-json\/wp\/v2\/users\/5"}],"replies":[{"embeddable":true,"href":"https:\/\/www.ametllerorigenwp.com\/ca\/wp-json\/wp\/v2\/comments?post=9493"}],"version-history":[{"count":1,"href":"https:\/\/www.ametllerorigenwp.com\/ca\/wp-json\/wp\/v2\/posts\/9493\/revisions"}],"predecessor-version":[{"id":9494,"href":"https:\/\/www.ametllerorigenwp.com\/ca\/wp-json\/wp\/v2\/posts\/9493\/revisions\/9494"}],"wp:featuredmedia":[{"embeddable":true,"href":"https:\/\/www.ametllerorigenwp.com\/ca\/wp-json\/wp\/v2\/media\/9491"}],"wp:attachment":[{"href":"https:\/\/www.ametllerorigenwp.com\/ca\/wp-json\/wp\/v2\/media?parent=9493"}],"wp:term":[{"taxonomy":"category","embeddable":true,"href":"https:\/\/www.ametllerorigenwp.com\/ca\/wp-json\/wp\/v2\/categories?post=9493"},{"taxonomy":"post_tag","embeddable":true,"href":"https:\/\/www.ametllerorigenwp.com\/ca\/wp-json\/wp\/v2\/tags?post=9493"}],"curies":[{"name":"wp","href":"https:\/\/api.w.org\/{rel}","templated":true}]}}