{"id":9534,"date":"2023-09-07T01:00:11","date_gmt":"2023-09-07T01:00:11","guid":{"rendered":"https:\/\/www.ametllerorigenwp.com\/?p=9534"},"modified":"2024-08-13T23:21:16","modified_gmt":"2024-08-13T23:21:16","slug":"tornar-a-la-rutina-amb-els-nostres-menus-setmanals-no-ha-estat-mai-tan-facil","status":"publish","type":"post","link":"https:\/\/www.ametllerorigenwp.com\/ca\/tornar-a-la-rutina-amb-els-nostres-menus-setmanals-no-ha-estat-mai-tan-facil\/","title":{"rendered":"Torna a la rutina amb els nostre men\u00fa setmanal!"},"content":{"rendered":"<p>\u00a1Vuelve a la rutina con nuestro calendario mensual! Ya no tienes excusa para olvidar los compromisos m\u00e1s importantes\u00a0<strong>con nuestro calendario mensual y organizador semanal, dise\u00f1ado por el ilustrador Javier Royo. Te lo ponemos f\u00e1cil para anotar todo aquello que necesitas y recordar los d\u00edas mundiales y festividades destacadas<\/strong>. Asimismo, encontrar\u00e1s\u00a0<strong>informaci\u00f3n relacionada sobre nuestra manera de hacer y cu\u00e1les son las principales frutas y hortalizas de temporada.\u00a0<\/strong><\/p>\n<p><strong>Este mes de septiembre destacamos qui\u00e9n tiene la sart\u00e9n por el mango<\/strong>. Elaboramos m\u00e1s de un mill\u00f3n de tortillas al a\u00f1o y lo hacemos como t\u00fa lo har\u00edas en casa: con un conjunto de sartenes y fogones a temperaturas diferentes que nos permiten una cocci\u00f3n perfecta.<\/p>\n<p>\u00a1Desc\u00e1rgatelo\u00a0<a href=\"https:\/\/corp.ametllerorigen.com\/es\/calendario-2024\/\">aqu\u00ed<\/a>!<\/p>\n","protected":false},"excerpt":{"rendered":"<p>\u00a1Vuelve a la rutina con nuestro calendario mensual! Ya no tienes excusa para olvidar los compromisos m\u00e1s importantes\u00a0con nuestro calendario mensual y organizador semanal, dise\u00f1ado por el ilustrador Javier Royo. Te lo ponemos f\u00e1cil para anotar todo aquello que necesitas y recordar los d\u00edas mundiales y festividades destacadas. Asimismo, encontrar\u00e1s\u00a0informaci\u00f3n relacionada sobre nuestra manera de &hellip; <a href=\"https:\/\/www.ametllerorigenwp.com\/ca\/tornar-a-la-rutina-amb-els-nostres-menus-setmanals-no-ha-estat-mai-tan-facil\/\" class=\"more-link\">Continua llegint <span class=\"screen-reader-text\">\u00abTorna a la rutina amb els nostre men\u00fa setmanal!\u00bb<\/span><\/a><\/p>\n","protected":false},"author":5,"featured_media":9532,"comment_status":"closed","ping_status":"closed","sticky":false,"template":"","format":"standard","meta":{"_uag_custom_page_level_css":"","advgb_blocks_editor_width":"","advgb_blocks_columns_visual_guide":"","footnotes":""},"categories":[2],"tags":[],"class_list":["post-9534","post","type-post","status-publish","format-standard","has-post-thumbnail","hentry","category-noticies"],"author_meta":{"display_name":"Mireia Zaragoza","author_link":"https:\/\/www.ametllerorigenwp.com\/ca\/author\/mzaragoza\/"},"featured_img":"https:\/\/www.ametllerorigenwp.com\/wp-content\/uploads\/2023\/08\/IM_APP_MENU_SETMANAL-300x102.jpg","uagb_featured_image_src":{"full":["https:\/\/www.ametllerorigenwp.com\/wp-content\/uploads\/2023\/08\/IM_APP_MENU_SETMANAL.jpg",1000,340,false],"thumbnail":["https:\/\/www.ametllerorigenwp.com\/wp-content\/uploads\/2023\/08\/IM_APP_MENU_SETMANAL-150x150.jpg",150,150,true],"medium":["https:\/\/www.ametllerorigenwp.com\/wp-content\/uploads\/2023\/08\/IM_APP_MENU_SETMANAL-300x102.jpg",300,102,true],"medium_large":["https:\/\/www.ametllerorigenwp.com\/wp-content\/uploads\/2023\/08\/IM_APP_MENU_SETMANAL-768x261.jpg",768,261,true],"large":["https:\/\/www.ametllerorigenwp.com\/wp-content\/uploads\/2023\/08\/IM_APP_MENU_SETMANAL.jpg",840,286,false],"1536x1536":["https:\/\/www.ametllerorigenwp.com\/wp-content\/uploads\/2023\/08\/IM_APP_MENU_SETMANAL.jpg",1000,340,false],"2048x2048":["https:\/\/www.ametllerorigenwp.com\/wp-content\/uploads\/2023\/08\/IM_APP_MENU_SETMANAL.jpg",1000,340,false],"post-thumbnail":["https:\/\/www.ametllerorigenwp.com\/wp-content\/uploads\/2023\/08\/IM_APP_MENU_SETMANAL.jpg",1000,340,false]},"uagb_author_info":{"display_name":"Mireia Zaragoza","author_link":"https:\/\/www.ametllerorigenwp.com\/ca\/author\/mzaragoza\/"},"uagb_comment_info":0,"uagb_excerpt":"\u00a1Vuelve a la rutina con nuestro calendario mensual! Ya no tienes excusa para olvidar los compromisos m\u00e1s importantes\u00a0con nuestro calendario mensual y organizador semanal, dise\u00f1ado por el ilustrador Javier Royo. Te lo ponemos f\u00e1cil para anotar todo aquello que necesitas y recordar los d\u00edas mundiales y festividades destacadas. Asimismo, encontrar\u00e1s\u00a0informaci\u00f3n relacionada sobre nuestra manera de&hellip;","coauthors":[],"tax_additional":{"categories":{"linked":["<a href=\"https:\/\/www.ametllerorigenwp.com\/ca\/category\/noticies\/\" class=\"advgb-post-tax-term\">Noticies<\/a>"],"unlinked":["<span class=\"advgb-post-tax-term\">Noticies<\/span>"]}},"comment_count":"0","relative_dates":{"created":"Posted 3 anys ago","modified":"Updated 2 anys ago"},"absolute_dates":{"created":"Posted on 7 de setembre de 2023","modified":"Updated on 13 d'agost de 2024"},"absolute_dates_time":{"created":"Posted on 7 de setembre de 2023 01:00","modified":"Updated on 13 d'agost de 2024 23:21"},"featured_img_caption":"","series_order":"","show_in_app":true,"fecha_inicio_destacado":null,"hora_inicio_visualizacion":null,"minutos_inicio_visualizacion":null,"fecha_final_destacado":null,"hora_final_visualizacion":null,"minutos_final_visualizacion":null,"posicion_visualizacion":null,"estado_destacado":null,"niveles_destacados":null,"url_del_enlace":null,"banner_destacado":null,"posicion_visualizacion_de_la_noticia":"01","estado_noticia":["Visible"],"fecha_de_inicio_de_visualizacion_del_tutorial":null,"hora_inicio_visualizacion_tutorial":null,"minutos_inicio_visualizacion_tutorial":null,"fecha_de_final_de_visualizacion_del_tutorial":null,"hora_final_visualizacion_tutorial":null,"minutos_final_visualizacion_tutorial":null,"numero_de_veces_visto":null,"numero_de_veces_total":null,"niveles_tutorial":null,"tutorial_recursos_castellano":null,"tutorial_recursos_catalan":null,"dias_disponibles":null,"dias_de_la_semana":null,"dias_del_mes":null,"other_lang_post_id":null,"lang":"ca","campanya_descripcion":null,"campanya_fecha_inicio":null,"campanya_fecha_fin":null,"campanya_legales":null,"campanya_imagen":null,"campanya_characteristics":null,"campanya_url":null,"campanya_posicion_visualizacion":null,"campanya_estado":null,"_links":{"self":[{"href":"https:\/\/www.ametllerorigenwp.com\/ca\/wp-json\/wp\/v2\/posts\/9534","targetHints":{"allow":["GET"]}}],"collection":[{"href":"https:\/\/www.ametllerorigenwp.com\/ca\/wp-json\/wp\/v2\/posts"}],"about":[{"href":"https:\/\/www.ametllerorigenwp.com\/ca\/wp-json\/wp\/v2\/types\/post"}],"author":[{"embeddable":true,"href":"https:\/\/www.ametllerorigenwp.com\/ca\/wp-json\/wp\/v2\/users\/5"}],"replies":[{"embeddable":true,"href":"https:\/\/www.ametllerorigenwp.com\/ca\/wp-json\/wp\/v2\/comments?post=9534"}],"version-history":[{"count":5,"href":"https:\/\/www.ametllerorigenwp.com\/ca\/wp-json\/wp\/v2\/posts\/9534\/revisions"}],"predecessor-version":[{"id":12579,"href":"https:\/\/www.ametllerorigenwp.com\/ca\/wp-json\/wp\/v2\/posts\/9534\/revisions\/12579"}],"wp:featuredmedia":[{"embeddable":true,"href":"https:\/\/www.ametllerorigenwp.com\/ca\/wp-json\/wp\/v2\/media\/9532"}],"wp:attachment":[{"href":"https:\/\/www.ametllerorigenwp.com\/ca\/wp-json\/wp\/v2\/media?parent=9534"}],"wp:term":[{"taxonomy":"category","embeddable":true,"href":"https:\/\/www.ametllerorigenwp.com\/ca\/wp-json\/wp\/v2\/categories?post=9534"},{"taxonomy":"post_tag","embeddable":true,"href":"https:\/\/www.ametllerorigenwp.com\/ca\/wp-json\/wp\/v2\/tags?post=9534"}],"curies":[{"name":"wp","href":"https:\/\/api.w.org\/{rel}","templated":true}]}}