{"id":9595,"date":"2023-08-25T01:00:07","date_gmt":"2023-08-25T01:00:07","guid":{"rendered":"https:\/\/www.ametllerorigenwp.com\/?p=9595"},"modified":"2023-08-24T10:30:20","modified_gmt":"2023-08-24T10:30:20","slug":"tasta-el-gaspatxo-mes-solidari-de-lestiu","status":"publish","type":"post","link":"https:\/\/www.ametllerorigenwp.com\/ca\/tasta-el-gaspatxo-mes-solidari-de-lestiu\/","title":{"rendered":"Tasta el gaspatxo m\u00e9s solidari de l\u2019estiu!"},"content":{"rendered":"<p>Ja est\u00e0 disponible a totes les nostres botigues el gaspatxo m\u00e9s solidari d\u2019aquest estiu! El passat mes de juliol, vam llen\u00e7ar <strong>un repte per trobar la millor recepta de gaspatxo o de sopa de tom\u00e0quet de l\u2019estiu<\/strong> <strong>amb l&#8217;objectiu d&#8217;elaborar al nostre obrador una edici\u00f3 limitada, personalitzada i solid\u00e0ria per recaptar fons per a la Fundaci\u00f3 Fero<\/strong>.<\/p>\n<p>D\u2019entre les gaireb\u00e9 180 receptes participants, <strong>el jurat va escollir el gaspatxo de pr\u00e9ssec del cuiner Jordi Romeu<\/strong>. Despr\u00e9s d&#8217;unes setmanes perfeccionant la recepta, <strong>hem posat ja a la venda les 3.000 unitats que ja pots trobar a la teva botiga habitual i a <a href=\"https:\/\/www.ametllerorigen.com\/ca\/gaspatxo-pressec-groc-ametller-origen-485ml\/p\">la botiga online<\/a>.<\/strong><\/p>\n<p>Gr\u00e0cies a tots per la participaci\u00f3 i la gran acollida de la iniciativa!<\/p>\n","protected":false},"excerpt":{"rendered":"<p>Ja est\u00e0 disponible a totes les nostres botigues el gaspatxo m\u00e9s solidari d\u2019aquest estiu! El passat mes de juliol, vam llen\u00e7ar un repte per trobar la millor recepta de gaspatxo o de sopa de tom\u00e0quet de l\u2019estiu amb l&#8217;objectiu d&#8217;elaborar al nostre obrador una edici\u00f3 limitada, personalitzada i solid\u00e0ria per recaptar fons per a la &hellip; <a href=\"https:\/\/www.ametllerorigenwp.com\/ca\/tasta-el-gaspatxo-mes-solidari-de-lestiu\/\" class=\"more-link\">Continua llegint <span class=\"screen-reader-text\">\u00abTasta el gaspatxo m\u00e9s solidari de l\u2019estiu!\u00bb<\/span><\/a><\/p>\n","protected":false},"author":5,"featured_media":9596,"comment_status":"closed","ping_status":"closed","sticky":false,"template":"","format":"standard","meta":{"_uag_custom_page_level_css":"","advgb_blocks_editor_width":"","advgb_blocks_columns_visual_guide":"","footnotes":""},"categories":[2],"tags":[],"class_list":["post-9595","post","type-post","status-publish","format-standard","has-post-thumbnail","hentry","category-noticies"],"author_meta":{"display_name":"Mireia Zaragoza","author_link":"https:\/\/www.ametllerorigenwp.com\/ca\/author\/mzaragoza\/"},"featured_img":"https:\/\/www.ametllerorigenwp.com\/wp-content\/uploads\/2023\/08\/app_gaspatxo2-300x102.jpg","uagb_featured_image_src":{"full":["https:\/\/www.ametllerorigenwp.com\/wp-content\/uploads\/2023\/08\/app_gaspatxo2.jpg",1000,340,false],"thumbnail":["https:\/\/www.ametllerorigenwp.com\/wp-content\/uploads\/2023\/08\/app_gaspatxo2-150x150.jpg",150,150,true],"medium":["https:\/\/www.ametllerorigenwp.com\/wp-content\/uploads\/2023\/08\/app_gaspatxo2-300x102.jpg",300,102,true],"medium_large":["https:\/\/www.ametllerorigenwp.com\/wp-content\/uploads\/2023\/08\/app_gaspatxo2-768x261.jpg",768,261,true],"large":["https:\/\/www.ametllerorigenwp.com\/wp-content\/uploads\/2023\/08\/app_gaspatxo2.jpg",840,286,false],"1536x1536":["https:\/\/www.ametllerorigenwp.com\/wp-content\/uploads\/2023\/08\/app_gaspatxo2.jpg",1000,340,false],"2048x2048":["https:\/\/www.ametllerorigenwp.com\/wp-content\/uploads\/2023\/08\/app_gaspatxo2.jpg",1000,340,false],"post-thumbnail":["https:\/\/www.ametllerorigenwp.com\/wp-content\/uploads\/2023\/08\/app_gaspatxo2.jpg",1000,340,false]},"uagb_author_info":{"display_name":"Mireia Zaragoza","author_link":"https:\/\/www.ametllerorigenwp.com\/ca\/author\/mzaragoza\/"},"uagb_comment_info":0,"uagb_excerpt":"Ja est\u00e0 disponible a totes les nostres botigues el gaspatxo m\u00e9s solidari d\u2019aquest estiu! El passat mes de juliol, vam llen\u00e7ar un repte per trobar la millor recepta de gaspatxo o de sopa de tom\u00e0quet de l\u2019estiu amb l&#8217;objectiu d&#8217;elaborar al nostre obrador una edici\u00f3 limitada, personalitzada i solid\u00e0ria per recaptar fons per a la&hellip;","coauthors":[],"tax_additional":{"categories":{"linked":["<a href=\"https:\/\/www.ametllerorigenwp.com\/ca\/category\/noticies\/\" class=\"advgb-post-tax-term\">Noticies<\/a>"],"unlinked":["<span class=\"advgb-post-tax-term\">Noticies<\/span>"]}},"comment_count":"0","relative_dates":{"created":"Posted 3 anys ago","modified":"Updated 3 anys ago"},"absolute_dates":{"created":"Posted on 25 d'agost de 2023","modified":"Updated on 24 d'agost de 2023"},"absolute_dates_time":{"created":"Posted on 25 d'agost de 2023 01:00","modified":"Updated on 24 d'agost de 2023 10:30"},"featured_img_caption":"","series_order":"","show_in_app":true,"fecha_inicio_destacado":null,"hora_inicio_visualizacion":null,"minutos_inicio_visualizacion":null,"fecha_final_destacado":null,"hora_final_visualizacion":null,"minutos_final_visualizacion":null,"posicion_visualizacion":null,"estado_destacado":null,"niveles_destacados":null,"url_del_enlace":null,"banner_destacado":null,"posicion_visualizacion_de_la_noticia":"01","estado_noticia":["Visible"],"fecha_de_inicio_de_visualizacion_del_tutorial":null,"hora_inicio_visualizacion_tutorial":null,"minutos_inicio_visualizacion_tutorial":null,"fecha_de_final_de_visualizacion_del_tutorial":null,"hora_final_visualizacion_tutorial":null,"minutos_final_visualizacion_tutorial":null,"numero_de_veces_visto":null,"numero_de_veces_total":null,"niveles_tutorial":null,"tutorial_recursos_castellano":null,"tutorial_recursos_catalan":null,"dias_disponibles":null,"dias_de_la_semana":null,"dias_del_mes":null,"other_lang_post_id":9599,"lang":"ca","campanya_descripcion":null,"campanya_fecha_inicio":null,"campanya_fecha_fin":null,"campanya_legales":null,"campanya_imagen":null,"campanya_characteristics":null,"campanya_url":null,"campanya_posicion_visualizacion":null,"campanya_estado":null,"_links":{"self":[{"href":"https:\/\/www.ametllerorigenwp.com\/ca\/wp-json\/wp\/v2\/posts\/9595","targetHints":{"allow":["GET"]}}],"collection":[{"href":"https:\/\/www.ametllerorigenwp.com\/ca\/wp-json\/wp\/v2\/posts"}],"about":[{"href":"https:\/\/www.ametllerorigenwp.com\/ca\/wp-json\/wp\/v2\/types\/post"}],"author":[{"embeddable":true,"href":"https:\/\/www.ametllerorigenwp.com\/ca\/wp-json\/wp\/v2\/users\/5"}],"replies":[{"embeddable":true,"href":"https:\/\/www.ametllerorigenwp.com\/ca\/wp-json\/wp\/v2\/comments?post=9595"}],"version-history":[{"count":2,"href":"https:\/\/www.ametllerorigenwp.com\/ca\/wp-json\/wp\/v2\/posts\/9595\/revisions"}],"predecessor-version":[{"id":9616,"href":"https:\/\/www.ametllerorigenwp.com\/ca\/wp-json\/wp\/v2\/posts\/9595\/revisions\/9616"}],"wp:featuredmedia":[{"embeddable":true,"href":"https:\/\/www.ametllerorigenwp.com\/ca\/wp-json\/wp\/v2\/media\/9596"}],"wp:attachment":[{"href":"https:\/\/www.ametllerorigenwp.com\/ca\/wp-json\/wp\/v2\/media?parent=9595"}],"wp:term":[{"taxonomy":"category","embeddable":true,"href":"https:\/\/www.ametllerorigenwp.com\/ca\/wp-json\/wp\/v2\/categories?post=9595"},{"taxonomy":"post_tag","embeddable":true,"href":"https:\/\/www.ametllerorigenwp.com\/ca\/wp-json\/wp\/v2\/tags?post=9595"}],"curies":[{"name":"wp","href":"https:\/\/api.w.org\/{rel}","templated":true}]}}