{"id":9725,"date":"2023-09-06T01:00:51","date_gmt":"2023-09-06T01:00:51","guid":{"rendered":"https:\/\/www.ametllerorigenwp.com\/?p=9725"},"modified":"2023-09-05T14:00:48","modified_gmt":"2023-09-05T14:00:48","slug":"tasta-la-nostra-carxofa-amb-un-sabor-daltura","status":"publish","type":"post","link":"https:\/\/www.ametllerorigenwp.com\/ca\/tasta-la-nostra-carxofa-amb-un-sabor-daltura\/","title":{"rendered":"Tasta la nostra carxofa amb un sabor d\u2019altura"},"content":{"rendered":"<p>Aquesta setmana, <strong>pots trobar a les nostres botigues i a <a href=\"https:\/\/www.ametllerorigen.com\/ca\/verdura\/pebrots-alberginies-i-carxofes\">la botiga online<\/a> la nostra carxofa de collita pr\u00f2pia<\/strong>, que cultivem <strong>als nostres camps de S\u00f2ria<\/strong>. Saps per qu\u00e8 \u00e9s tan bona aquesta carxofa primerenca? <strong>Doncs per l\u2019altura dels camps on la cultivem que fa que tinguin un sabor \u00fanic i inigualable<\/strong>. Prova-la!<\/p>\n","protected":false},"excerpt":{"rendered":"<p>Aquesta setmana, pots trobar a les nostres botigues i a la botiga online la nostra carxofa de collita pr\u00f2pia, que cultivem als nostres camps de S\u00f2ria. Saps per qu\u00e8 \u00e9s tan bona aquesta carxofa primerenca? Doncs per l\u2019altura dels camps on la cultivem que fa que tinguin un sabor \u00fanic i inigualable. Prova-la!<\/p>\n","protected":false},"author":3,"featured_media":9726,"comment_status":"closed","ping_status":"closed","sticky":false,"template":"","format":"standard","meta":{"_uag_custom_page_level_css":"","advgb_blocks_editor_width":"","advgb_blocks_columns_visual_guide":"","footnotes":""},"categories":[2],"tags":[],"class_list":["post-9725","post","type-post","status-publish","format-standard","has-post-thumbnail","hentry","category-noticies"],"author_meta":{"display_name":"Ametller Origen","author_link":"https:\/\/www.ametllerorigenwp.com\/ca\/author\/ao_editor\/"},"featured_img":"https:\/\/www.ametllerorigenwp.com\/wp-content\/uploads\/2023\/09\/app_carxofa-300x102.jpg","uagb_featured_image_src":{"full":["https:\/\/www.ametllerorigenwp.com\/wp-content\/uploads\/2023\/09\/app_carxofa.jpg",1000,340,false],"thumbnail":["https:\/\/www.ametllerorigenwp.com\/wp-content\/uploads\/2023\/09\/app_carxofa-150x150.jpg",150,150,true],"medium":["https:\/\/www.ametllerorigenwp.com\/wp-content\/uploads\/2023\/09\/app_carxofa-300x102.jpg",300,102,true],"medium_large":["https:\/\/www.ametllerorigenwp.com\/wp-content\/uploads\/2023\/09\/app_carxofa-768x261.jpg",768,261,true],"large":["https:\/\/www.ametllerorigenwp.com\/wp-content\/uploads\/2023\/09\/app_carxofa.jpg",840,286,false],"1536x1536":["https:\/\/www.ametllerorigenwp.com\/wp-content\/uploads\/2023\/09\/app_carxofa.jpg",1000,340,false],"2048x2048":["https:\/\/www.ametllerorigenwp.com\/wp-content\/uploads\/2023\/09\/app_carxofa.jpg",1000,340,false],"post-thumbnail":["https:\/\/www.ametllerorigenwp.com\/wp-content\/uploads\/2023\/09\/app_carxofa.jpg",1000,340,false]},"uagb_author_info":{"display_name":"Ametller Origen","author_link":"https:\/\/www.ametllerorigenwp.com\/ca\/author\/ao_editor\/"},"uagb_comment_info":0,"uagb_excerpt":"Aquesta setmana, pots trobar a les nostres botigues i a la botiga online la nostra carxofa de collita pr\u00f2pia, que cultivem als nostres camps de S\u00f2ria. Saps per qu\u00e8 \u00e9s tan bona aquesta carxofa primerenca? Doncs per l\u2019altura dels camps on la cultivem que fa que tinguin un sabor \u00fanic i inigualable. Prova-la!","coauthors":[],"tax_additional":{"categories":{"linked":["<a href=\"https:\/\/www.ametllerorigenwp.com\/ca\/category\/noticies\/\" class=\"advgb-post-tax-term\">Noticies<\/a>"],"unlinked":["<span class=\"advgb-post-tax-term\">Noticies<\/span>"]}},"comment_count":"0","relative_dates":{"created":"Posted 3 anys ago","modified":"Updated 3 anys ago"},"absolute_dates":{"created":"Posted on 6 de setembre de 2023","modified":"Updated on 5 de setembre de 2023"},"absolute_dates_time":{"created":"Posted on 6 de setembre de 2023 01:00","modified":"Updated on 5 de setembre de 2023 14:00"},"featured_img_caption":"","series_order":"","show_in_app":true,"fecha_inicio_destacado":null,"hora_inicio_visualizacion":null,"minutos_inicio_visualizacion":null,"fecha_final_destacado":null,"hora_final_visualizacion":null,"minutos_final_visualizacion":null,"posicion_visualizacion":null,"estado_destacado":null,"niveles_destacados":null,"url_del_enlace":null,"banner_destacado":null,"posicion_visualizacion_de_la_noticia":"01","estado_noticia":["Visible"],"fecha_de_inicio_de_visualizacion_del_tutorial":null,"hora_inicio_visualizacion_tutorial":null,"minutos_inicio_visualizacion_tutorial":null,"fecha_de_final_de_visualizacion_del_tutorial":null,"hora_final_visualizacion_tutorial":null,"minutos_final_visualizacion_tutorial":null,"numero_de_veces_visto":null,"numero_de_veces_total":null,"niveles_tutorial":null,"tutorial_recursos_castellano":null,"tutorial_recursos_catalan":null,"dias_disponibles":null,"dias_de_la_semana":null,"dias_del_mes":null,"other_lang_post_id":9729,"lang":"ca","campanya_descripcion":null,"campanya_fecha_inicio":null,"campanya_fecha_fin":null,"campanya_legales":null,"campanya_imagen":null,"campanya_characteristics":null,"campanya_url":null,"campanya_posicion_visualizacion":null,"campanya_estado":null,"_links":{"self":[{"href":"https:\/\/www.ametllerorigenwp.com\/ca\/wp-json\/wp\/v2\/posts\/9725","targetHints":{"allow":["GET"]}}],"collection":[{"href":"https:\/\/www.ametllerorigenwp.com\/ca\/wp-json\/wp\/v2\/posts"}],"about":[{"href":"https:\/\/www.ametllerorigenwp.com\/ca\/wp-json\/wp\/v2\/types\/post"}],"author":[{"embeddable":true,"href":"https:\/\/www.ametllerorigenwp.com\/ca\/wp-json\/wp\/v2\/users\/3"}],"replies":[{"embeddable":true,"href":"https:\/\/www.ametllerorigenwp.com\/ca\/wp-json\/wp\/v2\/comments?post=9725"}],"version-history":[{"count":1,"href":"https:\/\/www.ametllerorigenwp.com\/ca\/wp-json\/wp\/v2\/posts\/9725\/revisions"}],"predecessor-version":[{"id":9728,"href":"https:\/\/www.ametllerorigenwp.com\/ca\/wp-json\/wp\/v2\/posts\/9725\/revisions\/9728"}],"wp:featuredmedia":[{"embeddable":true,"href":"https:\/\/www.ametllerorigenwp.com\/ca\/wp-json\/wp\/v2\/media\/9726"}],"wp:attachment":[{"href":"https:\/\/www.ametllerorigenwp.com\/ca\/wp-json\/wp\/v2\/media?parent=9725"}],"wp:term":[{"taxonomy":"category","embeddable":true,"href":"https:\/\/www.ametllerorigenwp.com\/ca\/wp-json\/wp\/v2\/categories?post=9725"},{"taxonomy":"post_tag","embeddable":true,"href":"https:\/\/www.ametllerorigenwp.com\/ca\/wp-json\/wp\/v2\/tags?post=9725"}],"curies":[{"name":"wp","href":"https:\/\/api.w.org\/{rel}","templated":true}]}}