{"id":9759,"date":"2023-09-12T01:00:26","date_gmt":"2023-09-12T01:00:26","guid":{"rendered":"https:\/\/www.ametllerorigenwp.com\/?p=9759"},"modified":"2023-09-08T11:37:08","modified_gmt":"2023-09-08T11:37:08","slug":"la-figa-collita-manual-i-al-mati","status":"publish","type":"post","link":"https:\/\/www.ametllerorigenwp.com\/ca\/la-figa-collita-manual-i-al-mati\/","title":{"rendered":"La figa, collita manual i al mat\u00ed"},"content":{"rendered":"<p><strong>Setembre \u00e9s sin\u00f2nim de figues<\/strong>, una de les fruites de temporada m\u00e9s apreciades, delicioses i dolces. <strong>Vols saber quin \u00e9s el nostre secret per oferir-te unes figues tan dolces i fresques<\/strong>? Te l\u2019expliquem!<\/p>\n<p>Actualment, <strong>a Ametller Origen tenim plantades figueres als nostres camps propis de M\u00farcia, en un total de 39 hect\u00e0rees<\/strong>. Concretament, hi cultivem <strong>les varietats de Coll de dama i la Colar, que tamb\u00e9 dona figaflors<\/strong>.<\/p>\n<p><strong>Qu\u00e8 fa \u00faniques les nostres figues?<br \/>\n<\/strong>Els nostres pagesos <strong>cullen les figues sempre al mat\u00ed, en concret des de primera fins al migdia<\/strong>. Aix\u00ed eviten que les figues s\u2019escalfin es facin malb\u00e9. D\u2019altra banda, <strong>les cullen manualment<\/strong> una a una perqu\u00e8, d\u2019aquesta manera, poden saber quan estan en el seu punt \u00f2ptim de maduraci\u00f3.<\/p>\n<p>Un cop collides, <strong>les porten al magatzem i revisen que estiguin b\u00e9, les encaixen<\/strong> amb compte, donada la seva delicadesa, <strong>per enviar-les directament a botiga en menys de 12 h<\/strong>. D\u2019aquesta manera, ens assegurem que els nostres consumidors gaudeixen d\u2019una figa fresca, dol\u00e7a, deliciosa i acabada de sortir del camp.<\/p>\n","protected":false},"excerpt":{"rendered":"<p>Setembre \u00e9s sin\u00f2nim de figues, una de les fruites de temporada m\u00e9s apreciades, delicioses i dolces. Vols saber quin \u00e9s el nostre secret per oferir-te unes figues tan dolces i fresques? Te l\u2019expliquem! Actualment, a Ametller Origen tenim plantades figueres als nostres camps propis de M\u00farcia, en un total de 39 hect\u00e0rees. Concretament, hi cultivem &hellip; <a href=\"https:\/\/www.ametllerorigenwp.com\/ca\/la-figa-collita-manual-i-al-mati\/\" class=\"more-link\">Continua llegint <span class=\"screen-reader-text\">\u00abLa figa, collita manual i al mat\u00ed\u00bb<\/span><\/a><\/p>\n","protected":false},"author":3,"featured_media":9760,"comment_status":"closed","ping_status":"closed","sticky":false,"template":"","format":"standard","meta":{"_uag_custom_page_level_css":"","advgb_blocks_editor_width":"","advgb_blocks_columns_visual_guide":"","footnotes":""},"categories":[2],"tags":[],"class_list":["post-9759","post","type-post","status-publish","format-standard","has-post-thumbnail","hentry","category-noticies"],"author_meta":{"display_name":"Ametller Origen","author_link":"https:\/\/www.ametllerorigenwp.com\/ca\/author\/ao_editor\/"},"featured_img":"https:\/\/www.ametllerorigenwp.com\/wp-content\/uploads\/2023\/09\/Proyecto-nuevo-52-300x102.jpg","uagb_featured_image_src":{"full":["https:\/\/www.ametllerorigenwp.com\/wp-content\/uploads\/2023\/09\/Proyecto-nuevo-52.jpg",1000,340,false],"thumbnail":["https:\/\/www.ametllerorigenwp.com\/wp-content\/uploads\/2023\/09\/Proyecto-nuevo-52-150x150.jpg",150,150,true],"medium":["https:\/\/www.ametllerorigenwp.com\/wp-content\/uploads\/2023\/09\/Proyecto-nuevo-52-300x102.jpg",300,102,true],"medium_large":["https:\/\/www.ametllerorigenwp.com\/wp-content\/uploads\/2023\/09\/Proyecto-nuevo-52-768x261.jpg",768,261,true],"large":["https:\/\/www.ametllerorigenwp.com\/wp-content\/uploads\/2023\/09\/Proyecto-nuevo-52.jpg",840,286,false],"1536x1536":["https:\/\/www.ametllerorigenwp.com\/wp-content\/uploads\/2023\/09\/Proyecto-nuevo-52.jpg",1000,340,false],"2048x2048":["https:\/\/www.ametllerorigenwp.com\/wp-content\/uploads\/2023\/09\/Proyecto-nuevo-52.jpg",1000,340,false],"post-thumbnail":["https:\/\/www.ametllerorigenwp.com\/wp-content\/uploads\/2023\/09\/Proyecto-nuevo-52.jpg",1000,340,false]},"uagb_author_info":{"display_name":"Ametller Origen","author_link":"https:\/\/www.ametllerorigenwp.com\/ca\/author\/ao_editor\/"},"uagb_comment_info":0,"uagb_excerpt":"Setembre \u00e9s sin\u00f2nim de figues, una de les fruites de temporada m\u00e9s apreciades, delicioses i dolces. Vols saber quin \u00e9s el nostre secret per oferir-te unes figues tan dolces i fresques? Te l\u2019expliquem! Actualment, a Ametller Origen tenim plantades figueres als nostres camps propis de M\u00farcia, en un total de 39 hect\u00e0rees. Concretament, hi cultivem&hellip;","coauthors":[],"tax_additional":{"categories":{"linked":["<a href=\"https:\/\/www.ametllerorigenwp.com\/ca\/category\/noticies\/\" class=\"advgb-post-tax-term\">Noticies<\/a>"],"unlinked":["<span class=\"advgb-post-tax-term\">Noticies<\/span>"]}},"comment_count":"0","relative_dates":{"created":"Posted 3 anys ago","modified":"Updated 3 anys ago"},"absolute_dates":{"created":"Posted on 12 de setembre de 2023","modified":"Updated on 8 de setembre de 2023"},"absolute_dates_time":{"created":"Posted on 12 de setembre de 2023 01:00","modified":"Updated on 8 de setembre de 2023 11:37"},"featured_img_caption":"","series_order":"","show_in_app":true,"fecha_inicio_destacado":null,"hora_inicio_visualizacion":null,"minutos_inicio_visualizacion":null,"fecha_final_destacado":null,"hora_final_visualizacion":null,"minutos_final_visualizacion":null,"posicion_visualizacion":null,"estado_destacado":null,"niveles_destacados":null,"url_del_enlace":null,"banner_destacado":null,"posicion_visualizacion_de_la_noticia":"01","estado_noticia":["Visible"],"fecha_de_inicio_de_visualizacion_del_tutorial":null,"hora_inicio_visualizacion_tutorial":null,"minutos_inicio_visualizacion_tutorial":null,"fecha_de_final_de_visualizacion_del_tutorial":null,"hora_final_visualizacion_tutorial":null,"minutos_final_visualizacion_tutorial":null,"numero_de_veces_visto":null,"numero_de_veces_total":null,"niveles_tutorial":null,"tutorial_recursos_castellano":null,"tutorial_recursos_catalan":null,"dias_disponibles":null,"dias_de_la_semana":null,"dias_del_mes":null,"other_lang_post_id":9763,"lang":"ca","campanya_descripcion":null,"campanya_fecha_inicio":null,"campanya_fecha_fin":null,"campanya_legales":null,"campanya_imagen":null,"campanya_characteristics":null,"campanya_url":null,"campanya_posicion_visualizacion":null,"campanya_estado":null,"_links":{"self":[{"href":"https:\/\/www.ametllerorigenwp.com\/ca\/wp-json\/wp\/v2\/posts\/9759","targetHints":{"allow":["GET"]}}],"collection":[{"href":"https:\/\/www.ametllerorigenwp.com\/ca\/wp-json\/wp\/v2\/posts"}],"about":[{"href":"https:\/\/www.ametllerorigenwp.com\/ca\/wp-json\/wp\/v2\/types\/post"}],"author":[{"embeddable":true,"href":"https:\/\/www.ametllerorigenwp.com\/ca\/wp-json\/wp\/v2\/users\/3"}],"replies":[{"embeddable":true,"href":"https:\/\/www.ametllerorigenwp.com\/ca\/wp-json\/wp\/v2\/comments?post=9759"}],"version-history":[{"count":1,"href":"https:\/\/www.ametllerorigenwp.com\/ca\/wp-json\/wp\/v2\/posts\/9759\/revisions"}],"predecessor-version":[{"id":9762,"href":"https:\/\/www.ametllerorigenwp.com\/ca\/wp-json\/wp\/v2\/posts\/9759\/revisions\/9762"}],"wp:featuredmedia":[{"embeddable":true,"href":"https:\/\/www.ametllerorigenwp.com\/ca\/wp-json\/wp\/v2\/media\/9760"}],"wp:attachment":[{"href":"https:\/\/www.ametllerorigenwp.com\/ca\/wp-json\/wp\/v2\/media?parent=9759"}],"wp:term":[{"taxonomy":"category","embeddable":true,"href":"https:\/\/www.ametllerorigenwp.com\/ca\/wp-json\/wp\/v2\/categories?post=9759"},{"taxonomy":"post_tag","embeddable":true,"href":"https:\/\/www.ametllerorigenwp.com\/ca\/wp-json\/wp\/v2\/tags?post=9759"}],"curies":[{"name":"wp","href":"https:\/\/api.w.org\/{rel}","templated":true}]}}