{"id":979,"date":"2021-03-01T20:46:53","date_gmt":"2021-03-01T20:46:53","guid":{"rendered":"https:\/\/www.ametllerorigenwp.com\/?p=979"},"modified":"2021-03-04T16:42:15","modified_gmt":"2021-03-04T16:42:15","slug":"sorteig-dun-viatge-a-mallorca-amb-la-nova-promocio-tradicio-balear","status":"publish","type":"post","link":"https:\/\/www.ametllerorigenwp.com\/ca\/sorteig-dun-viatge-a-mallorca-amb-la-nova-promocio-tradicio-balear\/","title":{"rendered":"Sortegem un viatge a Mallorca amb la campanya Tradici\u00f3 Balear!"},"content":{"rendered":"\n<p>A Ametller Origen ens encanten les tradicions gastron\u00f2miques i tastar aquells sabors que ens transporten a altres indrets. Per aix\u00f2, t\u2019apropem <strong>a les nostres botigues els productes tradicionals de les Illes Balears<\/strong>, perqu\u00e8 tu tamb\u00e9 puguis tastar els seus sabors m\u00e9s aut\u00f2ctons i artesanals: ensa\u00efmades, sobrassades, formatge de Ma\u00f3 i altres petites exquisideses com les Quelitas.<\/p>\n\n\n\n<p><strong>Entre tots els socis del Club que comprin, del 2 al 15 de mar\u00e7, algun dels productes inclosos a la campanya Illes Balears <\/strong>-tant a les nostres botigues f\u00edsiques com a la <a href=\"https:\/\/www.ametllerorigen.com\/ca\/\" target=\"_blank\" rel=\"noreferrer noopener\">botiga online<\/a>&#8211; <strong>sortegem un cap de setmana a Mallorca per a dues persones!<\/strong><\/p>\n\n\n\n<p>El premi inclou els bitllets d\u2019avi\u00f3 per a dues persones a Mallorca, mitja pensi\u00f3 en un hotel de 4* i un esmorzar a l\u2019ancestral f\u00e0brica Horno de Santo Cristo, amb degustaci\u00f3 de productes mallorquins.<\/p>\n\n\n\n<p><strong>Viatja amb Ametller Origen i deixa que les Illes Balears envaeixin els teus sentits.<\/strong><\/p>\n","protected":false},"excerpt":{"rendered":"<p>A Ametller Origen ens encanten les tradicions gastron\u00f2miques i tastar aquells sabors que ens transporten a altres indrets. Per aix\u00f2, t\u2019apropem a les nostres botigues els productes tradicionals de les Illes Balears, perqu\u00e8 tu tamb\u00e9 puguis tastar els seus sabors m\u00e9s aut\u00f2ctons i artesanals: ensa\u00efmades, sobrassades, formatge de Ma\u00f3 i altres petites exquisideses com les &hellip; <a href=\"https:\/\/www.ametllerorigenwp.com\/ca\/sorteig-dun-viatge-a-mallorca-amb-la-nova-promocio-tradicio-balear\/\" class=\"more-link\">Continua llegint <span class=\"screen-reader-text\">\u00abSortegem un viatge a Mallorca amb la campanya Tradici\u00f3 Balear!\u00bb<\/span><\/a><\/p>\n","protected":false},"author":5,"featured_media":1051,"comment_status":"open","ping_status":"open","sticky":false,"template":"","format":"standard","meta":{"_uag_custom_page_level_css":"","advgb_blocks_editor_width":"","advgb_blocks_columns_visual_guide":"","footnotes":""},"categories":[2],"tags":[],"class_list":["post-979","post","type-post","status-publish","format-standard","has-post-thumbnail","hentry","category-noticies"],"author_meta":{"display_name":"Mireia Zaragoza","author_link":"https:\/\/www.ametllerorigenwp.com\/ca\/author\/mzaragoza\/"},"featured_img":"https:\/\/www.ametllerorigenwp.com\/wp-content\/uploads\/2021\/03\/balears_APP_1-w-300x200.jpg","uagb_featured_image_src":{"full":["https:\/\/www.ametllerorigenwp.com\/wp-content\/uploads\/2021\/03\/balears_APP_1-w.jpg",1200,800,false],"thumbnail":["https:\/\/www.ametllerorigenwp.com\/wp-content\/uploads\/2021\/03\/balears_APP_1-w-150x150.jpg",150,150,true],"medium":["https:\/\/www.ametllerorigenwp.com\/wp-content\/uploads\/2021\/03\/balears_APP_1-w-300x200.jpg",300,200,true],"medium_large":["https:\/\/www.ametllerorigenwp.com\/wp-content\/uploads\/2021\/03\/balears_APP_1-w-768x512.jpg",768,512,true],"large":["https:\/\/www.ametllerorigenwp.com\/wp-content\/uploads\/2021\/03\/balears_APP_1-w-1024x683.jpg",840,560,true],"1536x1536":["https:\/\/www.ametllerorigenwp.com\/wp-content\/uploads\/2021\/03\/balears_APP_1-w.jpg",1200,800,false],"2048x2048":["https:\/\/www.ametllerorigenwp.com\/wp-content\/uploads\/2021\/03\/balears_APP_1-w.jpg",1200,800,false],"post-thumbnail":["https:\/\/www.ametllerorigenwp.com\/wp-content\/uploads\/2021\/03\/balears_APP_1-w.jpg",1200,800,false]},"uagb_author_info":{"display_name":"Mireia Zaragoza","author_link":"https:\/\/www.ametllerorigenwp.com\/ca\/author\/mzaragoza\/"},"uagb_comment_info":0,"uagb_excerpt":"A Ametller Origen ens encanten les tradicions gastron\u00f2miques i tastar aquells sabors que ens transporten a altres indrets. Per aix\u00f2, t\u2019apropem a les nostres botigues els productes tradicionals de les Illes Balears, perqu\u00e8 tu tamb\u00e9 puguis tastar els seus sabors m\u00e9s aut\u00f2ctons i artesanals: ensa\u00efmades, sobrassades, formatge de Ma\u00f3 i altres petites exquisideses com les&hellip;","coauthors":[],"tax_additional":{"categories":{"linked":["<a href=\"https:\/\/www.ametllerorigenwp.com\/ca\/category\/noticies\/\" class=\"advgb-post-tax-term\">Noticies<\/a>"],"unlinked":["<span class=\"advgb-post-tax-term\">Noticies<\/span>"]}},"comment_count":"0","relative_dates":{"created":"Posted 5 anys ago","modified":"Updated 5 anys ago"},"absolute_dates":{"created":"Posted on 1 de mar\u00e7 de 2021","modified":"Updated on 4 de mar\u00e7 de 2021"},"absolute_dates_time":{"created":"Posted on 1 de mar\u00e7 de 2021 20:46","modified":"Updated on 4 de mar\u00e7 de 2021 16:42"},"featured_img_caption":"","series_order":"","show_in_app":true,"fecha_inicio_destacado":null,"hora_inicio_visualizacion":null,"minutos_inicio_visualizacion":null,"fecha_final_destacado":null,"hora_final_visualizacion":null,"minutos_final_visualizacion":null,"posicion_visualizacion":null,"estado_destacado":null,"niveles_destacados":null,"url_del_enlace":null,"banner_destacado":null,"posicion_visualizacion_de_la_noticia":null,"estado_noticia":null,"fecha_de_inicio_de_visualizacion_del_tutorial":null,"hora_inicio_visualizacion_tutorial":null,"minutos_inicio_visualizacion_tutorial":null,"fecha_de_final_de_visualizacion_del_tutorial":null,"hora_final_visualizacion_tutorial":null,"minutos_final_visualizacion_tutorial":null,"numero_de_veces_visto":null,"numero_de_veces_total":null,"niveles_tutorial":null,"tutorial_recursos_castellano":null,"tutorial_recursos_catalan":null,"dias_disponibles":null,"dias_de_la_semana":null,"dias_del_mes":null,"other_lang_post_id":null,"lang":"ca","campanya_descripcion":null,"campanya_fecha_inicio":null,"campanya_fecha_fin":null,"campanya_legales":null,"campanya_imagen":null,"campanya_characteristics":null,"campanya_url":null,"campanya_posicion_visualizacion":null,"campanya_estado":null,"_links":{"self":[{"href":"https:\/\/www.ametllerorigenwp.com\/ca\/wp-json\/wp\/v2\/posts\/979","targetHints":{"allow":["GET"]}}],"collection":[{"href":"https:\/\/www.ametllerorigenwp.com\/ca\/wp-json\/wp\/v2\/posts"}],"about":[{"href":"https:\/\/www.ametllerorigenwp.com\/ca\/wp-json\/wp\/v2\/types\/post"}],"author":[{"embeddable":true,"href":"https:\/\/www.ametllerorigenwp.com\/ca\/wp-json\/wp\/v2\/users\/5"}],"replies":[{"embeddable":true,"href":"https:\/\/www.ametllerorigenwp.com\/ca\/wp-json\/wp\/v2\/comments?post=979"}],"version-history":[{"count":2,"href":"https:\/\/www.ametllerorigenwp.com\/ca\/wp-json\/wp\/v2\/posts\/979\/revisions"}],"predecessor-version":[{"id":1029,"href":"https:\/\/www.ametllerorigenwp.com\/ca\/wp-json\/wp\/v2\/posts\/979\/revisions\/1029"}],"wp:featuredmedia":[{"embeddable":true,"href":"https:\/\/www.ametllerorigenwp.com\/ca\/wp-json\/wp\/v2\/media\/1051"}],"wp:attachment":[{"href":"https:\/\/www.ametllerorigenwp.com\/ca\/wp-json\/wp\/v2\/media?parent=979"}],"wp:term":[{"taxonomy":"category","embeddable":true,"href":"https:\/\/www.ametllerorigenwp.com\/ca\/wp-json\/wp\/v2\/categories?post=979"},{"taxonomy":"post_tag","embeddable":true,"href":"https:\/\/www.ametllerorigenwp.com\/ca\/wp-json\/wp\/v2\/tags?post=979"}],"curies":[{"name":"wp","href":"https:\/\/api.w.org\/{rel}","templated":true}]}}