{"id":9830,"date":"2023-09-20T01:00:19","date_gmt":"2023-09-20T01:00:19","guid":{"rendered":"https:\/\/www.ametllerorigenwp.com\/?p=9830"},"modified":"2023-09-18T11:41:23","modified_gmt":"2023-09-18T11:41:23","slug":"la-figa-una-fruita-de-temporada-que-millora-el-transit-intestinal","status":"publish","type":"post","link":"https:\/\/www.ametllerorigenwp.com\/ca\/la-figa-una-fruita-de-temporada-que-millora-el-transit-intestinal\/","title":{"rendered":"La figa, una fruita de temporada que millora el tr\u00e0nsit intestinal"},"content":{"rendered":"<p>De consist\u00e8ncia tova, forma arrodonida amb la base plana i la pell fina, <strong>la figa \u00e9s una de les fruites de temporada per excel\u00b7l\u00e8ncia plena de beneficis per l\u2019organisme<\/strong>. Te\u2019ls expliquem a continuaci\u00f3!<\/p>\n<ul>\n<li><strong>Elevat contingut en fibra<\/strong>: Ajuda a millorar el tr\u00e0nsit intestinal i la salut digestiva.<\/li>\n<li><strong>Rica en vitamina B6<\/strong>: Aquesta vitamina \u00e9s important per mantenir el sistema nervi\u00f3s i immunitari saludables.<\/li>\n<li><strong>Font de vitamina C<\/strong>: Un potent antioxidant molt bo per a la pell i els ossos.<\/li>\n<li><strong>Font de minerals<\/strong>: Cont\u00e9 potassi i calci, molt benefici\u00f3s per als m\u00fasculs i els ossos, respectivament.<\/li>\n<\/ul>\n<p>&nbsp;<\/p>\n<p>Gaudeix de les nostres figues ara que es troben en promoci\u00f3 a la teva botiga habitual o a la <a href=\"https:\/\/www.ametllerorigen.com\/ca\/fruita\/raims-figues-i-fruits-vermells\">botiga online<\/a>!<\/p>\n","protected":false},"excerpt":{"rendered":"<p>De consist\u00e8ncia tova, forma arrodonida amb la base plana i la pell fina, la figa \u00e9s una de les fruites de temporada per excel\u00b7l\u00e8ncia plena de beneficis per l\u2019organisme. Te\u2019ls expliquem a continuaci\u00f3! Elevat contingut en fibra: Ajuda a millorar el tr\u00e0nsit intestinal i la salut digestiva. Rica en vitamina B6: Aquesta vitamina \u00e9s important &hellip; <a href=\"https:\/\/www.ametllerorigenwp.com\/ca\/la-figa-una-fruita-de-temporada-que-millora-el-transit-intestinal\/\" class=\"more-link\">Continua llegint <span class=\"screen-reader-text\">\u00abLa figa, una fruita de temporada que millora el tr\u00e0nsit intestinal\u00bb<\/span><\/a><\/p>\n","protected":false},"author":5,"featured_media":9823,"comment_status":"closed","ping_status":"closed","sticky":false,"template":"","format":"standard","meta":{"_uag_custom_page_level_css":"","advgb_blocks_editor_width":"","advgb_blocks_columns_visual_guide":"","footnotes":""},"categories":[2],"tags":[],"class_list":["post-9830","post","type-post","status-publish","format-standard","has-post-thumbnail","hentry","category-noticies"],"author_meta":{"display_name":"Mireia Zaragoza","author_link":"https:\/\/www.ametllerorigenwp.com\/ca\/author\/mzaragoza\/"},"featured_img":"https:\/\/www.ametllerorigenwp.com\/wp-content\/uploads\/2023\/09\/app_figues2-300x102.jpg","uagb_featured_image_src":{"full":["https:\/\/www.ametllerorigenwp.com\/wp-content\/uploads\/2023\/09\/app_figues2.jpg",1000,340,false],"thumbnail":["https:\/\/www.ametllerorigenwp.com\/wp-content\/uploads\/2023\/09\/app_figues2-150x150.jpg",150,150,true],"medium":["https:\/\/www.ametllerorigenwp.com\/wp-content\/uploads\/2023\/09\/app_figues2-300x102.jpg",300,102,true],"medium_large":["https:\/\/www.ametllerorigenwp.com\/wp-content\/uploads\/2023\/09\/app_figues2-768x261.jpg",768,261,true],"large":["https:\/\/www.ametllerorigenwp.com\/wp-content\/uploads\/2023\/09\/app_figues2.jpg",840,286,false],"1536x1536":["https:\/\/www.ametllerorigenwp.com\/wp-content\/uploads\/2023\/09\/app_figues2.jpg",1000,340,false],"2048x2048":["https:\/\/www.ametllerorigenwp.com\/wp-content\/uploads\/2023\/09\/app_figues2.jpg",1000,340,false],"post-thumbnail":["https:\/\/www.ametllerorigenwp.com\/wp-content\/uploads\/2023\/09\/app_figues2.jpg",1000,340,false]},"uagb_author_info":{"display_name":"Mireia Zaragoza","author_link":"https:\/\/www.ametllerorigenwp.com\/ca\/author\/mzaragoza\/"},"uagb_comment_info":0,"uagb_excerpt":"De consist\u00e8ncia tova, forma arrodonida amb la base plana i la pell fina, la figa \u00e9s una de les fruites de temporada per excel\u00b7l\u00e8ncia plena de beneficis per l\u2019organisme. Te\u2019ls expliquem a continuaci\u00f3! Elevat contingut en fibra: Ajuda a millorar el tr\u00e0nsit intestinal i la salut digestiva. Rica en vitamina B6: Aquesta vitamina \u00e9s important&hellip;","coauthors":[],"tax_additional":{"categories":{"linked":["<a href=\"https:\/\/www.ametllerorigenwp.com\/ca\/category\/noticies\/\" class=\"advgb-post-tax-term\">Noticies<\/a>"],"unlinked":["<span class=\"advgb-post-tax-term\">Noticies<\/span>"]}},"comment_count":"0","relative_dates":{"created":"Posted 3 anys ago","modified":"Updated 3 anys ago"},"absolute_dates":{"created":"Posted on 20 de setembre de 2023","modified":"Updated on 18 de setembre de 2023"},"absolute_dates_time":{"created":"Posted on 20 de setembre de 2023 01:00","modified":"Updated on 18 de setembre de 2023 11:41"},"featured_img_caption":"","series_order":"","show_in_app":true,"fecha_inicio_destacado":null,"hora_inicio_visualizacion":null,"minutos_inicio_visualizacion":null,"fecha_final_destacado":null,"hora_final_visualizacion":null,"minutos_final_visualizacion":null,"posicion_visualizacion":null,"estado_destacado":null,"niveles_destacados":null,"url_del_enlace":null,"banner_destacado":null,"posicion_visualizacion_de_la_noticia":"01","estado_noticia":["Visible"],"fecha_de_inicio_de_visualizacion_del_tutorial":null,"hora_inicio_visualizacion_tutorial":null,"minutos_inicio_visualizacion_tutorial":null,"fecha_de_final_de_visualizacion_del_tutorial":null,"hora_final_visualizacion_tutorial":null,"minutos_final_visualizacion_tutorial":null,"numero_de_veces_visto":null,"numero_de_veces_total":null,"niveles_tutorial":null,"tutorial_recursos_castellano":null,"tutorial_recursos_catalan":null,"dias_disponibles":null,"dias_de_la_semana":null,"dias_del_mes":null,"other_lang_post_id":null,"lang":"ca","campanya_descripcion":null,"campanya_fecha_inicio":null,"campanya_fecha_fin":null,"campanya_legales":null,"campanya_imagen":null,"campanya_characteristics":null,"campanya_url":null,"campanya_posicion_visualizacion":null,"campanya_estado":null,"_links":{"self":[{"href":"https:\/\/www.ametllerorigenwp.com\/ca\/wp-json\/wp\/v2\/posts\/9830","targetHints":{"allow":["GET"]}}],"collection":[{"href":"https:\/\/www.ametllerorigenwp.com\/ca\/wp-json\/wp\/v2\/posts"}],"about":[{"href":"https:\/\/www.ametllerorigenwp.com\/ca\/wp-json\/wp\/v2\/types\/post"}],"author":[{"embeddable":true,"href":"https:\/\/www.ametllerorigenwp.com\/ca\/wp-json\/wp\/v2\/users\/5"}],"replies":[{"embeddable":true,"href":"https:\/\/www.ametllerorigenwp.com\/ca\/wp-json\/wp\/v2\/comments?post=9830"}],"version-history":[{"count":1,"href":"https:\/\/www.ametllerorigenwp.com\/ca\/wp-json\/wp\/v2\/posts\/9830\/revisions"}],"predecessor-version":[{"id":9831,"href":"https:\/\/www.ametllerorigenwp.com\/ca\/wp-json\/wp\/v2\/posts\/9830\/revisions\/9831"}],"wp:featuredmedia":[{"embeddable":true,"href":"https:\/\/www.ametllerorigenwp.com\/ca\/wp-json\/wp\/v2\/media\/9823"}],"wp:attachment":[{"href":"https:\/\/www.ametllerorigenwp.com\/ca\/wp-json\/wp\/v2\/media?parent=9830"}],"wp:term":[{"taxonomy":"category","embeddable":true,"href":"https:\/\/www.ametllerorigenwp.com\/ca\/wp-json\/wp\/v2\/categories?post=9830"},{"taxonomy":"post_tag","embeddable":true,"href":"https:\/\/www.ametllerorigenwp.com\/ca\/wp-json\/wp\/v2\/tags?post=9830"}],"curies":[{"name":"wp","href":"https:\/\/api.w.org\/{rel}","templated":true}]}}