{"id":9838,"date":"2023-09-21T01:00:25","date_gmt":"2023-09-21T01:00:25","guid":{"rendered":"https:\/\/www.ametllerorigenwp.com\/?p=9838"},"modified":"2023-09-18T11:43:53","modified_gmt":"2023-09-18T11:43:53","slug":"cheesecake-amb-melmelada-de-tomaco-una-delicia-dolca-per-al-cap-de-setmana","status":"publish","type":"post","link":"https:\/\/www.ametllerorigenwp.com\/ca\/cheesecake-amb-melmelada-de-tomaco-una-delicia-dolca-per-al-cap-de-setmana\/","title":{"rendered":"Cheesecake amb melmelada de tomac\u00f3, una del\u00edcia dol\u00e7a per al cap de setmana"},"content":{"rendered":"<p><strong>Si est\u00e0s pensant a endolcir el teu cap de setmana, no et pots perdre aquest <a href=\"https:\/\/www.instagram.com\/reel\/CwqQChcKRE-\/?igshid=MTc4MmM1YmI2Ng%3D%3D\">cheesecake amb melmelada de tomac\u00f3 i gerds<\/a> que et proposa el Cintet! <\/strong><\/p>\n<p>Amb una deliciosa cobertura de temporada, sense forn i ideal per preparar-la amb els m\u00e9s petits de la casa.<\/p>\n","protected":false},"excerpt":{"rendered":"<p>Si est\u00e0s pensant a endolcir el teu cap de setmana, no et pots perdre aquest cheesecake amb melmelada de tomac\u00f3 i gerds que et proposa el Cintet! Amb una deliciosa cobertura de temporada, sense forn i ideal per preparar-la amb els m\u00e9s petits de la casa.<\/p>\n","protected":false},"author":5,"featured_media":9836,"comment_status":"closed","ping_status":"closed","sticky":false,"template":"","format":"standard","meta":{"_uag_custom_page_level_css":"","advgb_blocks_editor_width":"","advgb_blocks_columns_visual_guide":"","footnotes":""},"categories":[2],"tags":[],"class_list":["post-9838","post","type-post","status-publish","format-standard","has-post-thumbnail","hentry","category-noticies"],"author_meta":{"display_name":"Mireia Zaragoza","author_link":"https:\/\/www.ametllerorigenwp.com\/ca\/author\/mzaragoza\/"},"featured_img":"https:\/\/www.ametllerorigenwp.com\/wp-content\/uploads\/2023\/09\/iStock-512276480-300x102.png","uagb_featured_image_src":{"full":["https:\/\/www.ametllerorigenwp.com\/wp-content\/uploads\/2023\/09\/iStock-512276480.png",1000,340,false],"thumbnail":["https:\/\/www.ametllerorigenwp.com\/wp-content\/uploads\/2023\/09\/iStock-512276480-150x150.png",150,150,true],"medium":["https:\/\/www.ametllerorigenwp.com\/wp-content\/uploads\/2023\/09\/iStock-512276480-300x102.png",300,102,true],"medium_large":["https:\/\/www.ametllerorigenwp.com\/wp-content\/uploads\/2023\/09\/iStock-512276480-768x261.png",768,261,true],"large":["https:\/\/www.ametllerorigenwp.com\/wp-content\/uploads\/2023\/09\/iStock-512276480.png",840,286,false],"1536x1536":["https:\/\/www.ametllerorigenwp.com\/wp-content\/uploads\/2023\/09\/iStock-512276480.png",1000,340,false],"2048x2048":["https:\/\/www.ametllerorigenwp.com\/wp-content\/uploads\/2023\/09\/iStock-512276480.png",1000,340,false],"post-thumbnail":["https:\/\/www.ametllerorigenwp.com\/wp-content\/uploads\/2023\/09\/iStock-512276480.png",1000,340,false]},"uagb_author_info":{"display_name":"Mireia Zaragoza","author_link":"https:\/\/www.ametllerorigenwp.com\/ca\/author\/mzaragoza\/"},"uagb_comment_info":0,"uagb_excerpt":"Si est\u00e0s pensant a endolcir el teu cap de setmana, no et pots perdre aquest cheesecake amb melmelada de tomac\u00f3 i gerds que et proposa el Cintet! Amb una deliciosa cobertura de temporada, sense forn i ideal per preparar-la amb els m\u00e9s petits de la casa.","coauthors":[],"tax_additional":{"categories":{"linked":["<a href=\"https:\/\/www.ametllerorigenwp.com\/ca\/category\/noticies\/\" class=\"advgb-post-tax-term\">Noticies<\/a>"],"unlinked":["<span class=\"advgb-post-tax-term\">Noticies<\/span>"]}},"comment_count":"0","relative_dates":{"created":"Posted 3 anys ago","modified":"Updated 3 anys ago"},"absolute_dates":{"created":"Posted on 21 de setembre de 2023","modified":"Updated on 18 de setembre de 2023"},"absolute_dates_time":{"created":"Posted on 21 de setembre de 2023 01:00","modified":"Updated on 18 de setembre de 2023 11:43"},"featured_img_caption":"","series_order":"","show_in_app":true,"fecha_inicio_destacado":null,"hora_inicio_visualizacion":null,"minutos_inicio_visualizacion":null,"fecha_final_destacado":null,"hora_final_visualizacion":null,"minutos_final_visualizacion":null,"posicion_visualizacion":null,"estado_destacado":null,"niveles_destacados":null,"url_del_enlace":null,"banner_destacado":null,"posicion_visualizacion_de_la_noticia":"01","estado_noticia":["Visible"],"fecha_de_inicio_de_visualizacion_del_tutorial":null,"hora_inicio_visualizacion_tutorial":null,"minutos_inicio_visualizacion_tutorial":null,"fecha_de_final_de_visualizacion_del_tutorial":null,"hora_final_visualizacion_tutorial":null,"minutos_final_visualizacion_tutorial":null,"numero_de_veces_visto":null,"numero_de_veces_total":null,"niveles_tutorial":null,"tutorial_recursos_castellano":null,"tutorial_recursos_catalan":null,"dias_disponibles":null,"dias_de_la_semana":null,"dias_del_mes":null,"other_lang_post_id":null,"lang":"ca","campanya_descripcion":null,"campanya_fecha_inicio":null,"campanya_fecha_fin":null,"campanya_legales":null,"campanya_imagen":null,"campanya_characteristics":null,"campanya_url":null,"campanya_posicion_visualizacion":null,"campanya_estado":null,"_links":{"self":[{"href":"https:\/\/www.ametllerorigenwp.com\/ca\/wp-json\/wp\/v2\/posts\/9838","targetHints":{"allow":["GET"]}}],"collection":[{"href":"https:\/\/www.ametllerorigenwp.com\/ca\/wp-json\/wp\/v2\/posts"}],"about":[{"href":"https:\/\/www.ametllerorigenwp.com\/ca\/wp-json\/wp\/v2\/types\/post"}],"author":[{"embeddable":true,"href":"https:\/\/www.ametllerorigenwp.com\/ca\/wp-json\/wp\/v2\/users\/5"}],"replies":[{"embeddable":true,"href":"https:\/\/www.ametllerorigenwp.com\/ca\/wp-json\/wp\/v2\/comments?post=9838"}],"version-history":[{"count":1,"href":"https:\/\/www.ametllerorigenwp.com\/ca\/wp-json\/wp\/v2\/posts\/9838\/revisions"}],"predecessor-version":[{"id":9839,"href":"https:\/\/www.ametllerorigenwp.com\/ca\/wp-json\/wp\/v2\/posts\/9838\/revisions\/9839"}],"wp:featuredmedia":[{"embeddable":true,"href":"https:\/\/www.ametllerorigenwp.com\/ca\/wp-json\/wp\/v2\/media\/9836"}],"wp:attachment":[{"href":"https:\/\/www.ametllerorigenwp.com\/ca\/wp-json\/wp\/v2\/media?parent=9838"}],"wp:term":[{"taxonomy":"category","embeddable":true,"href":"https:\/\/www.ametllerorigenwp.com\/ca\/wp-json\/wp\/v2\/categories?post=9838"},{"taxonomy":"post_tag","embeddable":true,"href":"https:\/\/www.ametllerorigenwp.com\/ca\/wp-json\/wp\/v2\/tags?post=9838"}],"curies":[{"name":"wp","href":"https:\/\/api.w.org\/{rel}","templated":true}]}}