{"id":9840,"date":"2023-09-22T01:00:05","date_gmt":"2023-09-22T01:00:05","guid":{"rendered":"https:\/\/www.ametllerorigenwp.com\/?p=9840"},"modified":"2023-09-22T06:34:12","modified_gmt":"2023-09-22T06:34:12","slug":"et-convidem-a-la-i-festa-del-tomaquet-de-viladecans","status":"publish","type":"post","link":"https:\/\/www.ametllerorigenwp.com\/ca\/et-convidem-a-la-i-festa-del-tomaquet-de-viladecans\/","title":{"rendered":"Amant del tom\u00e0quet, aquesta festa \u00e9s per a tu!"},"content":{"rendered":"<p><strong>No et perdis la I Festa del Tom\u00e0quet de Viladecans amb el tom\u00e0quet cherry de Viladecans i el Tip Top com a varietats protagonistes<\/strong>.<\/p>\n<p><strong>Vine el proper dissabte 30 de setembre a la Pla\u00e7a de la Mediterr\u00e0nia al C\u00fabic de Viladecans i gaudeix d\u2019un dia ple d\u2019activitats culin\u00e0ries, gastron\u00f2miques, degustacions, cinema i un gran repte: aconseguir el tast de tom\u00e0quets simultani m\u00e9s gran del m\u00f3n<\/strong>. Et necessitem per fer-ho possible!<\/p>\n<p>Apunta\u2019t a totes les activitats en qu\u00e8 vulguis participar <a href=\"https:\/\/mercat-autors.ametllerorigen.com\/\">aqu\u00ed<\/a>. N\u2019hi ha per tota la fam\u00edlia!<\/p>\n","protected":false},"excerpt":{"rendered":"<p>No et perdis la I Festa del Tom\u00e0quet de Viladecans amb el tom\u00e0quet cherry de Viladecans i el Tip Top com a varietats protagonistes. Vine el proper dissabte 30 de setembre a la Pla\u00e7a de la Mediterr\u00e0nia al C\u00fabic de Viladecans i gaudeix d\u2019un dia ple d\u2019activitats culin\u00e0ries, gastron\u00f2miques, degustacions, cinema i un gran repte: &hellip; <a href=\"https:\/\/www.ametllerorigenwp.com\/ca\/et-convidem-a-la-i-festa-del-tomaquet-de-viladecans\/\" class=\"more-link\">Continua llegint <span class=\"screen-reader-text\">\u00abAmant del tom\u00e0quet, aquesta festa \u00e9s per a tu!\u00bb<\/span><\/a><\/p>\n","protected":false},"author":5,"featured_media":9858,"comment_status":"closed","ping_status":"closed","sticky":false,"template":"","format":"standard","meta":{"_uag_custom_page_level_css":"","advgb_blocks_editor_width":"","advgb_blocks_columns_visual_guide":"","footnotes":""},"categories":[2],"tags":[],"class_list":["post-9840","post","type-post","status-publish","format-standard","has-post-thumbnail","hentry","category-noticies"],"author_meta":{"display_name":"Mireia Zaragoza","author_link":"https:\/\/www.ametllerorigenwp.com\/ca\/author\/mzaragoza\/"},"featured_img":"https:\/\/www.ametllerorigenwp.com\/wp-content\/uploads\/2023\/09\/B_APP_FESTA_DEL_TOMAQUET_CA-300x105.jpg","uagb_featured_image_src":{"full":["https:\/\/www.ametllerorigenwp.com\/wp-content\/uploads\/2023\/09\/B_APP_FESTA_DEL_TOMAQUET_CA.jpg",1422,498,false],"thumbnail":["https:\/\/www.ametllerorigenwp.com\/wp-content\/uploads\/2023\/09\/B_APP_FESTA_DEL_TOMAQUET_CA-150x150.jpg",150,150,true],"medium":["https:\/\/www.ametllerorigenwp.com\/wp-content\/uploads\/2023\/09\/B_APP_FESTA_DEL_TOMAQUET_CA-300x105.jpg",300,105,true],"medium_large":["https:\/\/www.ametllerorigenwp.com\/wp-content\/uploads\/2023\/09\/B_APP_FESTA_DEL_TOMAQUET_CA-768x269.jpg",768,269,true],"large":["https:\/\/www.ametllerorigenwp.com\/wp-content\/uploads\/2023\/09\/B_APP_FESTA_DEL_TOMAQUET_CA-1024x359.jpg",840,294,true],"1536x1536":["https:\/\/www.ametllerorigenwp.com\/wp-content\/uploads\/2023\/09\/B_APP_FESTA_DEL_TOMAQUET_CA.jpg",1422,498,false],"2048x2048":["https:\/\/www.ametllerorigenwp.com\/wp-content\/uploads\/2023\/09\/B_APP_FESTA_DEL_TOMAQUET_CA.jpg",1422,498,false],"post-thumbnail":["https:\/\/www.ametllerorigenwp.com\/wp-content\/uploads\/2023\/09\/B_APP_FESTA_DEL_TOMAQUET_CA-1200x420.jpg",1200,420,true]},"uagb_author_info":{"display_name":"Mireia Zaragoza","author_link":"https:\/\/www.ametllerorigenwp.com\/ca\/author\/mzaragoza\/"},"uagb_comment_info":0,"uagb_excerpt":"No et perdis la I Festa del Tom\u00e0quet de Viladecans amb el tom\u00e0quet cherry de Viladecans i el Tip Top com a varietats protagonistes. Vine el proper dissabte 30 de setembre a la Pla\u00e7a de la Mediterr\u00e0nia al C\u00fabic de Viladecans i gaudeix d\u2019un dia ple d\u2019activitats culin\u00e0ries, gastron\u00f2miques, degustacions, cinema i un gran repte:&hellip;","coauthors":[],"tax_additional":{"categories":{"linked":["<a href=\"https:\/\/www.ametllerorigenwp.com\/ca\/category\/noticies\/\" class=\"advgb-post-tax-term\">Noticies<\/a>"],"unlinked":["<span class=\"advgb-post-tax-term\">Noticies<\/span>"]}},"comment_count":"0","relative_dates":{"created":"Posted 3 anys ago","modified":"Updated 3 anys ago"},"absolute_dates":{"created":"Posted on 22 de setembre de 2023","modified":"Updated on 22 de setembre de 2023"},"absolute_dates_time":{"created":"Posted on 22 de setembre de 2023 01:00","modified":"Updated on 22 de setembre de 2023 06:34"},"featured_img_caption":"","series_order":"","show_in_app":true,"fecha_inicio_destacado":null,"hora_inicio_visualizacion":null,"minutos_inicio_visualizacion":null,"fecha_final_destacado":null,"hora_final_visualizacion":null,"minutos_final_visualizacion":null,"posicion_visualizacion":null,"estado_destacado":null,"niveles_destacados":null,"url_del_enlace":null,"banner_destacado":null,"posicion_visualizacion_de_la_noticia":"01","estado_noticia":["Visible"],"fecha_de_inicio_de_visualizacion_del_tutorial":null,"hora_inicio_visualizacion_tutorial":null,"minutos_inicio_visualizacion_tutorial":null,"fecha_de_final_de_visualizacion_del_tutorial":null,"hora_final_visualizacion_tutorial":null,"minutos_final_visualizacion_tutorial":null,"numero_de_veces_visto":null,"numero_de_veces_total":null,"niveles_tutorial":null,"tutorial_recursos_castellano":null,"tutorial_recursos_catalan":null,"dias_disponibles":null,"dias_de_la_semana":null,"dias_del_mes":null,"other_lang_post_id":null,"lang":"ca","campanya_descripcion":null,"campanya_fecha_inicio":null,"campanya_fecha_fin":null,"campanya_legales":null,"campanya_imagen":null,"campanya_characteristics":null,"campanya_url":null,"campanya_posicion_visualizacion":null,"campanya_estado":null,"_links":{"self":[{"href":"https:\/\/www.ametllerorigenwp.com\/ca\/wp-json\/wp\/v2\/posts\/9840","targetHints":{"allow":["GET"]}}],"collection":[{"href":"https:\/\/www.ametllerorigenwp.com\/ca\/wp-json\/wp\/v2\/posts"}],"about":[{"href":"https:\/\/www.ametllerorigenwp.com\/ca\/wp-json\/wp\/v2\/types\/post"}],"author":[{"embeddable":true,"href":"https:\/\/www.ametllerorigenwp.com\/ca\/wp-json\/wp\/v2\/users\/5"}],"replies":[{"embeddable":true,"href":"https:\/\/www.ametllerorigenwp.com\/ca\/wp-json\/wp\/v2\/comments?post=9840"}],"version-history":[{"count":2,"href":"https:\/\/www.ametllerorigenwp.com\/ca\/wp-json\/wp\/v2\/posts\/9840\/revisions"}],"predecessor-version":[{"id":9865,"href":"https:\/\/www.ametllerorigenwp.com\/ca\/wp-json\/wp\/v2\/posts\/9840\/revisions\/9865"}],"wp:featuredmedia":[{"embeddable":true,"href":"https:\/\/www.ametllerorigenwp.com\/ca\/wp-json\/wp\/v2\/media\/9858"}],"wp:attachment":[{"href":"https:\/\/www.ametllerorigenwp.com\/ca\/wp-json\/wp\/v2\/media?parent=9840"}],"wp:term":[{"taxonomy":"category","embeddable":true,"href":"https:\/\/www.ametllerorigenwp.com\/ca\/wp-json\/wp\/v2\/categories?post=9840"},{"taxonomy":"post_tag","embeddable":true,"href":"https:\/\/www.ametllerorigenwp.com\/ca\/wp-json\/wp\/v2\/tags?post=9840"}],"curies":[{"name":"wp","href":"https:\/\/api.w.org\/{rel}","templated":true}]}}