{"id":99,"date":"2020-12-12T11:16:52","date_gmt":"2020-12-12T11:16:52","guid":{"rendered":"http:\/\/www.ametllerorigenwp.com\/?p=99"},"modified":"2021-02-05T13:06:53","modified_gmt":"2021-02-05T13:06:53","slug":"targeta-regal-ametller-origen","status":"publish","type":"post","link":"https:\/\/www.ametllerorigenwp.com\/ca\/targeta-regal-ametller-origen\/","title":{"rendered":"Targeta Regal Ametller Origen"},"content":{"rendered":"\n<p>A partir d\u2019ara pots tenir a les teves mans tens un obsequi molt especial, la targeta regal d\u2019Ametller Origen. Aquesta targeta no val el seu pes en or. Val el seu pes en valors. Valors com el respecte per la producci\u00f3 ecol\u00f2gica, l\u2019aposta pels productes de proximitat i la m\u00e0xima qualitat. Aix\u00ed doncs, ara ja ho saps aquestes festes regala-la!<\/p>\n\n\n\n<p><img decoding=\"async\" src=\"https:\/\/ametllerorigen.cat\/media\/wysiwyg\/logo5fmarron.png\" alt=\"\" style=\"width: 50px;\"> Targeta recarregable que es pot fer servir a tots els establiments f\u00edsics Ametller Origen i CASAAMETLLER.<\/p>\n\n\n\n<p><img decoding=\"async\" src=\"https:\/\/ametllerorigen.cat\/media\/wysiwyg\/logo4fmarron.png\" alt=\"\" style=\"width: 50px;\"> En el cas de la botiga online, es podr\u00e0 obtenir la targeta per\u00f2 no com a m\u00e8tode de pagament.<\/p>\n\n\n\n<p><img decoding=\"async\" src=\"https:\/\/ametllerorigen.cat\/media\/wysiwyg\/menjador-servei-gestioffmarron.png\" alt=\"\" style=\"width: 50px;\"> La vig\u00e8ncia del saldo \u00e9s d\u2019un any una vegada s\u2019activa. La targeta s\u2019activa quan el beneficiari de la mateixa efectua la primera compra.<\/p>\n\n\n\n<p><img decoding=\"async\" src=\"https:\/\/ametllerorigen.cat\/media\/wysiwyg\/logo3fmarron.png\" alt=\"\" style=\"width: 50px;\"> El beneficiari de la targeta podr\u00e0 consultar el saldo disponible a trav\u00e9s dels venedors de botiga. Quan la targeta es recarrega es modifica la data de caducitat i la vig\u00e8ncia torna a ser d\u2019un any.<\/p>\n\n\n\n<p><img decoding=\"async\" src=\"https:\/\/ametllerorigen.cat\/media\/wysiwyg\/logo1ffmarron.png\" alt=\"\" style=\"width: 50px;\"> En cas d\u2019extraviar la targeta es perd el saldo disponible. Al ser una targeta al portador en cap cas ens farem c\u00e0rrec de la p\u00e8rdua de la mateixa.<\/p>\n\n\n\n<p><img decoding=\"async\" src=\"https:\/\/ametllerorigen.cat\/media\/wysiwyg\/logo2fmarron.png\" alt=\"\" style=\"width: 50px;\"> Les bases legals es podran consultar a: tiquet de compra, web, contactant al departament d\u2019Atenci\u00f3 al Client.<\/p>\n","protected":false},"excerpt":{"rendered":"<p>A partir d\u2019ara pots tenir a les teves mans tens un obsequi molt especial, la targeta regal d\u2019Ametller Origen.<\/p>\n","protected":false},"author":1,"featured_media":101,"comment_status":"open","ping_status":"open","sticky":false,"template":"","format":"standard","meta":{"_uag_custom_page_level_css":"","advgb_blocks_editor_width":"","advgb_blocks_columns_visual_guide":"","footnotes":""},"categories":[2],"tags":[],"class_list":["post-99","post","type-post","status-publish","format-standard","has-post-thumbnail","hentry","category-noticies"],"author_meta":{"display_name":"admin","author_link":"https:\/\/www.ametllerorigenwp.com\/ca\/author\/admin\/"},"featured_img":"https:\/\/www.ametllerorigenwp.com\/wp-content\/uploads\/2020\/12\/targeta_regal_cat-300x100.jpg","uagb_featured_image_src":{"full":["https:\/\/www.ametllerorigenwp.com\/wp-content\/uploads\/2020\/12\/targeta_regal_cat.jpg",1200,400,false],"thumbnail":["https:\/\/www.ametllerorigenwp.com\/wp-content\/uploads\/2020\/12\/targeta_regal_cat-150x150.jpg",150,150,true],"medium":["https:\/\/www.ametllerorigenwp.com\/wp-content\/uploads\/2020\/12\/targeta_regal_cat-300x100.jpg",300,100,true],"medium_large":["https:\/\/www.ametllerorigenwp.com\/wp-content\/uploads\/2020\/12\/targeta_regal_cat-768x256.jpg",768,256,true],"large":["https:\/\/www.ametllerorigenwp.com\/wp-content\/uploads\/2020\/12\/targeta_regal_cat-1024x341.jpg",840,280,true],"1536x1536":["https:\/\/www.ametllerorigenwp.com\/wp-content\/uploads\/2020\/12\/targeta_regal_cat.jpg",1200,400,false],"2048x2048":["https:\/\/www.ametllerorigenwp.com\/wp-content\/uploads\/2020\/12\/targeta_regal_cat.jpg",1200,400,false],"post-thumbnail":["https:\/\/www.ametllerorigenwp.com\/wp-content\/uploads\/2020\/12\/targeta_regal_cat.jpg",1200,400,false]},"uagb_author_info":{"display_name":"admin","author_link":"https:\/\/www.ametllerorigenwp.com\/ca\/author\/admin\/"},"uagb_comment_info":0,"uagb_excerpt":"A partir d\u2019ara pots tenir a les teves mans tens un obsequi molt especial, la targeta regal d\u2019Ametller Origen.","coauthors":[],"tax_additional":{"categories":{"linked":["<a href=\"https:\/\/www.ametllerorigenwp.com\/ca\/category\/noticies\/\" class=\"advgb-post-tax-term\">Noticies<\/a>"],"unlinked":["<span class=\"advgb-post-tax-term\">Noticies<\/span>"]}},"comment_count":"0","relative_dates":{"created":"Posted 5 anys ago","modified":"Updated 5 anys ago"},"absolute_dates":{"created":"Posted on 12 de desembre de 2020","modified":"Updated on 5 de febrer de 2021"},"absolute_dates_time":{"created":"Posted on 12 de desembre de 2020 11:16","modified":"Updated on 5 de febrer de 2021 13:06"},"featured_img_caption":"","series_order":"","show_in_app":true,"fecha_inicio_destacado":null,"hora_inicio_visualizacion":null,"minutos_inicio_visualizacion":null,"fecha_final_destacado":null,"hora_final_visualizacion":null,"minutos_final_visualizacion":null,"posicion_visualizacion":null,"estado_destacado":null,"niveles_destacados":null,"url_del_enlace":null,"banner_destacado":null,"posicion_visualizacion_de_la_noticia":null,"estado_noticia":null,"fecha_de_inicio_de_visualizacion_del_tutorial":null,"hora_inicio_visualizacion_tutorial":null,"minutos_inicio_visualizacion_tutorial":null,"fecha_de_final_de_visualizacion_del_tutorial":null,"hora_final_visualizacion_tutorial":null,"minutos_final_visualizacion_tutorial":null,"numero_de_veces_visto":null,"numero_de_veces_total":null,"niveles_tutorial":null,"tutorial_recursos_castellano":null,"tutorial_recursos_catalan":null,"dias_disponibles":null,"dias_de_la_semana":null,"dias_del_mes":null,"other_lang_post_id":105,"lang":"ca","campanya_descripcion":null,"campanya_fecha_inicio":null,"campanya_fecha_fin":null,"campanya_legales":null,"campanya_imagen":null,"campanya_characteristics":null,"campanya_url":null,"campanya_posicion_visualizacion":null,"campanya_estado":null,"_links":{"self":[{"href":"https:\/\/www.ametllerorigenwp.com\/ca\/wp-json\/wp\/v2\/posts\/99","targetHints":{"allow":["GET"]}}],"collection":[{"href":"https:\/\/www.ametllerorigenwp.com\/ca\/wp-json\/wp\/v2\/posts"}],"about":[{"href":"https:\/\/www.ametllerorigenwp.com\/ca\/wp-json\/wp\/v2\/types\/post"}],"author":[{"embeddable":true,"href":"https:\/\/www.ametllerorigenwp.com\/ca\/wp-json\/wp\/v2\/users\/1"}],"replies":[{"embeddable":true,"href":"https:\/\/www.ametllerorigenwp.com\/ca\/wp-json\/wp\/v2\/comments?post=99"}],"version-history":[{"count":2,"href":"https:\/\/www.ametllerorigenwp.com\/ca\/wp-json\/wp\/v2\/posts\/99\/revisions"}],"predecessor-version":[{"id":549,"href":"https:\/\/www.ametllerorigenwp.com\/ca\/wp-json\/wp\/v2\/posts\/99\/revisions\/549"}],"wp:featuredmedia":[{"embeddable":true,"href":"https:\/\/www.ametllerorigenwp.com\/ca\/wp-json\/wp\/v2\/media\/101"}],"wp:attachment":[{"href":"https:\/\/www.ametllerorigenwp.com\/ca\/wp-json\/wp\/v2\/media?parent=99"}],"wp:term":[{"taxonomy":"category","embeddable":true,"href":"https:\/\/www.ametllerorigenwp.com\/ca\/wp-json\/wp\/v2\/categories?post=99"},{"taxonomy":"post_tag","embeddable":true,"href":"https:\/\/www.ametllerorigenwp.com\/ca\/wp-json\/wp\/v2\/tags?post=99"}],"curies":[{"name":"wp","href":"https:\/\/api.w.org\/{rel}","templated":true}]}}