{"id":10354,"date":"2023-11-22T01:00:37","date_gmt":"2023-11-22T01:00:37","guid":{"rendered":"https:\/\/www.ametllerorigenwp.com\/?p=10354"},"modified":"2023-11-23T12:39:44","modified_gmt":"2023-11-23T12:39:44","slug":"sigue-en-directo-el-estreno-de-la-campana-una-manera-de-fer-amb-llucia-ferrer","status":"publish","type":"post","link":"https:\/\/www.ametllerorigenwp.com\/es\/sigue-en-directo-el-estreno-de-la-campana-una-manera-de-fer-amb-llucia-ferrer\/","title":{"rendered":"Sigue en directo el estreno de la campa\u00f1a \u201cUna manera de fer amb Lluci\u00e0 Ferrer\u201d"},"content":{"rendered":"<p>Tenemos una manera de hacer y ahora te la queremos contar. \u00bfLa quieres saber?<strong> Te invitamos este jueves, 23 de noviembre a las 20 h, para que sigas en directo a trav\u00e9s de nuestro <a href=\"https:\/\/www.instagram.com\/ametllerorigen\/?utm_source=newsletter&amp;utm_medium=email&amp;utm_campaign=NL_Comunicat_UMDF_Llucia_Ferrer_17112023&amp;utm_id=664968&amp;sfmc_id=92746136&amp;utm_content=Instagram\">Instagram<\/a> el estreno de la nueva campa\u00f1a de marca \u201cUna manera de fer amb el Lluci\u00e0 Ferrer, la Carol Rovira, el Jos\u00e9 Corbacho y la Marta Torn\u00e9\u201d<\/strong>.<\/p>\n<p>Los protagonistas se aventuran a descubrir los secretos de tres de nuestros productos estrella: el gazpacho, las tortillas y los yogures. \u00bfSuperar\u00e1n la prueba con nota?<\/p>\n<p>\u00a1No te lo pierdas!<\/p>\n","protected":false},"excerpt":{"rendered":"<p>Tenemos una manera de hacer y ahora te la queremos contar. \u00bfLa quieres saber? Te invitamos este jueves, 23 de noviembre a las 20 h, para que sigas en directo a trav\u00e9s de nuestro Instagram el estreno de la nueva campa\u00f1a de marca \u201cUna manera de fer amb el Lluci\u00e0 Ferrer, la Carol Rovira, el &hellip; <a href=\"https:\/\/www.ametllerorigenwp.com\/es\/sigue-en-directo-el-estreno-de-la-campana-una-manera-de-fer-amb-llucia-ferrer\/\" class=\"more-link\">Continuar leyendo<span class=\"screen-reader-text\"> \u00abSigue en directo el estreno de la campa\u00f1a \u201cUna manera de fer amb Lluci\u00e0 Ferrer\u201d\u00bb<\/span><\/a><\/p>\n","protected":false},"author":5,"featured_media":10366,"comment_status":"closed","ping_status":"closed","sticky":false,"template":"","format":"standard","meta":{"_uag_custom_page_level_css":"","advgb_blocks_editor_width":"","advgb_blocks_columns_visual_guide":"","footnotes":""},"categories":[1],"tags":[],"class_list":["post-10354","post","type-post","status-publish","format-standard","has-post-thumbnail","hentry","category-noticias"],"author_meta":{"display_name":"Mireia Zaragoza","author_link":"https:\/\/www.ametllerorigenwp.com\/es\/author\/mzaragoza\/"},"featured_img":"https:\/\/www.ametllerorigenwp.com\/wp-content\/uploads\/2023\/11\/Proyecto-nuevo-70-1-1-300x102.png","uagb_featured_image_src":{"full":["https:\/\/www.ametllerorigenwp.com\/wp-content\/uploads\/2023\/11\/Proyecto-nuevo-70-1-1.png",768,261,false],"thumbnail":["https:\/\/www.ametllerorigenwp.com\/wp-content\/uploads\/2023\/11\/Proyecto-nuevo-70-1-1-150x150.png",150,150,true],"medium":["https:\/\/www.ametllerorigenwp.com\/wp-content\/uploads\/2023\/11\/Proyecto-nuevo-70-1-1-300x102.png",300,102,true],"medium_large":["https:\/\/www.ametllerorigenwp.com\/wp-content\/uploads\/2023\/11\/Proyecto-nuevo-70-1-1.png",768,261,false],"large":["https:\/\/www.ametllerorigenwp.com\/wp-content\/uploads\/2023\/11\/Proyecto-nuevo-70-1-1.png",768,261,false],"1536x1536":["https:\/\/www.ametllerorigenwp.com\/wp-content\/uploads\/2023\/11\/Proyecto-nuevo-70-1-1.png",768,261,false],"2048x2048":["https:\/\/www.ametllerorigenwp.com\/wp-content\/uploads\/2023\/11\/Proyecto-nuevo-70-1-1.png",768,261,false],"post-thumbnail":["https:\/\/www.ametllerorigenwp.com\/wp-content\/uploads\/2023\/11\/Proyecto-nuevo-70-1-1.png",768,261,false]},"uagb_author_info":{"display_name":"Mireia Zaragoza","author_link":"https:\/\/www.ametllerorigenwp.com\/es\/author\/mzaragoza\/"},"uagb_comment_info":0,"uagb_excerpt":"Tenemos una manera de hacer y ahora te la queremos contar. \u00bfLa quieres saber? Te invitamos este jueves, 23 de noviembre a las 20 h, para que sigas en directo a trav\u00e9s de nuestro Instagram el estreno de la nueva campa\u00f1a de marca \u201cUna manera de fer amb el Lluci\u00e0 Ferrer, la Carol Rovira, el&hellip;","coauthors":[],"tax_additional":{"categories":{"linked":["<a href=\"https:\/\/www.ametllerorigenwp.com\/es\/category\/noticias\/\" class=\"advgb-post-tax-term\">Noticias<\/a>"],"unlinked":["<span class=\"advgb-post-tax-term\">Noticias<\/span>"]}},"comment_count":"0","relative_dates":{"created":"Publicado 2 a\u00f1os hace","modified":"Actualizado 2 a\u00f1os hace"},"absolute_dates":{"created":"Publicado el 22 de noviembre de 2023","modified":"Actualizado el 23 de noviembre de 2023"},"absolute_dates_time":{"created":"Publicado el 22 de noviembre de 2023 01:00","modified":"Actualizado el 23 de noviembre de 2023 12:39"},"featured_img_caption":"","series_order":"","show_in_app":true,"fecha_inicio_destacado":null,"hora_inicio_visualizacion":null,"minutos_inicio_visualizacion":null,"fecha_final_destacado":null,"hora_final_visualizacion":null,"minutos_final_visualizacion":null,"posicion_visualizacion":null,"estado_destacado":null,"niveles_destacados":null,"url_del_enlace":null,"banner_destacado":null,"posicion_visualizacion_de_la_noticia":"01","estado_noticia":["Visible"],"fecha_de_inicio_de_visualizacion_del_tutorial":null,"hora_inicio_visualizacion_tutorial":null,"minutos_inicio_visualizacion_tutorial":null,"fecha_de_final_de_visualizacion_del_tutorial":null,"hora_final_visualizacion_tutorial":null,"minutos_final_visualizacion_tutorial":null,"numero_de_veces_visto":null,"numero_de_veces_total":null,"niveles_tutorial":null,"tutorial_recursos_castellano":null,"tutorial_recursos_catalan":null,"dias_disponibles":null,"dias_de_la_semana":null,"dias_del_mes":null,"other_lang_post_id":null,"lang":"es","campanya_descripcion":null,"campanya_fecha_inicio":null,"campanya_fecha_fin":null,"campanya_legales":null,"campanya_imagen":null,"campanya_characteristics":null,"campanya_url":null,"campanya_posicion_visualizacion":null,"campanya_estado":null,"_links":{"self":[{"href":"https:\/\/www.ametllerorigenwp.com\/es\/wp-json\/wp\/v2\/posts\/10354","targetHints":{"allow":["GET"]}}],"collection":[{"href":"https:\/\/www.ametllerorigenwp.com\/es\/wp-json\/wp\/v2\/posts"}],"about":[{"href":"https:\/\/www.ametllerorigenwp.com\/es\/wp-json\/wp\/v2\/types\/post"}],"author":[{"embeddable":true,"href":"https:\/\/www.ametllerorigenwp.com\/es\/wp-json\/wp\/v2\/users\/5"}],"replies":[{"embeddable":true,"href":"https:\/\/www.ametllerorigenwp.com\/es\/wp-json\/wp\/v2\/comments?post=10354"}],"version-history":[{"count":1,"href":"https:\/\/www.ametllerorigenwp.com\/es\/wp-json\/wp\/v2\/posts\/10354\/revisions"}],"predecessor-version":[{"id":10357,"href":"https:\/\/www.ametllerorigenwp.com\/es\/wp-json\/wp\/v2\/posts\/10354\/revisions\/10357"}],"wp:featuredmedia":[{"embeddable":true,"href":"https:\/\/www.ametllerorigenwp.com\/es\/wp-json\/wp\/v2\/media\/10366"}],"wp:attachment":[{"href":"https:\/\/www.ametllerorigenwp.com\/es\/wp-json\/wp\/v2\/media?parent=10354"}],"wp:term":[{"taxonomy":"category","embeddable":true,"href":"https:\/\/www.ametllerorigenwp.com\/es\/wp-json\/wp\/v2\/categories?post=10354"},{"taxonomy":"post_tag","embeddable":true,"href":"https:\/\/www.ametllerorigenwp.com\/es\/wp-json\/wp\/v2\/tags?post=10354"}],"curies":[{"name":"wp","href":"https:\/\/api.w.org\/{rel}","templated":true}]}}