{"id":1038,"date":"2021-03-04T10:37:15","date_gmt":"2021-03-04T10:37:15","guid":{"rendered":"https:\/\/www.ametllerorigenwp.com\/?p=1038"},"modified":"2021-03-04T16:37:10","modified_gmt":"2021-03-04T16:37:10","slug":"dia-mundial-de-la-eficiencia-energetica-apostamos-por-la-energia-verde","status":"publish","type":"post","link":"https:\/\/www.ametllerorigenwp.com\/es\/dia-mundial-de-la-eficiencia-energetica-apostamos-por-la-energia-verde\/","title":{"rendered":"D\u00eda Mundial de la Eficiencia Energ\u00e9tica: apostamos por la energ\u00eda verde"},"content":{"rendered":"\n<p>Hoy se conmemora el <strong>D\u00eda Mundial de la Eficiencia Energ\u00e9tica, una fecha para recordar la importancia de apostar por una energ\u00eda sostenible<\/strong> y evitar, de esta forma, el aumento de la temperatura global del planeta. Desde Ametller Origen estamos comprometidos con reducir el impacto de nuestra actividad en el medio ambiente, por ello, desde enero de 2018, <strong>el 100% de la energ\u00eda el\u00e9ctrica que utilizamos en nuestras tiendas, en las oficinas y en la planta de elaborados es energ\u00eda el\u00e9ctrica certificada verde<\/strong>, es decir, proviene de fuentes renovables. Esto supone cero emisiones de CO2 por consumo de energ\u00eda el\u00e9ctrica.<\/p>\n\n\n\n<p>Asimismo, en esta l\u00ednea, hemos plantado ya m\u00e1s de 90 semillas, que se corresponden con acciones de mejora en el \u00e1mbito de la sostenibilidad:<\/p>\n\n\n\n<p><strong>Semilla #1<\/strong> Calculamos las emisiones de CO2 y GEI (Gases de Efecto Invernadero) del grupo y aplicamos un plan de medidas de reducci\u00f3n y compensaci\u00f3n para evitar el cambio clim\u00e1tico. Desde 2015, certificamos anualmente el c\u00e1lculo de nuestra huella y la implementaci\u00f3n de medidas para reducir las emisiones de CO2 en nuestras tiendas, oficinas y en la planta de elaborados.<\/p>\n\n\n\n<p><strong>Semilla #2<\/strong> Instalaci\u00f3n de puertas en los murales de fr\u00edo para reducir el consumo energ\u00e9tico y las emisiones de CO2 y mejorar la conservaci\u00f3n de los productos.<\/p>\n\n\n\n<p><strong>Semilla #7 y #9<\/strong> Desde 2019, reciclamos el 100% del pl\u00e1stico y cart\u00f3n que generamos en log\u00edstica. Con esta semilla hemos recuperado y reciclado un total de 43 toneladas de pl\u00e1stico y 1.648 toneladas de cart\u00f3n.<\/p>\n\n\n\n<p><strong>\u00a1\u00danete al movimiento en <a href=\"https:\/\/www.femcami.org\/es\/\">Femcam\u00ed.org<\/a>!<\/strong><\/p>\n","protected":false},"excerpt":{"rendered":"<p>Hoy se conmemora el D\u00eda Mundial de la Eficiencia Energ\u00e9tica, una fecha para recordar la importancia de apostar por una energ\u00eda sostenible y evitar, de esta forma, el aumento de la temperatura global del planeta. Desde Ametller Origen estamos comprometidos con reducir el impacto de nuestra actividad en el medio ambiente, por ello, desde enero &hellip; <a href=\"https:\/\/www.ametllerorigenwp.com\/es\/dia-mundial-de-la-eficiencia-energetica-apostamos-por-la-energia-verde\/\" class=\"more-link\">Continuar leyendo<span class=\"screen-reader-text\"> \u00abD\u00eda Mundial de la Eficiencia Energ\u00e9tica: apostamos por la energ\u00eda verde\u00bb<\/span><\/a><\/p>\n","protected":false},"author":5,"featured_media":1045,"comment_status":"open","ping_status":"open","sticky":false,"template":"","format":"standard","meta":{"_uag_custom_page_level_css":"","advgb_blocks_editor_width":"","advgb_blocks_columns_visual_guide":"","footnotes":""},"categories":[1],"tags":[],"class_list":["post-1038","post","type-post","status-publish","format-standard","has-post-thumbnail","hentry","category-noticias"],"author_meta":{"display_name":"Mireia Zaragoza","author_link":"https:\/\/www.ametllerorigenwp.com\/es\/author\/mzaragoza\/"},"featured_img":"https:\/\/www.ametllerorigenwp.com\/wp-content\/uploads\/2021\/03\/eficiencia_1-w-300x200.jpg","uagb_featured_image_src":{"full":["https:\/\/www.ametllerorigenwp.com\/wp-content\/uploads\/2021\/03\/eficiencia_1-w.jpg",1200,800,false],"thumbnail":["https:\/\/www.ametllerorigenwp.com\/wp-content\/uploads\/2021\/03\/eficiencia_1-w-150x150.jpg",150,150,true],"medium":["https:\/\/www.ametllerorigenwp.com\/wp-content\/uploads\/2021\/03\/eficiencia_1-w-300x200.jpg",300,200,true],"medium_large":["https:\/\/www.ametllerorigenwp.com\/wp-content\/uploads\/2021\/03\/eficiencia_1-w-768x512.jpg",768,512,true],"large":["https:\/\/www.ametllerorigenwp.com\/wp-content\/uploads\/2021\/03\/eficiencia_1-w-1024x683.jpg",840,560,true],"1536x1536":["https:\/\/www.ametllerorigenwp.com\/wp-content\/uploads\/2021\/03\/eficiencia_1-w.jpg",1200,800,false],"2048x2048":["https:\/\/www.ametllerorigenwp.com\/wp-content\/uploads\/2021\/03\/eficiencia_1-w.jpg",1200,800,false],"post-thumbnail":["https:\/\/www.ametllerorigenwp.com\/wp-content\/uploads\/2021\/03\/eficiencia_1-w.jpg",1200,800,false]},"uagb_author_info":{"display_name":"Mireia Zaragoza","author_link":"https:\/\/www.ametllerorigenwp.com\/es\/author\/mzaragoza\/"},"uagb_comment_info":0,"uagb_excerpt":"Hoy se conmemora el D\u00eda Mundial de la Eficiencia Energ\u00e9tica, una fecha para recordar la importancia de apostar por una energ\u00eda sostenible y evitar, de esta forma, el aumento de la temperatura global del planeta. Desde Ametller Origen estamos comprometidos con reducir el impacto de nuestra actividad en el medio ambiente, por ello, desde enero&hellip;","coauthors":[],"tax_additional":{"categories":{"linked":["<a href=\"https:\/\/www.ametllerorigenwp.com\/es\/category\/noticias\/\" class=\"advgb-post-tax-term\">Noticias<\/a>"],"unlinked":["<span class=\"advgb-post-tax-term\">Noticias<\/span>"]}},"comment_count":"0","relative_dates":{"created":"Publicado 5 a\u00f1os hace","modified":"Actualizado 5 a\u00f1os hace"},"absolute_dates":{"created":"Publicado el 4 de marzo de 2021","modified":"Actualizado el 4 de marzo de 2021"},"absolute_dates_time":{"created":"Publicado el 4 de marzo de 2021 10:37","modified":"Actualizado el 4 de marzo de 2021 16:37"},"featured_img_caption":"","series_order":"","show_in_app":true,"fecha_inicio_destacado":null,"hora_inicio_visualizacion":null,"minutos_inicio_visualizacion":null,"fecha_final_destacado":null,"hora_final_visualizacion":null,"minutos_final_visualizacion":null,"posicion_visualizacion":null,"estado_destacado":null,"niveles_destacados":null,"url_del_enlace":null,"banner_destacado":null,"posicion_visualizacion_de_la_noticia":null,"estado_noticia":null,"fecha_de_inicio_de_visualizacion_del_tutorial":null,"hora_inicio_visualizacion_tutorial":null,"minutos_inicio_visualizacion_tutorial":null,"fecha_de_final_de_visualizacion_del_tutorial":null,"hora_final_visualizacion_tutorial":null,"minutos_final_visualizacion_tutorial":null,"numero_de_veces_visto":null,"numero_de_veces_total":null,"niveles_tutorial":null,"tutorial_recursos_castellano":null,"tutorial_recursos_catalan":null,"dias_disponibles":null,"dias_de_la_semana":null,"dias_del_mes":null,"other_lang_post_id":null,"lang":"es","campanya_descripcion":null,"campanya_fecha_inicio":null,"campanya_fecha_fin":null,"campanya_legales":null,"campanya_imagen":null,"campanya_characteristics":null,"campanya_url":null,"campanya_posicion_visualizacion":null,"campanya_estado":null,"_links":{"self":[{"href":"https:\/\/www.ametllerorigenwp.com\/es\/wp-json\/wp\/v2\/posts\/1038","targetHints":{"allow":["GET"]}}],"collection":[{"href":"https:\/\/www.ametllerorigenwp.com\/es\/wp-json\/wp\/v2\/posts"}],"about":[{"href":"https:\/\/www.ametllerorigenwp.com\/es\/wp-json\/wp\/v2\/types\/post"}],"author":[{"embeddable":true,"href":"https:\/\/www.ametllerorigenwp.com\/es\/wp-json\/wp\/v2\/users\/5"}],"replies":[{"embeddable":true,"href":"https:\/\/www.ametllerorigenwp.com\/es\/wp-json\/wp\/v2\/comments?post=1038"}],"version-history":[{"count":3,"href":"https:\/\/www.ametllerorigenwp.com\/es\/wp-json\/wp\/v2\/posts\/1038\/revisions"}],"predecessor-version":[{"id":1042,"href":"https:\/\/www.ametllerorigenwp.com\/es\/wp-json\/wp\/v2\/posts\/1038\/revisions\/1042"}],"wp:featuredmedia":[{"embeddable":true,"href":"https:\/\/www.ametllerorigenwp.com\/es\/wp-json\/wp\/v2\/media\/1045"}],"wp:attachment":[{"href":"https:\/\/www.ametllerorigenwp.com\/es\/wp-json\/wp\/v2\/media?parent=1038"}],"wp:term":[{"taxonomy":"category","embeddable":true,"href":"https:\/\/www.ametllerorigenwp.com\/es\/wp-json\/wp\/v2\/categories?post=1038"},{"taxonomy":"post_tag","embeddable":true,"href":"https:\/\/www.ametllerorigenwp.com\/es\/wp-json\/wp\/v2\/tags?post=1038"}],"curies":[{"name":"wp","href":"https:\/\/api.w.org\/{rel}","templated":true}]}}