{"id":10928,"date":"2024-02-06T01:00:23","date_gmt":"2024-02-06T01:00:23","guid":{"rendered":"https:\/\/www.ametllerorigenwp.com\/?p=10928"},"modified":"2024-02-05T14:52:55","modified_gmt":"2024-02-05T14:52:55","slug":"apuntate-todos-los-eventos-importantes-con-el-calendario-2024","status":"publish","type":"post","link":"https:\/\/www.ametllerorigenwp.com\/es\/apuntate-todos-los-eventos-importantes-con-el-calendario-2024\/","title":{"rendered":"Ap\u00fantate todos los eventos importantes con el calendario 2024"},"content":{"rendered":"<p>\u00a1Este a\u00f1o no tienes excusa para olvidar los compromisos m\u00e1s importantes! <strong>Con nuestro calendario mensual y organizador semanal, dise\u00f1ados por el ilustrador Javier Royo, te lo ponemos f\u00e1cil para anotar todo aquello que necesitas y recordar los d\u00edas mundiales y festividades destacadas<\/strong>. Asimismo, encontrar\u00e1s <strong>informaci\u00f3n relacionada con nuesta manera de hacer<\/strong>.<\/p>\n<p><strong>Este mes de febrero destacamos que la clave de nuestra fruta de invierno<\/strong> es que todas las caras del \u00e1rbol reciban las mismas horas de sol y luz. Adem\u00e1s, hacemos una poda exhaustiva y pasamos hasta cuatro veces para cosechar la fruta en el punto \u00f3ptimo de maduraci\u00f3n.<\/p>\n<p>\u00a1Desc\u00e1rgatelo<a href=\"https:\/\/corp.ametllerorigen.com\/es\/calendario-2024\/\"> aqu\u00ed<\/a>!<\/p>\n","protected":false},"excerpt":{"rendered":"<p>\u00a1Este a\u00f1o no tienes excusa para olvidar los compromisos m\u00e1s importantes! Con nuestro calendario mensual y organizador semanal, dise\u00f1ados por el ilustrador Javier Royo, te lo ponemos f\u00e1cil para anotar todo aquello que necesitas y recordar los d\u00edas mundiales y festividades destacadas. Asimismo, encontrar\u00e1s informaci\u00f3n relacionada con nuesta manera de hacer. Este mes de febrero &hellip; <a href=\"https:\/\/www.ametllerorigenwp.com\/es\/apuntate-todos-los-eventos-importantes-con-el-calendario-2024\/\" class=\"more-link\">Continuar leyendo<span class=\"screen-reader-text\"> \u00abAp\u00fantate todos los eventos importantes con el calendario 2024\u00bb<\/span><\/a><\/p>\n","protected":false},"author":5,"featured_media":10926,"comment_status":"closed","ping_status":"closed","sticky":false,"template":"","format":"standard","meta":{"_uag_custom_page_level_css":"","advgb_blocks_editor_width":"","advgb_blocks_columns_visual_guide":"","footnotes":""},"categories":[1],"tags":[],"class_list":["post-10928","post","type-post","status-publish","format-standard","has-post-thumbnail","hentry","category-noticias"],"author_meta":{"display_name":"Mireia Zaragoza","author_link":"https:\/\/www.ametllerorigenwp.com\/es\/author\/mzaragoza\/"},"featured_img":"https:\/\/www.ametllerorigenwp.com\/wp-content\/uploads\/2024\/02\/IM_APP_CALENDARI_DESCARREGABLE-300x102.jpg","uagb_featured_image_src":{"full":["https:\/\/www.ametllerorigenwp.com\/wp-content\/uploads\/2024\/02\/IM_APP_CALENDARI_DESCARREGABLE.jpg",1000,340,false],"thumbnail":["https:\/\/www.ametllerorigenwp.com\/wp-content\/uploads\/2024\/02\/IM_APP_CALENDARI_DESCARREGABLE-150x150.jpg",150,150,true],"medium":["https:\/\/www.ametllerorigenwp.com\/wp-content\/uploads\/2024\/02\/IM_APP_CALENDARI_DESCARREGABLE-300x102.jpg",300,102,true],"medium_large":["https:\/\/www.ametllerorigenwp.com\/wp-content\/uploads\/2024\/02\/IM_APP_CALENDARI_DESCARREGABLE-768x261.jpg",768,261,true],"large":["https:\/\/www.ametllerorigenwp.com\/wp-content\/uploads\/2024\/02\/IM_APP_CALENDARI_DESCARREGABLE.jpg",840,286,false],"1536x1536":["https:\/\/www.ametllerorigenwp.com\/wp-content\/uploads\/2024\/02\/IM_APP_CALENDARI_DESCARREGABLE.jpg",1000,340,false],"2048x2048":["https:\/\/www.ametllerorigenwp.com\/wp-content\/uploads\/2024\/02\/IM_APP_CALENDARI_DESCARREGABLE.jpg",1000,340,false],"post-thumbnail":["https:\/\/www.ametllerorigenwp.com\/wp-content\/uploads\/2024\/02\/IM_APP_CALENDARI_DESCARREGABLE.jpg",1000,340,false]},"uagb_author_info":{"display_name":"Mireia Zaragoza","author_link":"https:\/\/www.ametllerorigenwp.com\/es\/author\/mzaragoza\/"},"uagb_comment_info":0,"uagb_excerpt":"\u00a1Este a\u00f1o no tienes excusa para olvidar los compromisos m\u00e1s importantes! Con nuestro calendario mensual y organizador semanal, dise\u00f1ados por el ilustrador Javier Royo, te lo ponemos f\u00e1cil para anotar todo aquello que necesitas y recordar los d\u00edas mundiales y festividades destacadas. Asimismo, encontrar\u00e1s informaci\u00f3n relacionada con nuesta manera de hacer. Este mes de febrero&hellip;","coauthors":[],"tax_additional":{"categories":{"linked":["<a href=\"https:\/\/www.ametllerorigenwp.com\/es\/category\/noticias\/\" class=\"advgb-post-tax-term\">Noticias<\/a>"],"unlinked":["<span class=\"advgb-post-tax-term\">Noticias<\/span>"]}},"comment_count":"0","relative_dates":{"created":"Publicado 2 a\u00f1os hace","modified":"Actualizado 2 a\u00f1os hace"},"absolute_dates":{"created":"Publicado el 6 de febrero de 2024","modified":"Actualizado el 5 de febrero de 2024"},"absolute_dates_time":{"created":"Publicado el 6 de febrero de 2024 01:00","modified":"Actualizado el 5 de febrero de 2024 14:52"},"featured_img_caption":"","series_order":"","show_in_app":true,"fecha_inicio_destacado":null,"hora_inicio_visualizacion":null,"minutos_inicio_visualizacion":null,"fecha_final_destacado":null,"hora_final_visualizacion":null,"minutos_final_visualizacion":null,"posicion_visualizacion":null,"estado_destacado":null,"niveles_destacados":null,"url_del_enlace":null,"banner_destacado":null,"posicion_visualizacion_de_la_noticia":"01","estado_noticia":["Visible"],"fecha_de_inicio_de_visualizacion_del_tutorial":null,"hora_inicio_visualizacion_tutorial":null,"minutos_inicio_visualizacion_tutorial":null,"fecha_de_final_de_visualizacion_del_tutorial":null,"hora_final_visualizacion_tutorial":null,"minutos_final_visualizacion_tutorial":null,"numero_de_veces_visto":null,"numero_de_veces_total":null,"niveles_tutorial":null,"tutorial_recursos_castellano":null,"tutorial_recursos_catalan":null,"dias_disponibles":null,"dias_de_la_semana":null,"dias_del_mes":null,"other_lang_post_id":null,"lang":"es","campanya_descripcion":null,"campanya_fecha_inicio":null,"campanya_fecha_fin":null,"campanya_legales":null,"campanya_imagen":null,"campanya_characteristics":null,"campanya_url":null,"campanya_posicion_visualizacion":null,"campanya_estado":null,"_links":{"self":[{"href":"https:\/\/www.ametllerorigenwp.com\/es\/wp-json\/wp\/v2\/posts\/10928","targetHints":{"allow":["GET"]}}],"collection":[{"href":"https:\/\/www.ametllerorigenwp.com\/es\/wp-json\/wp\/v2\/posts"}],"about":[{"href":"https:\/\/www.ametllerorigenwp.com\/es\/wp-json\/wp\/v2\/types\/post"}],"author":[{"embeddable":true,"href":"https:\/\/www.ametllerorigenwp.com\/es\/wp-json\/wp\/v2\/users\/5"}],"replies":[{"embeddable":true,"href":"https:\/\/www.ametllerorigenwp.com\/es\/wp-json\/wp\/v2\/comments?post=10928"}],"version-history":[{"count":1,"href":"https:\/\/www.ametllerorigenwp.com\/es\/wp-json\/wp\/v2\/posts\/10928\/revisions"}],"predecessor-version":[{"id":10929,"href":"https:\/\/www.ametllerorigenwp.com\/es\/wp-json\/wp\/v2\/posts\/10928\/revisions\/10929"}],"wp:featuredmedia":[{"embeddable":true,"href":"https:\/\/www.ametllerorigenwp.com\/es\/wp-json\/wp\/v2\/media\/10926"}],"wp:attachment":[{"href":"https:\/\/www.ametllerorigenwp.com\/es\/wp-json\/wp\/v2\/media?parent=10928"}],"wp:term":[{"taxonomy":"category","embeddable":true,"href":"https:\/\/www.ametllerorigenwp.com\/es\/wp-json\/wp\/v2\/categories?post=10928"},{"taxonomy":"post_tag","embeddable":true,"href":"https:\/\/www.ametllerorigenwp.com\/es\/wp-json\/wp\/v2\/tags?post=10928"}],"curies":[{"name":"wp","href":"https:\/\/api.w.org\/{rel}","templated":true}]}}