{"id":11147,"date":"2024-03-04T01:00:30","date_gmt":"2024-03-04T01:00:30","guid":{"rendered":"https:\/\/www.ametllerorigenwp.com\/?p=11147"},"modified":"2024-03-01T14:36:05","modified_gmt":"2024-03-01T14:36:05","slug":"disfruta-de-nuestros-talleres-en-el-festival-vibra","status":"publish","type":"post","link":"https:\/\/www.ametllerorigenwp.com\/es\/disfruta-de-nuestros-talleres-en-el-festival-vibra\/","title":{"rendered":"\u00a1Disfruta de nuestros talleres en el Festival Vibra!"},"content":{"rendered":"<p>\u00bfQuieres pasar unos d\u00edas diferentes, entretenidos y donde aprender\u00e1s a cocinar con nosotros? <strong>\u00a1Ap\u00fantate al <a href=\"https:\/\/vibrabcn.com\/?utm_source=backlink&amp;utm_medium=referral&amp;utm_campaign=240322-evento-vibra&amp;utm_content=banner-imagen-ametllerorigen\">Festival Vibra<\/a>!<\/strong> Un evento en el que <strong>encontrar\u00e1s todo tipo de charlas, talleres, expositores de marca y productos relacionados con alimentaci\u00f3n saludable, salud y bienestar<\/strong>.<\/p>\n<p><strong>Los d\u00edas 22, 23 y 24 de marzo ven al espacio Ametller Origen del Festival Vibra (Fira de Barcelona) y disfruta de nuestros talleres de cocina, catas gastron\u00f3micas y showcookings<\/strong>.<\/p>\n<p>\u00a1No te lo pierdas!<\/p>\n","protected":false},"excerpt":{"rendered":"<p>\u00bfQuieres pasar unos d\u00edas diferentes, entretenidos y donde aprender\u00e1s a cocinar con nosotros? \u00a1Ap\u00fantate al Festival Vibra! Un evento en el que encontrar\u00e1s todo tipo de charlas, talleres, expositores de marca y productos relacionados con alimentaci\u00f3n saludable, salud y bienestar. Los d\u00edas 22, 23 y 24 de marzo ven al espacio Ametller Origen del Festival &hellip; <a href=\"https:\/\/www.ametllerorigenwp.com\/es\/disfruta-de-nuestros-talleres-en-el-festival-vibra\/\" class=\"more-link\">Continuar leyendo<span class=\"screen-reader-text\"> \u00ab\u00a1Disfruta de nuestros talleres en el Festival Vibra!\u00bb<\/span><\/a><\/p>\n","protected":false},"author":5,"featured_media":11148,"comment_status":"closed","ping_status":"closed","sticky":false,"template":"","format":"standard","meta":{"_uag_custom_page_level_css":"","advgb_blocks_editor_width":"","advgb_blocks_columns_visual_guide":"","footnotes":""},"categories":[1],"tags":[],"class_list":["post-11147","post","type-post","status-publish","format-standard","has-post-thumbnail","hentry","category-noticias"],"author_meta":{"display_name":"Mireia Zaragoza","author_link":"https:\/\/www.ametllerorigenwp.com\/es\/author\/mzaragoza\/"},"featured_img":"https:\/\/www.ametllerorigenwp.com\/wp-content\/uploads\/2024\/03\/cast-ok-300x102.png","uagb_featured_image_src":{"full":["https:\/\/www.ametllerorigenwp.com\/wp-content\/uploads\/2024\/03\/cast-ok.png",1000,340,false],"thumbnail":["https:\/\/www.ametllerorigenwp.com\/wp-content\/uploads\/2024\/03\/cast-ok-150x150.png",150,150,true],"medium":["https:\/\/www.ametllerorigenwp.com\/wp-content\/uploads\/2024\/03\/cast-ok-300x102.png",300,102,true],"medium_large":["https:\/\/www.ametllerorigenwp.com\/wp-content\/uploads\/2024\/03\/cast-ok-768x261.png",768,261,true],"large":["https:\/\/www.ametllerorigenwp.com\/wp-content\/uploads\/2024\/03\/cast-ok.png",840,286,false],"1536x1536":["https:\/\/www.ametllerorigenwp.com\/wp-content\/uploads\/2024\/03\/cast-ok.png",1000,340,false],"2048x2048":["https:\/\/www.ametllerorigenwp.com\/wp-content\/uploads\/2024\/03\/cast-ok.png",1000,340,false],"post-thumbnail":["https:\/\/www.ametllerorigenwp.com\/wp-content\/uploads\/2024\/03\/cast-ok.png",1000,340,false]},"uagb_author_info":{"display_name":"Mireia Zaragoza","author_link":"https:\/\/www.ametllerorigenwp.com\/es\/author\/mzaragoza\/"},"uagb_comment_info":0,"uagb_excerpt":"\u00bfQuieres pasar unos d\u00edas diferentes, entretenidos y donde aprender\u00e1s a cocinar con nosotros? \u00a1Ap\u00fantate al Festival Vibra! Un evento en el que encontrar\u00e1s todo tipo de charlas, talleres, expositores de marca y productos relacionados con alimentaci\u00f3n saludable, salud y bienestar. Los d\u00edas 22, 23 y 24 de marzo ven al espacio Ametller Origen del Festival&hellip;","coauthors":[],"tax_additional":{"categories":{"linked":["<a href=\"https:\/\/www.ametllerorigenwp.com\/es\/category\/noticias\/\" class=\"advgb-post-tax-term\">Noticias<\/a>"],"unlinked":["<span class=\"advgb-post-tax-term\">Noticias<\/span>"]}},"comment_count":"0","relative_dates":{"created":"Publicado 2 a\u00f1os hace","modified":"Actualizado 2 a\u00f1os hace"},"absolute_dates":{"created":"Publicado el 4 de marzo de 2024","modified":"Actualizado el 1 de marzo de 2024"},"absolute_dates_time":{"created":"Publicado el 4 de marzo de 2024 01:00","modified":"Actualizado el 1 de marzo de 2024 14:36"},"featured_img_caption":"","series_order":"","show_in_app":true,"fecha_inicio_destacado":null,"hora_inicio_visualizacion":null,"minutos_inicio_visualizacion":null,"fecha_final_destacado":null,"hora_final_visualizacion":null,"minutos_final_visualizacion":null,"posicion_visualizacion":null,"estado_destacado":null,"niveles_destacados":null,"url_del_enlace":null,"banner_destacado":null,"posicion_visualizacion_de_la_noticia":"01","estado_noticia":["Visible"],"fecha_de_inicio_de_visualizacion_del_tutorial":null,"hora_inicio_visualizacion_tutorial":null,"minutos_inicio_visualizacion_tutorial":null,"fecha_de_final_de_visualizacion_del_tutorial":null,"hora_final_visualizacion_tutorial":null,"minutos_final_visualizacion_tutorial":null,"numero_de_veces_visto":null,"numero_de_veces_total":null,"niveles_tutorial":null,"tutorial_recursos_castellano":null,"tutorial_recursos_catalan":null,"dias_disponibles":null,"dias_de_la_semana":null,"dias_del_mes":null,"other_lang_post_id":null,"lang":"es","campanya_descripcion":null,"campanya_fecha_inicio":null,"campanya_fecha_fin":null,"campanya_legales":null,"campanya_imagen":null,"campanya_characteristics":null,"campanya_url":null,"campanya_posicion_visualizacion":null,"campanya_estado":null,"_links":{"self":[{"href":"https:\/\/www.ametllerorigenwp.com\/es\/wp-json\/wp\/v2\/posts\/11147","targetHints":{"allow":["GET"]}}],"collection":[{"href":"https:\/\/www.ametllerorigenwp.com\/es\/wp-json\/wp\/v2\/posts"}],"about":[{"href":"https:\/\/www.ametllerorigenwp.com\/es\/wp-json\/wp\/v2\/types\/post"}],"author":[{"embeddable":true,"href":"https:\/\/www.ametllerorigenwp.com\/es\/wp-json\/wp\/v2\/users\/5"}],"replies":[{"embeddable":true,"href":"https:\/\/www.ametllerorigenwp.com\/es\/wp-json\/wp\/v2\/comments?post=11147"}],"version-history":[{"count":1,"href":"https:\/\/www.ametllerorigenwp.com\/es\/wp-json\/wp\/v2\/posts\/11147\/revisions"}],"predecessor-version":[{"id":11150,"href":"https:\/\/www.ametllerorigenwp.com\/es\/wp-json\/wp\/v2\/posts\/11147\/revisions\/11150"}],"wp:featuredmedia":[{"embeddable":true,"href":"https:\/\/www.ametllerorigenwp.com\/es\/wp-json\/wp\/v2\/media\/11148"}],"wp:attachment":[{"href":"https:\/\/www.ametllerorigenwp.com\/es\/wp-json\/wp\/v2\/media?parent=11147"}],"wp:term":[{"taxonomy":"category","embeddable":true,"href":"https:\/\/www.ametllerorigenwp.com\/es\/wp-json\/wp\/v2\/categories?post=11147"},{"taxonomy":"post_tag","embeddable":true,"href":"https:\/\/www.ametllerorigenwp.com\/es\/wp-json\/wp\/v2\/tags?post=11147"}],"curies":[{"name":"wp","href":"https:\/\/api.w.org\/{rel}","templated":true}]}}