{"id":11291,"date":"2024-03-18T01:00:57","date_gmt":"2024-03-18T01:00:57","guid":{"rendered":"https:\/\/www.ametllerorigenwp.com\/?p=11291"},"modified":"2024-03-15T15:33:22","modified_gmt":"2024-03-15T15:33:22","slug":"impulsamos-junto-con-mercabarna-y-eduvic-un-programa-de-fp-dual-ocupacional-en-carniceria-para-la-insercion-laboral-de-jovenes-en-riesgo","status":"publish","type":"post","link":"https:\/\/www.ametllerorigenwp.com\/es\/impulsamos-junto-con-mercabarna-y-eduvic-un-programa-de-fp-dual-ocupacional-en-carniceria-para-la-insercion-laboral-de-jovenes-en-riesgo\/","title":{"rendered":"Impulsamos, junto con Mercabarna y EDUVIC, un programa de FP Dual Ocupacional en carnicer\u00eda para la inserci\u00f3n laboral de j\u00f3venes en riesgo"},"content":{"rendered":"<p>Con el objetivo <strong>de dar una oportunidad formativa y laboral a j\u00f3venes que se encuentran en situaci\u00f3n de paro,<\/strong> sin calificaci\u00f3n y con dificultades de acceder al mercado laboral <strong>e impulsar el oficio de carnicero<\/strong>, <strong>desde Ametller Origen, y acompa\u00f1ados de Mercabarna y EDUVIC, hemos impulsado el programa de Formaci\u00f3n Profesional Dual Ocupacional en carnicer\u00eda.<\/strong><\/p>\n<p>Se trata de un proyecto <strong>donde doce j\u00f3venes de entre 16 y 25 a\u00f1os, se forman para ejercer el oficio de carnicero <\/strong>y que cuenta <strong>con apoyo integral de EDUVIC, que los forma en competencias sociales y comunicativas, atenci\u00f3n al p\u00fablico, aprendizaje del catal\u00e1n, y Mercabarna, que les ofrece formaci\u00f3n pr\u00e1ctica.<\/strong> Este mes de junio, los doce j\u00f3venes se incorporar\u00e1n en nuestras tiendas para desarrollar el oficio de carnicero y poner en pr\u00e1ctica los conocimientos adquiridos, y<strong> el objetivo es que una vez finalice este per\u00edodo, los j\u00f3venes se incorporen ya como a trabajadores en la compa\u00f1\u00eda.<\/strong><\/p>\n<p><strong>\u00a0<\/strong>Esta iniciativa ha contado tambi\u00e9n <strong>con el apoyo de la conselleria de Drets Socials as\u00ed como la de Empresa y Treball de la Generalitat de Catalunya<\/strong> y ha recibido <strong>la financiaci\u00f3n de los Fondos Next Generation de Formaci\u00f3n y Empleo.<\/strong><\/p>\n","protected":false},"excerpt":{"rendered":"<p>Con el objetivo de dar una oportunidad formativa y laboral a j\u00f3venes que se encuentran en situaci\u00f3n de paro, sin calificaci\u00f3n y con dificultades de acceder al mercado laboral e impulsar el oficio de carnicero, desde Ametller Origen, y acompa\u00f1ados de Mercabarna y EDUVIC, hemos impulsado el programa de Formaci\u00f3n Profesional Dual Ocupacional en carnicer\u00eda. &hellip; <a href=\"https:\/\/www.ametllerorigenwp.com\/es\/impulsamos-junto-con-mercabarna-y-eduvic-un-programa-de-fp-dual-ocupacional-en-carniceria-para-la-insercion-laboral-de-jovenes-en-riesgo\/\" class=\"more-link\">Continuar leyendo<span class=\"screen-reader-text\"> \u00abImpulsamos, junto con Mercabarna y EDUVIC, un programa de FP Dual Ocupacional en carnicer\u00eda para la inserci\u00f3n laboral de j\u00f3venes en riesgo\u00bb<\/span><\/a><\/p>\n","protected":false},"author":5,"featured_media":11289,"comment_status":"closed","ping_status":"closed","sticky":false,"template":"","format":"standard","meta":{"_uag_custom_page_level_css":"","advgb_blocks_editor_width":"","advgb_blocks_columns_visual_guide":"","footnotes":""},"categories":[1],"tags":[],"class_list":["post-11291","post","type-post","status-publish","format-standard","has-post-thumbnail","hentry","category-noticias"],"author_meta":{"display_name":"Mireia Zaragoza","author_link":"https:\/\/www.ametllerorigenwp.com\/es\/author\/mzaragoza\/"},"featured_img":"https:\/\/www.ametllerorigenwp.com\/wp-content\/uploads\/2024\/03\/foto-app-fp-dual-2-300x102.jpeg","uagb_featured_image_src":{"full":["https:\/\/www.ametllerorigenwp.com\/wp-content\/uploads\/2024\/03\/foto-app-fp-dual-2.jpeg",1000,340,false],"thumbnail":["https:\/\/www.ametllerorigenwp.com\/wp-content\/uploads\/2024\/03\/foto-app-fp-dual-2-150x150.jpeg",150,150,true],"medium":["https:\/\/www.ametllerorigenwp.com\/wp-content\/uploads\/2024\/03\/foto-app-fp-dual-2-300x102.jpeg",300,102,true],"medium_large":["https:\/\/www.ametllerorigenwp.com\/wp-content\/uploads\/2024\/03\/foto-app-fp-dual-2-768x261.jpeg",768,261,true],"large":["https:\/\/www.ametllerorigenwp.com\/wp-content\/uploads\/2024\/03\/foto-app-fp-dual-2.jpeg",840,286,false],"1536x1536":["https:\/\/www.ametllerorigenwp.com\/wp-content\/uploads\/2024\/03\/foto-app-fp-dual-2.jpeg",1000,340,false],"2048x2048":["https:\/\/www.ametllerorigenwp.com\/wp-content\/uploads\/2024\/03\/foto-app-fp-dual-2.jpeg",1000,340,false],"post-thumbnail":["https:\/\/www.ametllerorigenwp.com\/wp-content\/uploads\/2024\/03\/foto-app-fp-dual-2.jpeg",1000,340,false]},"uagb_author_info":{"display_name":"Mireia Zaragoza","author_link":"https:\/\/www.ametllerorigenwp.com\/es\/author\/mzaragoza\/"},"uagb_comment_info":0,"uagb_excerpt":"Con el objetivo de dar una oportunidad formativa y laboral a j\u00f3venes que se encuentran en situaci\u00f3n de paro, sin calificaci\u00f3n y con dificultades de acceder al mercado laboral e impulsar el oficio de carnicero, desde Ametller Origen, y acompa\u00f1ados de Mercabarna y EDUVIC, hemos impulsado el programa de Formaci\u00f3n Profesional Dual Ocupacional en carnicer\u00eda.&hellip;","coauthors":[],"tax_additional":{"categories":{"linked":["<a href=\"https:\/\/www.ametllerorigenwp.com\/es\/category\/noticias\/\" class=\"advgb-post-tax-term\">Noticias<\/a>"],"unlinked":["<span class=\"advgb-post-tax-term\">Noticias<\/span>"]}},"comment_count":"0","relative_dates":{"created":"Publicado 2 a\u00f1os hace","modified":"Actualizado 2 a\u00f1os hace"},"absolute_dates":{"created":"Publicado el 18 de marzo de 2024","modified":"Actualizado el 15 de marzo de 2024"},"absolute_dates_time":{"created":"Publicado el 18 de marzo de 2024 01:00","modified":"Actualizado el 15 de marzo de 2024 15:33"},"featured_img_caption":"","series_order":"","show_in_app":true,"fecha_inicio_destacado":null,"hora_inicio_visualizacion":null,"minutos_inicio_visualizacion":null,"fecha_final_destacado":null,"hora_final_visualizacion":null,"minutos_final_visualizacion":null,"posicion_visualizacion":null,"estado_destacado":null,"niveles_destacados":null,"url_del_enlace":null,"banner_destacado":null,"posicion_visualizacion_de_la_noticia":"01","estado_noticia":["Visible"],"fecha_de_inicio_de_visualizacion_del_tutorial":null,"hora_inicio_visualizacion_tutorial":null,"minutos_inicio_visualizacion_tutorial":null,"fecha_de_final_de_visualizacion_del_tutorial":null,"hora_final_visualizacion_tutorial":null,"minutos_final_visualizacion_tutorial":null,"numero_de_veces_visto":null,"numero_de_veces_total":null,"niveles_tutorial":null,"tutorial_recursos_castellano":null,"tutorial_recursos_catalan":null,"dias_disponibles":null,"dias_de_la_semana":null,"dias_del_mes":null,"other_lang_post_id":11287,"lang":"es","campanya_descripcion":null,"campanya_fecha_inicio":null,"campanya_fecha_fin":null,"campanya_legales":null,"campanya_imagen":null,"campanya_characteristics":null,"campanya_url":null,"campanya_posicion_visualizacion":null,"campanya_estado":null,"_links":{"self":[{"href":"https:\/\/www.ametllerorigenwp.com\/es\/wp-json\/wp\/v2\/posts\/11291","targetHints":{"allow":["GET"]}}],"collection":[{"href":"https:\/\/www.ametllerorigenwp.com\/es\/wp-json\/wp\/v2\/posts"}],"about":[{"href":"https:\/\/www.ametllerorigenwp.com\/es\/wp-json\/wp\/v2\/types\/post"}],"author":[{"embeddable":true,"href":"https:\/\/www.ametllerorigenwp.com\/es\/wp-json\/wp\/v2\/users\/5"}],"replies":[{"embeddable":true,"href":"https:\/\/www.ametllerorigenwp.com\/es\/wp-json\/wp\/v2\/comments?post=11291"}],"version-history":[{"count":1,"href":"https:\/\/www.ametllerorigenwp.com\/es\/wp-json\/wp\/v2\/posts\/11291\/revisions"}],"predecessor-version":[{"id":11292,"href":"https:\/\/www.ametllerorigenwp.com\/es\/wp-json\/wp\/v2\/posts\/11291\/revisions\/11292"}],"wp:featuredmedia":[{"embeddable":true,"href":"https:\/\/www.ametllerorigenwp.com\/es\/wp-json\/wp\/v2\/media\/11289"}],"wp:attachment":[{"href":"https:\/\/www.ametllerorigenwp.com\/es\/wp-json\/wp\/v2\/media?parent=11291"}],"wp:term":[{"taxonomy":"category","embeddable":true,"href":"https:\/\/www.ametllerorigenwp.com\/es\/wp-json\/wp\/v2\/categories?post=11291"},{"taxonomy":"post_tag","embeddable":true,"href":"https:\/\/www.ametllerorigenwp.com\/es\/wp-json\/wp\/v2\/tags?post=11291"}],"curies":[{"name":"wp","href":"https:\/\/api.w.org\/{rel}","templated":true}]}}