{"id":1158,"date":"2021-03-11T17:29:23","date_gmt":"2021-03-11T17:29:23","guid":{"rendered":"https:\/\/www.ametllerorigenwp.com\/?p=1158"},"modified":"2021-03-11T17:29:26","modified_gmt":"2021-03-11T17:29:26","slug":"visita-nuestros-campos-en-flor","status":"publish","type":"post","link":"https:\/\/www.ametllerorigenwp.com\/es\/visita-nuestros-campos-en-flor\/","title":{"rendered":"\u00a1Visita nuestros campos en flor!"},"content":{"rendered":"\n<p>\u00a1Este fin de semana te invitamos a ver <strong>la floraci\u00f3n de nuestros \u00e1rboles frutales que est\u00e1n en su m\u00e1ximo esplendor<\/strong>! Ven y disfruta de este espect\u00e1culo visual <strong>en nuestra finca de Can Jorba en Sant Mart\u00ed Sarroca<\/strong> (Alt Pened\u00e8s) o s\u00edguelo, en directo, <strong>a trav\u00e9s de nuestro <a href=\"https:\/\/www.instagram.com\/ametllerorigen\/\">canal de Instagram<\/a> a las 10:15 h.<\/strong><\/p>\n\n\n\n<p>Cintet y nuestro encargado de finca te har\u00e1n una <strong>visita guiada por los campos en flor y podr\u00e1s descubrir, de primera mano, el ciclo de vida de estos \u00e1rboles frutales, sus peculiaridades y las t\u00e9cnicas de cultivo que aplicamos<\/strong>.<\/p>\n\n\n\n<p>Para finalizar esta experiencia podr\u00e1s degustar un desayuno de pay\u00e9s. \u00a1An\u00edmate a pasear entre nuestros campos en flor!<\/p>\n\n\n\n<p>Compra tu entrada para el <a href=\"https:\/\/www.inscribirme.com\/etportemalhortdissabtecampsflorits\">s\u00e1bado<\/a> o el <a href=\"https:\/\/www.inscribirme.com\/etportemalhortdiumengecampsflorits\">domingo<\/a><\/p>\n\n\n\n<p>\u00a1Te esperamos!<\/p>\n\n\n\n<p>*<em>La visita contar\u00e1 con todas las medidas de seguridad de acuerdo con los protocolos Covid-19 establecidos.<\/em> Recuerda las restricciones de movilidad en el territorio que restringen la entrada y salida de cada comarca. <\/p>\n\n\n\n<p><\/p>\n\n\n\n<p><em> <\/em><\/p>\n","protected":false},"excerpt":{"rendered":"<p>\u00a1Este fin de semana te invitamos a ver la floraci\u00f3n de nuestros \u00e1rboles frutales que est\u00e1n en su m\u00e1ximo esplendor! Ven y disfruta de este espect\u00e1culo visual en nuestra finca de Can Jorba en Sant Mart\u00ed Sarroca (Alt Pened\u00e8s) o s\u00edguelo, en directo, a trav\u00e9s de nuestro canal de Instagram a las 10:15 h. Cintet &hellip; <a href=\"https:\/\/www.ametllerorigenwp.com\/es\/visita-nuestros-campos-en-flor\/\" class=\"more-link\">Continuar leyendo<span class=\"screen-reader-text\"> \u00ab\u00a1Visita nuestros campos en flor!\u00bb<\/span><\/a><\/p>\n","protected":false},"author":5,"featured_media":1163,"comment_status":"open","ping_status":"open","sticky":false,"template":"","format":"standard","meta":{"_uag_custom_page_level_css":"","advgb_blocks_editor_width":"","advgb_blocks_columns_visual_guide":"","footnotes":""},"categories":[1],"tags":[],"class_list":["post-1158","post","type-post","status-publish","format-standard","has-post-thumbnail","hentry","category-noticias"],"author_meta":{"display_name":"Mireia Zaragoza","author_link":"https:\/\/www.ametllerorigenwp.com\/es\/author\/mzaragoza\/"},"featured_img":"https:\/\/www.ametllerorigenwp.com\/wp-content\/uploads\/2021\/03\/florida-300x200.jpg","uagb_featured_image_src":{"full":["https:\/\/www.ametllerorigenwp.com\/wp-content\/uploads\/2021\/03\/florida.jpg",1200,800,false],"thumbnail":["https:\/\/www.ametllerorigenwp.com\/wp-content\/uploads\/2021\/03\/florida-150x150.jpg",150,150,true],"medium":["https:\/\/www.ametllerorigenwp.com\/wp-content\/uploads\/2021\/03\/florida-300x200.jpg",300,200,true],"medium_large":["https:\/\/www.ametllerorigenwp.com\/wp-content\/uploads\/2021\/03\/florida-768x512.jpg",768,512,true],"large":["https:\/\/www.ametllerorigenwp.com\/wp-content\/uploads\/2021\/03\/florida-1024x683.jpg",840,560,true],"1536x1536":["https:\/\/www.ametllerorigenwp.com\/wp-content\/uploads\/2021\/03\/florida.jpg",1200,800,false],"2048x2048":["https:\/\/www.ametllerorigenwp.com\/wp-content\/uploads\/2021\/03\/florida.jpg",1200,800,false],"post-thumbnail":["https:\/\/www.ametllerorigenwp.com\/wp-content\/uploads\/2021\/03\/florida.jpg",1200,800,false]},"uagb_author_info":{"display_name":"Mireia Zaragoza","author_link":"https:\/\/www.ametllerorigenwp.com\/es\/author\/mzaragoza\/"},"uagb_comment_info":0,"uagb_excerpt":"\u00a1Este fin de semana te invitamos a ver la floraci\u00f3n de nuestros \u00e1rboles frutales que est\u00e1n en su m\u00e1ximo esplendor! Ven y disfruta de este espect\u00e1culo visual en nuestra finca de Can Jorba en Sant Mart\u00ed Sarroca (Alt Pened\u00e8s) o s\u00edguelo, en directo, a trav\u00e9s de nuestro canal de Instagram a las 10:15 h. Cintet&hellip;","coauthors":[],"tax_additional":{"categories":{"linked":["<a href=\"https:\/\/www.ametllerorigenwp.com\/es\/category\/noticias\/\" class=\"advgb-post-tax-term\">Noticias<\/a>"],"unlinked":["<span class=\"advgb-post-tax-term\">Noticias<\/span>"]}},"comment_count":"0","relative_dates":{"created":"Publicado 5 a\u00f1os hace","modified":"Actualizado 5 a\u00f1os hace"},"absolute_dates":{"created":"Publicado el 11 de marzo de 2021","modified":"Actualizado el 11 de marzo de 2021"},"absolute_dates_time":{"created":"Publicado el 11 de marzo de 2021 17:29","modified":"Actualizado el 11 de marzo de 2021 17:29"},"featured_img_caption":"","series_order":"","show_in_app":true,"fecha_inicio_destacado":null,"hora_inicio_visualizacion":null,"minutos_inicio_visualizacion":null,"fecha_final_destacado":null,"hora_final_visualizacion":null,"minutos_final_visualizacion":null,"posicion_visualizacion":null,"estado_destacado":null,"niveles_destacados":null,"url_del_enlace":null,"banner_destacado":null,"posicion_visualizacion_de_la_noticia":null,"estado_noticia":null,"fecha_de_inicio_de_visualizacion_del_tutorial":null,"hora_inicio_visualizacion_tutorial":null,"minutos_inicio_visualizacion_tutorial":null,"fecha_de_final_de_visualizacion_del_tutorial":null,"hora_final_visualizacion_tutorial":null,"minutos_final_visualizacion_tutorial":null,"numero_de_veces_visto":null,"numero_de_veces_total":null,"niveles_tutorial":null,"tutorial_recursos_castellano":null,"tutorial_recursos_catalan":null,"dias_disponibles":null,"dias_de_la_semana":null,"dias_del_mes":null,"other_lang_post_id":null,"lang":"es","campanya_descripcion":null,"campanya_fecha_inicio":null,"campanya_fecha_fin":null,"campanya_legales":null,"campanya_imagen":null,"campanya_characteristics":null,"campanya_url":null,"campanya_posicion_visualizacion":null,"campanya_estado":null,"_links":{"self":[{"href":"https:\/\/www.ametllerorigenwp.com\/es\/wp-json\/wp\/v2\/posts\/1158","targetHints":{"allow":["GET"]}}],"collection":[{"href":"https:\/\/www.ametllerorigenwp.com\/es\/wp-json\/wp\/v2\/posts"}],"about":[{"href":"https:\/\/www.ametllerorigenwp.com\/es\/wp-json\/wp\/v2\/types\/post"}],"author":[{"embeddable":true,"href":"https:\/\/www.ametllerorigenwp.com\/es\/wp-json\/wp\/v2\/users\/5"}],"replies":[{"embeddable":true,"href":"https:\/\/www.ametllerorigenwp.com\/es\/wp-json\/wp\/v2\/comments?post=1158"}],"version-history":[{"count":3,"href":"https:\/\/www.ametllerorigenwp.com\/es\/wp-json\/wp\/v2\/posts\/1158\/revisions"}],"predecessor-version":[{"id":1168,"href":"https:\/\/www.ametllerorigenwp.com\/es\/wp-json\/wp\/v2\/posts\/1158\/revisions\/1168"}],"wp:featuredmedia":[{"embeddable":true,"href":"https:\/\/www.ametllerorigenwp.com\/es\/wp-json\/wp\/v2\/media\/1163"}],"wp:attachment":[{"href":"https:\/\/www.ametllerorigenwp.com\/es\/wp-json\/wp\/v2\/media?parent=1158"}],"wp:term":[{"taxonomy":"category","embeddable":true,"href":"https:\/\/www.ametllerorigenwp.com\/es\/wp-json\/wp\/v2\/categories?post=1158"},{"taxonomy":"post_tag","embeddable":true,"href":"https:\/\/www.ametllerorigenwp.com\/es\/wp-json\/wp\/v2\/tags?post=1158"}],"curies":[{"name":"wp","href":"https:\/\/api.w.org\/{rel}","templated":true}]}}