{"id":11724,"date":"2024-05-16T08:18:51","date_gmt":"2024-05-16T08:18:51","guid":{"rendered":"https:\/\/www.ametllerorigenwp.com\/?p=11724"},"modified":"2024-05-16T08:47:16","modified_gmt":"2024-05-16T08:47:16","slug":"nuestro-famoso-albaricoque-perla-ya-esta-aqui","status":"publish","type":"post","link":"https:\/\/www.ametllerorigenwp.com\/es\/nuestro-famoso-albaricoque-perla-ya-esta-aqui\/","title":{"rendered":"\u00a1Nuestro famoso albaricoque perla ya est\u00e1 aqu\u00ed!"},"content":{"rendered":"<p><strong>Lo esper\u00e1bamos con impaciencia, pero ya est\u00e1 aqu\u00ed. \u00a1Nuestro albaricoque perla caracter\u00edstico por su medida peque\u00f1a y concentraci\u00f3n de sabor! Procedente de campos de Lleida es carnoso, muy dulce y arom\u00e1tico. <\/strong><\/p>\n<p>Y es que el albaricoque es una fruta que destaca por su contenido en <strong>vitamina A<\/strong> en forma de betacaroteno, que tiene potentes efectos antioxidantes y que te ayudan a proteger la vista y la piel. Asimismo, destaca por su contenido en <strong>potasio<\/strong>, que contribuye al buen funcionamiento del sistema nervioso y de los m\u00fasculos y <strong>vitamina C<\/strong>, que protege las c\u00e9lulas contra el envejecimiento prematuro.<\/p>\n<p>Aprovecha ahora que el albaricoque perla est\u00e1 en promoci\u00f3n en tu tienda habitual o en la <a href=\"https:\/\/www.ametllerorigen.com\/es\/fruta\/melocotones-y-albaricoques?sc=14\">tienda online<\/a>.<\/p>\n","protected":false},"excerpt":{"rendered":"<p>Lo esper\u00e1bamos con impaciencia, pero ya est\u00e1 aqu\u00ed. \u00a1Nuestro albaricoque perla caracter\u00edstico por su medida peque\u00f1a y concentraci\u00f3n de sabor! Procedente de campos de Lleida es carnoso, muy dulce y arom\u00e1tico. Y es que el albaricoque es una fruta que destaca por su contenido en vitamina A en forma de betacaroteno, que tiene potentes efectos &hellip; <a href=\"https:\/\/www.ametllerorigenwp.com\/es\/nuestro-famoso-albaricoque-perla-ya-esta-aqui\/\" class=\"more-link\">Continuar leyendo<span class=\"screen-reader-text\"> \u00ab\u00a1Nuestro famoso albaricoque perla ya est\u00e1 aqu\u00ed!\u00bb<\/span><\/a><\/p>\n","protected":false},"author":5,"featured_media":11722,"comment_status":"closed","ping_status":"closed","sticky":false,"template":"","format":"standard","meta":{"_uag_custom_page_level_css":"","advgb_blocks_editor_width":"","advgb_blocks_columns_visual_guide":"","footnotes":""},"categories":[1],"tags":[],"class_list":["post-11724","post","type-post","status-publish","format-standard","has-post-thumbnail","hentry","category-noticias"],"author_meta":{"display_name":"Mireia Zaragoza","author_link":"https:\/\/www.ametllerorigenwp.com\/es\/author\/mzaragoza\/"},"featured_img":"https:\/\/www.ametllerorigenwp.com\/wp-content\/uploads\/2024\/05\/IM_APP_PROMO_ALBERCOC_PERLA-300x102.jpg","uagb_featured_image_src":{"full":["https:\/\/www.ametllerorigenwp.com\/wp-content\/uploads\/2024\/05\/IM_APP_PROMO_ALBERCOC_PERLA.jpg",1000,340,false],"thumbnail":["https:\/\/www.ametllerorigenwp.com\/wp-content\/uploads\/2024\/05\/IM_APP_PROMO_ALBERCOC_PERLA-150x150.jpg",150,150,true],"medium":["https:\/\/www.ametllerorigenwp.com\/wp-content\/uploads\/2024\/05\/IM_APP_PROMO_ALBERCOC_PERLA-300x102.jpg",300,102,true],"medium_large":["https:\/\/www.ametllerorigenwp.com\/wp-content\/uploads\/2024\/05\/IM_APP_PROMO_ALBERCOC_PERLA-768x261.jpg",768,261,true],"large":["https:\/\/www.ametllerorigenwp.com\/wp-content\/uploads\/2024\/05\/IM_APP_PROMO_ALBERCOC_PERLA.jpg",840,286,false],"1536x1536":["https:\/\/www.ametllerorigenwp.com\/wp-content\/uploads\/2024\/05\/IM_APP_PROMO_ALBERCOC_PERLA.jpg",1000,340,false],"2048x2048":["https:\/\/www.ametllerorigenwp.com\/wp-content\/uploads\/2024\/05\/IM_APP_PROMO_ALBERCOC_PERLA.jpg",1000,340,false],"post-thumbnail":["https:\/\/www.ametllerorigenwp.com\/wp-content\/uploads\/2024\/05\/IM_APP_PROMO_ALBERCOC_PERLA.jpg",1000,340,false]},"uagb_author_info":{"display_name":"Mireia Zaragoza","author_link":"https:\/\/www.ametllerorigenwp.com\/es\/author\/mzaragoza\/"},"uagb_comment_info":0,"uagb_excerpt":"Lo esper\u00e1bamos con impaciencia, pero ya est\u00e1 aqu\u00ed. \u00a1Nuestro albaricoque perla caracter\u00edstico por su medida peque\u00f1a y concentraci\u00f3n de sabor! Procedente de campos de Lleida es carnoso, muy dulce y arom\u00e1tico. Y es que el albaricoque es una fruta que destaca por su contenido en vitamina A en forma de betacaroteno, que tiene potentes efectos&hellip;","coauthors":[],"tax_additional":{"categories":{"linked":["<a href=\"https:\/\/www.ametllerorigenwp.com\/es\/category\/noticias\/\" class=\"advgb-post-tax-term\">Noticias<\/a>"],"unlinked":["<span class=\"advgb-post-tax-term\">Noticias<\/span>"]}},"comment_count":"0","relative_dates":{"created":"Publicado 2 a\u00f1os hace","modified":"Actualizado 2 a\u00f1os hace"},"absolute_dates":{"created":"Publicado el 16 de mayo de 2024","modified":"Actualizado el 16 de mayo de 2024"},"absolute_dates_time":{"created":"Publicado el 16 de mayo de 2024 08:18","modified":"Actualizado el 16 de mayo de 2024 08:47"},"featured_img_caption":"","series_order":"","show_in_app":true,"fecha_inicio_destacado":null,"hora_inicio_visualizacion":null,"minutos_inicio_visualizacion":null,"fecha_final_destacado":null,"hora_final_visualizacion":null,"minutos_final_visualizacion":null,"posicion_visualizacion":null,"estado_destacado":null,"niveles_destacados":null,"url_del_enlace":null,"banner_destacado":null,"posicion_visualizacion_de_la_noticia":"01","estado_noticia":["Visible"],"fecha_de_inicio_de_visualizacion_del_tutorial":null,"hora_inicio_visualizacion_tutorial":null,"minutos_inicio_visualizacion_tutorial":null,"fecha_de_final_de_visualizacion_del_tutorial":null,"hora_final_visualizacion_tutorial":null,"minutos_final_visualizacion_tutorial":null,"numero_de_veces_visto":null,"numero_de_veces_total":null,"niveles_tutorial":null,"tutorial_recursos_castellano":null,"tutorial_recursos_catalan":null,"dias_disponibles":null,"dias_de_la_semana":null,"dias_del_mes":null,"other_lang_post_id":null,"lang":"es","campanya_descripcion":null,"campanya_fecha_inicio":null,"campanya_fecha_fin":null,"campanya_legales":null,"campanya_imagen":null,"campanya_characteristics":null,"campanya_url":null,"campanya_posicion_visualizacion":null,"campanya_estado":null,"_links":{"self":[{"href":"https:\/\/www.ametllerorigenwp.com\/es\/wp-json\/wp\/v2\/posts\/11724","targetHints":{"allow":["GET"]}}],"collection":[{"href":"https:\/\/www.ametllerorigenwp.com\/es\/wp-json\/wp\/v2\/posts"}],"about":[{"href":"https:\/\/www.ametllerorigenwp.com\/es\/wp-json\/wp\/v2\/types\/post"}],"author":[{"embeddable":true,"href":"https:\/\/www.ametllerorigenwp.com\/es\/wp-json\/wp\/v2\/users\/5"}],"replies":[{"embeddable":true,"href":"https:\/\/www.ametllerorigenwp.com\/es\/wp-json\/wp\/v2\/comments?post=11724"}],"version-history":[{"count":4,"href":"https:\/\/www.ametllerorigenwp.com\/es\/wp-json\/wp\/v2\/posts\/11724\/revisions"}],"predecessor-version":[{"id":11728,"href":"https:\/\/www.ametllerorigenwp.com\/es\/wp-json\/wp\/v2\/posts\/11724\/revisions\/11728"}],"wp:featuredmedia":[{"embeddable":true,"href":"https:\/\/www.ametllerorigenwp.com\/es\/wp-json\/wp\/v2\/media\/11722"}],"wp:attachment":[{"href":"https:\/\/www.ametllerorigenwp.com\/es\/wp-json\/wp\/v2\/media?parent=11724"}],"wp:term":[{"taxonomy":"category","embeddable":true,"href":"https:\/\/www.ametllerorigenwp.com\/es\/wp-json\/wp\/v2\/categories?post=11724"},{"taxonomy":"post_tag","embeddable":true,"href":"https:\/\/www.ametllerorigenwp.com\/es\/wp-json\/wp\/v2\/tags?post=11724"}],"curies":[{"name":"wp","href":"https:\/\/api.w.org\/{rel}","templated":true}]}}