{"id":11735,"date":"2024-05-18T01:00:02","date_gmt":"2024-05-18T01:00:02","guid":{"rendered":"https:\/\/www.ametllerorigenwp.com\/?p=11735"},"modified":"2024-05-16T09:26:45","modified_gmt":"2024-05-16T09:26:45","slug":"los-productos-mas-saludables-de-nuria-coll","status":"publish","type":"post","link":"https:\/\/www.ametllerorigenwp.com\/es\/los-productos-mas-saludables-de-nuria-coll\/","title":{"rendered":"Los productos m\u00e1s saludables de N\u00faria Coll"},"content":{"rendered":"<p>\u00bfQuieres llenar tu despensa de alimentos naturales, ecol\u00f3gicos, sin gluten y libres de aditivos? <strong>Incorporamos en nuestras tiendas la gama de productos Como Como Foods<\/strong>, un proyecto liderado por N\u00faria Coll, con m\u00e1s de 14 a\u00f1os de experiencia en alimentaci\u00f3n saludable, Laura Garcia y Marc Verg\u00e9s.<\/p>\n<p>Podr\u00e1s encontrar <strong>conservas de pescado azul<\/strong>, indispensables para seguir una dieta saludable y rica en nutrientes; as\u00ed como <strong>aperitivos saludables, granolas sin az\u00facar a\u00f1adido<\/strong> y el <strong>k\u00e9tchup preparado con compota de manzana.<\/strong><\/p>\n<p><strong>\u00a0<\/strong><\/p>\n<p><a href=\"https:\/\/www.ametllerorigen.com\/es\/comocomofoods\">\u00a1Desc\u00fabrelos! <\/a><\/p>\n","protected":false},"excerpt":{"rendered":"<p>\u00bfQuieres llenar tu despensa de alimentos naturales, ecol\u00f3gicos, sin gluten y libres de aditivos? Incorporamos en nuestras tiendas la gama de productos Como Como Foods, un proyecto liderado por N\u00faria Coll, con m\u00e1s de 14 a\u00f1os de experiencia en alimentaci\u00f3n saludable, Laura Garcia y Marc Verg\u00e9s. Podr\u00e1s encontrar conservas de pescado azul, indispensables para seguir &hellip; <a href=\"https:\/\/www.ametllerorigenwp.com\/es\/los-productos-mas-saludables-de-nuria-coll\/\" class=\"more-link\">Continuar leyendo<span class=\"screen-reader-text\"> \u00abLos productos m\u00e1s saludables de N\u00faria Coll\u00bb<\/span><\/a><\/p>\n","protected":false},"author":5,"featured_media":11736,"comment_status":"closed","ping_status":"closed","sticky":false,"template":"","format":"standard","meta":{"_uag_custom_page_level_css":"","advgb_blocks_editor_width":"","advgb_blocks_columns_visual_guide":"","footnotes":""},"categories":[1],"tags":[],"class_list":["post-11735","post","type-post","status-publish","format-standard","has-post-thumbnail","hentry","category-noticias"],"author_meta":{"display_name":"Mireia Zaragoza","author_link":"https:\/\/www.ametllerorigenwp.com\/es\/author\/mzaragoza\/"},"featured_img":"https:\/\/www.ametllerorigenwp.com\/wp-content\/uploads\/2024\/05\/B_APP_PROD_COMOCOMO_ES-300x105.jpg","uagb_featured_image_src":{"full":["https:\/\/www.ametllerorigenwp.com\/wp-content\/uploads\/2024\/05\/B_APP_PROD_COMOCOMO_ES.jpg",1422,498,false],"thumbnail":["https:\/\/www.ametllerorigenwp.com\/wp-content\/uploads\/2024\/05\/B_APP_PROD_COMOCOMO_ES-150x150.jpg",150,150,true],"medium":["https:\/\/www.ametllerorigenwp.com\/wp-content\/uploads\/2024\/05\/B_APP_PROD_COMOCOMO_ES-300x105.jpg",300,105,true],"medium_large":["https:\/\/www.ametllerorigenwp.com\/wp-content\/uploads\/2024\/05\/B_APP_PROD_COMOCOMO_ES-768x269.jpg",768,269,true],"large":["https:\/\/www.ametllerorigenwp.com\/wp-content\/uploads\/2024\/05\/B_APP_PROD_COMOCOMO_ES-1024x359.jpg",840,294,true],"1536x1536":["https:\/\/www.ametllerorigenwp.com\/wp-content\/uploads\/2024\/05\/B_APP_PROD_COMOCOMO_ES.jpg",1422,498,false],"2048x2048":["https:\/\/www.ametllerorigenwp.com\/wp-content\/uploads\/2024\/05\/B_APP_PROD_COMOCOMO_ES.jpg",1422,498,false],"post-thumbnail":["https:\/\/www.ametllerorigenwp.com\/wp-content\/uploads\/2024\/05\/B_APP_PROD_COMOCOMO_ES-1200x420.jpg",1200,420,true]},"uagb_author_info":{"display_name":"Mireia Zaragoza","author_link":"https:\/\/www.ametllerorigenwp.com\/es\/author\/mzaragoza\/"},"uagb_comment_info":0,"uagb_excerpt":"\u00bfQuieres llenar tu despensa de alimentos naturales, ecol\u00f3gicos, sin gluten y libres de aditivos? Incorporamos en nuestras tiendas la gama de productos Como Como Foods, un proyecto liderado por N\u00faria Coll, con m\u00e1s de 14 a\u00f1os de experiencia en alimentaci\u00f3n saludable, Laura Garcia y Marc Verg\u00e9s. Podr\u00e1s encontrar conservas de pescado azul, indispensables para seguir&hellip;","coauthors":[],"tax_additional":{"categories":{"linked":["<a href=\"https:\/\/www.ametllerorigenwp.com\/es\/category\/noticias\/\" class=\"advgb-post-tax-term\">Noticias<\/a>"],"unlinked":["<span class=\"advgb-post-tax-term\">Noticias<\/span>"]}},"comment_count":"0","relative_dates":{"created":"Publicado 2 a\u00f1os hace","modified":"Actualizado 2 a\u00f1os hace"},"absolute_dates":{"created":"Publicado el 18 de mayo de 2024","modified":"Actualizado el 16 de mayo de 2024"},"absolute_dates_time":{"created":"Publicado el 18 de mayo de 2024 01:00","modified":"Actualizado el 16 de mayo de 2024 09:26"},"featured_img_caption":"","series_order":"","show_in_app":true,"fecha_inicio_destacado":null,"hora_inicio_visualizacion":null,"minutos_inicio_visualizacion":null,"fecha_final_destacado":null,"hora_final_visualizacion":null,"minutos_final_visualizacion":null,"posicion_visualizacion":null,"estado_destacado":null,"niveles_destacados":null,"url_del_enlace":null,"banner_destacado":null,"posicion_visualizacion_de_la_noticia":"01","estado_noticia":["Visible"],"fecha_de_inicio_de_visualizacion_del_tutorial":null,"hora_inicio_visualizacion_tutorial":null,"minutos_inicio_visualizacion_tutorial":null,"fecha_de_final_de_visualizacion_del_tutorial":null,"hora_final_visualizacion_tutorial":null,"minutos_final_visualizacion_tutorial":null,"numero_de_veces_visto":null,"numero_de_veces_total":null,"niveles_tutorial":null,"tutorial_recursos_castellano":null,"tutorial_recursos_catalan":null,"dias_disponibles":null,"dias_de_la_semana":null,"dias_del_mes":null,"other_lang_post_id":11731,"lang":"es","campanya_descripcion":null,"campanya_fecha_inicio":null,"campanya_fecha_fin":null,"campanya_legales":null,"campanya_imagen":null,"campanya_characteristics":null,"campanya_url":null,"campanya_posicion_visualizacion":null,"campanya_estado":null,"_links":{"self":[{"href":"https:\/\/www.ametllerorigenwp.com\/es\/wp-json\/wp\/v2\/posts\/11735","targetHints":{"allow":["GET"]}}],"collection":[{"href":"https:\/\/www.ametllerorigenwp.com\/es\/wp-json\/wp\/v2\/posts"}],"about":[{"href":"https:\/\/www.ametllerorigenwp.com\/es\/wp-json\/wp\/v2\/types\/post"}],"author":[{"embeddable":true,"href":"https:\/\/www.ametllerorigenwp.com\/es\/wp-json\/wp\/v2\/users\/5"}],"replies":[{"embeddable":true,"href":"https:\/\/www.ametllerorigenwp.com\/es\/wp-json\/wp\/v2\/comments?post=11735"}],"version-history":[{"count":1,"href":"https:\/\/www.ametllerorigenwp.com\/es\/wp-json\/wp\/v2\/posts\/11735\/revisions"}],"predecessor-version":[{"id":11738,"href":"https:\/\/www.ametllerorigenwp.com\/es\/wp-json\/wp\/v2\/posts\/11735\/revisions\/11738"}],"wp:featuredmedia":[{"embeddable":true,"href":"https:\/\/www.ametllerorigenwp.com\/es\/wp-json\/wp\/v2\/media\/11736"}],"wp:attachment":[{"href":"https:\/\/www.ametllerorigenwp.com\/es\/wp-json\/wp\/v2\/media?parent=11735"}],"wp:term":[{"taxonomy":"category","embeddable":true,"href":"https:\/\/www.ametllerorigenwp.com\/es\/wp-json\/wp\/v2\/categories?post=11735"},{"taxonomy":"post_tag","embeddable":true,"href":"https:\/\/www.ametllerorigenwp.com\/es\/wp-json\/wp\/v2\/tags?post=11735"}],"curies":[{"name":"wp","href":"https:\/\/api.w.org\/{rel}","templated":true}]}}